{"id":8733,"date":"2017-07-18T13:47:07","date_gmt":"2017-07-18T13:47:07","guid":{"rendered":"http:\/\/centralmedia.rs\/?p=8733"},"modified":"2017-07-18T13:47:07","modified_gmt":"2017-07-18T13:47:07","slug":"nelegalne-promene-u-udruzenju-poverilaca-fabrike-kablova","status":"publish","type":"post","link":"https:\/\/centralmedia.rs\/index.php\/2017\/07\/18\/nelegalne-promene-u-udruzenju-poverilaca-fabrike-kablova\/","title":{"rendered":",,NELEGALNE\u201c PROMENE U UDRU\u017dENJU POVERILACA FABRIKE KABLOVA?"},"content":{"rendered":"<p>JAGODINA-Biv\u0161i predsednik Udru\u017eenja poverilaca radnika Fabrike kablova Dragan Milanovi\u0107 tvrdi da je nelegaleno smenjen sa te funkcije, na koju imenovan \u010dlan Predsedni\u0161ta tog udru\u017eenja Jovan Markovi\u0107. Udru\u017eenje ima oko 2.000 \u010dlanova i na ra\u010dunu 400 hiljada dinara<\/p>\n<p>-Posle sastanka sa poslovodstvom i sindikatom FKS, Jovica Markovi\u0107 organizovao je moju smenu. On je orgzanizovao sednicu skup\u0161tine udru\u017eenja zbog promene statuta sa 20 prisunih \u010dlanova i gra\u0111ana, odnosno neki nisu \u010dlanovi udru\u017eenja od kojih, za\u0161ta je potrebno prisustvo polovine \u010dlanstva ili u na\u0161em slu\u010daju 1.000 \u010dlanova. Uz pomo\u0107 bukad\u017eija on menja statut i smenjuje mene sa funkcije predsednika, ka\u017ee Milanovi\u0107 i dodaje da je ta grupa gra\u0111ana \u00a0Markovi\u0107a izabrala na toj sednici za predsednika.<\/p>\n<p>Po statutu potrebna je ve\u0107ina \u010dlanova za dono\u0161enje takvih odluka, u ovom slu\u010daju najmanje preko 1.000 \u010dlanova.<\/p>\n<p>-Epilog ove nelegalne smene zavisi\u0107e od \u010dlanova udru\u017eenja i pravosudnih organa, zaklju\u010duje Milanovi\u0107 po \u010dijem je mi\u0161ljenju nelegalna smena izvedena zbog budu\u0107eg sastava Ve\u0107a poverilaca Fabrike kablova u kome to udru\u017eenje treba ima svog predstavnika.<\/p>\n","protected":false},"excerpt":{"rendered":"<p>JAGODINA-Biv\u0161i predsednik Udru\u017eenja poverilaca radnika Fabrike kablova Dragan Milanovi\u0107 tvrdi da je nelegaleno smenjen sa te funkcije, na koju imenovan \u010dlan Predsedni\u0161ta tog udru\u017eenja Jovan &hellip; <\/p>\n","protected":false},"author":4,"featured_media":7133,"comment_status":"open","ping_status":"open","sticky":false,"template":"","format":"standard","meta":{"footnotes":""},"categories":[14,1524,2,1514,12],"tags":[58,2141,2140],"_links":{"self":[{"href":"https:\/\/centralmedia.rs\/index.php\/wp-json\/wp\/v2\/posts\/8733"}],"collection":[{"href":"https:\/\/centralmedia.rs\/index.php\/wp-json\/wp\/v2\/posts"}],"about":[{"href":"https:\/\/centralmedia.rs\/index.php\/wp-json\/wp\/v2\/types\/post"}],"author":[{"embeddable":true,"href":"https:\/\/centralmedia.rs\/index.php\/wp-json\/wp\/v2\/users\/4"}],"replies":[{"embeddable":true,"href":"https:\/\/centralmedia.rs\/index.php\/wp-json\/wp\/v2\/comments?post=8733"}],"version-history":[{"count":0,"href":"https:\/\/centralmedia.rs\/index.php\/wp-json\/wp\/v2\/posts\/8733\/revisions"}],"wp:featuredmedia":[{"embeddable":true,"href":"https:\/\/centralmedia.rs\/index.php\/wp-json\/wp\/v2\/media\/7133"}],"wp:attachment":[{"href":"https:\/\/centralmedia.rs\/index.php\/wp-json\/wp\/v2\/media?parent=8733"}],"wp:term":[{"taxonomy":"category","embeddable":true,"href":"https:\/\/centralmedia.rs\/index.php\/wp-json\/wp\/v2\/categories?post=8733"},{"taxonomy":"post_tag","embeddable":true,"href":"https:\/\/centralmedia.rs\/index.php\/wp-json\/wp\/v2\/tags?post=8733"}],"curies":[{"name":"wp","href":"https:\/\/api.w.org\/{rel}","templated":true}]}}