{"id":8749,"date":"2017-07-19T14:21:05","date_gmt":"2017-07-19T14:21:05","guid":{"rendered":"http:\/\/centralmedia.rs\/?p=8749"},"modified":"2017-07-19T14:21:05","modified_gmt":"2017-07-19T14:21:05","slug":"moto-skup-energija-fest-u-paracinu","status":"publish","type":"post","link":"https:\/\/centralmedia.rs\/index.php\/2017\/07\/19\/moto-skup-energija-fest-u-paracinu\/","title":{"rendered":"MOTO SKUP I ENERGIJA FEST U PARA\u0106INU"},"content":{"rendered":"<p>PARA\u0106IN-Narednog vikenda, od 21. do 23. jula, u Para\u0107inu \u0107e, na prostoru biv\u0161e kasarne, biti odr\u017ean 11. Moto skup. Prve ve\u010deri, u petak, nastupi\u0107e Gama zrak iz Kraljeva, Metro iz Para\u0107ina, Gale i Najda i jagodinski bend Kreativna zona. Drugog dana, posle tradicionalnog defilea gradom i zabavnih bajkerskih igara, sledi rok svirka i nastupi beogradskih bendova &#8211; Benda X, Kvin i Proroka.Tre\u0107eg, ujedno i poslednjeg dana Moto skupa, iz Para\u0107ina kre\u0107e moto reli, u organizaciji Moto asocijacije Srbije. Organizatori skupa su Moto klub &#8220;Beli an\u0111eli&#8221;, u saradnji sa Turisti\u010dkom organizacijom, pod pokroviteljstvom op\u0161tine Para\u0107in.\u00a0<a href=\"https:\/\/centralmedia.rs\/wp-content\/uploads\/2017\/07\/energija-poster.jpg\"><img loading=\"lazy\" decoding=\"async\" class=\"aligncenter size-large wp-image-8751\" src=\"https:\/\/centralmedia.rs\/wp-content\/uploads\/2017\/07\/energija-poster-668x1024.jpg\" alt=\"\" width=\"640\" height=\"981\" srcset=\"https:\/\/centralmedia.rs\/wp-content\/uploads\/2017\/07\/energija-poster-668x1024.jpg 668w, https:\/\/centralmedia.rs\/wp-content\/uploads\/2017\/07\/energija-poster-196x300.jpg 196w, https:\/\/centralmedia.rs\/wp-content\/uploads\/2017\/07\/energija-poster-768x1178.jpg 768w\" sizes=\"(max-width: 640px) 100vw, 640px\" \/><\/a>Poslednjeg vikenda jula, u Para\u0107inu \u0107e biti odr\u017ean i prvi Festival elektronske muzike &#8220;Energija fest&#8221;, u organizaciji Udru\u017eenja &#8220;Ful haus&#8221;. Organizaciju jedinog festivala tog tipa u Pomoravskom okrugu i \u0161ire, podr\u017eali su op\u0161tina Para\u0107in i Dom omladine, u cilju da se mladim Para\u0107incima i omladini iz \u0161ireg okru\u017eenja ponudi druga\u010diji muzi\u010dki sadr\u017eaj od onog na koji su navikli. To je prilika za promociju i ostalih potencijali para\u0107inske op\u0161tine, kao i mogu\u0107nost da se Festival ubudu\u0107e razvije, pove\u0107a svoje kapacitete u smislu nastupa zna\u010dajnih doma\u0107ih i inostranih muzi\u010dkih imena, broja bina, trajanja, postane samoodr\u017eiv i prepoznatljiv. Dvodnevni muzi\u010dki Festival \u0107e biti odr\u017ean 28. i 29. jula, na prostoru biv\u0161e kasarne. Prve ve\u010deri nastupaju ne\u0161to komercijalnija imena, druge \u0107e se slu\u0161ati tehno.<\/p>\n<p>&nbsp;<\/p>\n","protected":false},"excerpt":{"rendered":"<p>PARA\u0106IN-Narednog vikenda, od 21. do 23. jula, u Para\u0107inu \u0107e, na prostoru biv\u0161e kasarne, biti odr\u017ean 11. Moto skup. Prve ve\u010deri, u petak, nastupi\u0107e Gama &hellip; <\/p>\n","protected":false},"author":4,"featured_media":8750,"comment_status":"open","ping_status":"open","sticky":false,"template":"","format":"standard","meta":{"footnotes":""},"categories":[1524,2,1516,887,16,12],"tags":[2146,2058,156],"_links":{"self":[{"href":"https:\/\/centralmedia.rs\/index.php\/wp-json\/wp\/v2\/posts\/8749"}],"collection":[{"href":"https:\/\/centralmedia.rs\/index.php\/wp-json\/wp\/v2\/posts"}],"about":[{"href":"https:\/\/centralmedia.rs\/index.php\/wp-json\/wp\/v2\/types\/post"}],"author":[{"embeddable":true,"href":"https:\/\/centralmedia.rs\/index.php\/wp-json\/wp\/v2\/users\/4"}],"replies":[{"embeddable":true,"href":"https:\/\/centralmedia.rs\/index.php\/wp-json\/wp\/v2\/comments?post=8749"}],"version-history":[{"count":0,"href":"https:\/\/centralmedia.rs\/index.php\/wp-json\/wp\/v2\/posts\/8749\/revisions"}],"wp:featuredmedia":[{"embeddable":true,"href":"https:\/\/centralmedia.rs\/index.php\/wp-json\/wp\/v2\/media\/8750"}],"wp:attachment":[{"href":"https:\/\/centralmedia.rs\/index.php\/wp-json\/wp\/v2\/media?parent=8749"}],"wp:term":[{"taxonomy":"category","embeddable":true,"href":"https:\/\/centralmedia.rs\/index.php\/wp-json\/wp\/v2\/categories?post=8749"},{"taxonomy":"post_tag","embeddable":true,"href":"https:\/\/centralmedia.rs\/index.php\/wp-json\/wp\/v2\/tags?post=8749"}],"curies":[{"name":"wp","href":"https:\/\/api.w.org\/{rel}","templated":true}]}}