{"id":8763,"date":"2017-07-20T23:48:04","date_gmt":"2017-07-20T23:48:04","guid":{"rendered":"http:\/\/centralmedia.rs\/?p=8763"},"modified":"2017-07-20T23:48:04","modified_gmt":"2017-07-20T23:48:04","slug":"nova-atletska-zvezda-iz-cuprije-na-evropskom-nebu-prijem-atleticara-kod-predsednika-opstine","status":"publish","type":"post","link":"https:\/\/centralmedia.rs\/index.php\/2017\/07\/20\/nova-atletska-zvezda-iz-cuprije-na-evropskom-nebu-prijem-atleticara-kod-predsednika-opstine\/","title":{"rendered":"NOVA ATLETSKA ZVEZDA IZ \u0106UPRIJE NA EVROPSKOM NEBU-PRIJEM ATLETI\u010cARA KOD PREDSEDNIKA OP\u0160TINE"},"content":{"rendered":"<p>\u0106UPRIJA-Atleti\u010dare AK Morava danas je primio predsednik op\u0161tine \u0106uprija Ninoslav Eri\u0107. Povod je u\u010de\u0161\u0107e Alekse Milanovi\u0107a na Evropskom olimpijskom festivalu mladih u \u0110eru u Ma\u0111arskoj, gde \u0107e u ponedeljak tr\u010dati kvalifikacionu trku na 1500 metara. Razlog za prijem su mnogobrojne medalje mladih atleti\u010dara iz \u0106uprije koji imaju najbolje takmi\u010dare u Srbiji, a rezultati su najbolji od osnivanja kluba.<a href=\"https:\/\/centralmedia.rs\/wp-content\/uploads\/2017\/07\/prijem-1.jpg\"><img loading=\"lazy\" decoding=\"async\" class=\"alignright size-medium wp-image-8765\" src=\"https:\/\/centralmedia.rs\/wp-content\/uploads\/2017\/07\/prijem-1-300x292.jpg\" alt=\"\" width=\"300\" height=\"292\" srcset=\"https:\/\/centralmedia.rs\/wp-content\/uploads\/2017\/07\/prijem-1-300x292.jpg 300w, https:\/\/centralmedia.rs\/wp-content\/uploads\/2017\/07\/prijem-1.jpg 449w\" sizes=\"(max-width: 300px) 100vw, 300px\" \/><\/a><\/p>\n<p>-Voleo bih da se izborim za u\u010de\u0161\u0107e u finalu i da istri\u010dim svoje najbolje vreme. Ove sezone osvojio sam 8 medalja na nacionalnim prvenstvima, a od toga 2 zlata, rekao je Milanovi\u0107.<\/p>\n<p>On \u0107e u\u010destvovati na najve\u0107em sportskom takmi\u010denju mladih u Evropi,a \u010diji je pokrovitel\u0458 Me\u0111unarodni olimpijski komitet. Ninoslav Eri\u0107,predsednik op\u0161tine \u0106uprija i Vladimir Vasil\u0458evi\u0107, \u010dlan Op\u0161tinskog ve\u0107a \u00a0po\u017eeleli su Milanovi\u0107u\u00a0puno uspeha.<\/p>\n<p>-\u0106uprija \u0107e u naredne dve godine dobiti reprezentativnu atletsku dvoranu, jedinstvenu na ovim prostorima ali pored materijalnih uslova i infrastrukture \u0106uprija ima obavezu da ula\u017ee i u svoje mlade atletske dragul\u0458e. To je dug prema nekada\u0161njim atletskim \u0161ampionima ali i ulaganje u nove \u010diji je Aleksa predvodnik, rekao je Eri\u0107 i dodao da \u0107e za realizaciju projekta animirati Atletski savez Srbije, Svetsku atletsku federaciju, Vladu Srbije, ministarstava, jer je re\u010d o centru za pripreme mladih atleti\u010dara na Balkanu.<\/p>\n<p>Dragan Zdravkovi\u0107 trener OAK Morava obe\u0107ao je da \u0107e atleti\u010dari na podr\u0161ku odgovoriti novim rekordima i medal\u0458ama. Aleksa Milanovi\u0107 je prvi \u0107uprijski atleti\u010dar posle Sne\u017eane Pajki\u0107 koji u\u010destvuje na velikom evropskom atletskom takmi\u010denju.<\/p>\n<p>&nbsp;<\/p>\n","protected":false},"excerpt":{"rendered":"<p>\u0106UPRIJA-Atleti\u010dare AK Morava danas je primio predsednik op\u0161tine \u0106uprija Ninoslav Eri\u0107. Povod je u\u010de\u0161\u0107e Alekse Milanovi\u0107a na Evropskom olimpijskom festivalu mladih u \u0110eru u Ma\u0111arskoj, &hellip; <\/p>\n","protected":false},"author":4,"featured_media":8764,"comment_status":"open","ping_status":"open","sticky":false,"template":"","format":"standard","meta":{"footnotes":""},"categories":[1515,1524,2,887,21],"tags":[48,44],"_links":{"self":[{"href":"https:\/\/centralmedia.rs\/index.php\/wp-json\/wp\/v2\/posts\/8763"}],"collection":[{"href":"https:\/\/centralmedia.rs\/index.php\/wp-json\/wp\/v2\/posts"}],"about":[{"href":"https:\/\/centralmedia.rs\/index.php\/wp-json\/wp\/v2\/types\/post"}],"author":[{"embeddable":true,"href":"https:\/\/centralmedia.rs\/index.php\/wp-json\/wp\/v2\/users\/4"}],"replies":[{"embeddable":true,"href":"https:\/\/centralmedia.rs\/index.php\/wp-json\/wp\/v2\/comments?post=8763"}],"version-history":[{"count":0,"href":"https:\/\/centralmedia.rs\/index.php\/wp-json\/wp\/v2\/posts\/8763\/revisions"}],"wp:featuredmedia":[{"embeddable":true,"href":"https:\/\/centralmedia.rs\/index.php\/wp-json\/wp\/v2\/media\/8764"}],"wp:attachment":[{"href":"https:\/\/centralmedia.rs\/index.php\/wp-json\/wp\/v2\/media?parent=8763"}],"wp:term":[{"taxonomy":"category","embeddable":true,"href":"https:\/\/centralmedia.rs\/index.php\/wp-json\/wp\/v2\/categories?post=8763"},{"taxonomy":"post_tag","embeddable":true,"href":"https:\/\/centralmedia.rs\/index.php\/wp-json\/wp\/v2\/tags?post=8763"}],"curies":[{"name":"wp","href":"https:\/\/api.w.org\/{rel}","templated":true}]}}