{"id":8802,"date":"2017-07-23T21:55:40","date_gmt":"2017-07-23T21:55:40","guid":{"rendered":"http:\/\/centralmedia.rs\/?p=8802"},"modified":"2017-07-23T21:55:40","modified_gmt":"2017-07-23T21:55:40","slug":"mosti-tumanskih-svetitelja-u-cupriji-paracinu","status":"publish","type":"post","link":"https:\/\/centralmedia.rs\/index.php\/2017\/07\/23\/mosti-tumanskih-svetitelja-u-cupriji-paracinu\/","title":{"rendered":"MO\u0160TI TUMANSKIH SVETITELJA U \u0106UPRIJI I PARA\u0106INU"},"content":{"rendered":"<p>\u0106UPRIJA-PARA\u0106IN-Mo\u0161ti Sv. Zosima i Jakova, tumanskih svetitelja, sve\u010dano su danas do\u010dekane u crkvenim hramovima \u00a0Para\u0107inu i \u0106upriji. Stotine vernika do\u010dekali su mo\u0161ti svetih otaca Zosima i Jakova i posle \u00a0liturgije im se poklonili i celivali. Re\u010d je o litiji svetih mo\u0161tiju brani\u010devskom eperhijom koja je zapo\u010dela u Para\u0107inu i \u0106upriji traja\u0107e do kraja avgusta.<a href=\"https:\/\/centralmedia.rs\/wp-content\/uploads\/2017\/07\/cuprija-1.jpg\"><img loading=\"lazy\" decoding=\"async\" class=\"aligncenter size-full wp-image-8804\" src=\"https:\/\/centralmedia.rs\/wp-content\/uploads\/2017\/07\/cuprija-1.jpg\" alt=\"\" width=\"960\" height=\"720\" srcset=\"https:\/\/centralmedia.rs\/wp-content\/uploads\/2017\/07\/cuprija-1.jpg 960w, https:\/\/centralmedia.rs\/wp-content\/uploads\/2017\/07\/cuprija-1-300x225.jpg 300w, https:\/\/centralmedia.rs\/wp-content\/uploads\/2017\/07\/cuprija-1-768x576.jpg 768w, https:\/\/centralmedia.rs\/wp-content\/uploads\/2017\/07\/cuprija-1-80x60.jpg 80w, https:\/\/centralmedia.rs\/wp-content\/uploads\/2017\/07\/cuprija-1-265x198.jpg 265w\" sizes=\"(max-width: 960px) 100vw, 960px\" \/><\/a><\/p>\n<p>-Cilj Litije je da se blagoslov gospodnji putem mo\u0161tiju ova dva velika svetitelja na\u0161e crkve, svetog Zosima Tumanskog i svetog Jakova Novog Tumanskog, pro\u0161iri na sve gradove i njihove stanovnike gde \u0107e ona pro\u0107i. Mnoga \u010duda su se dogodila nad ovim mo\u0161tima i \u017eelimo da blagodat bo\u017eiju koja se preko njih pru\u017ea osete \u00a0verni \u0161irom na\u0161e eparhije, rekao je iguman manastira Tuman Dimitrije.<\/p>\n<div id='gallery-1' class='gallery galleryid-8802 gallery-columns-2 gallery-size-full'><figure class='gallery-item'>\n\t\t\t<div class='gallery-icon landscape'>\n\t\t\t\t<a href='https:\/\/centralmedia.rs\/index.php\/2017\/07\/23\/mosti-tumanskih-svetitelja-u-cupriji-paracinu\/paracin-10\/'><img loading=\"lazy\" decoding=\"async\" width=\"960\" height=\"720\" src=\"https:\/\/centralmedia.rs\/wp-content\/uploads\/2017\/07\/paracin.jpg\" class=\"attachment-full size-full\" alt=\"\" srcset=\"https:\/\/centralmedia.rs\/wp-content\/uploads\/2017\/07\/paracin.jpg 960w, https:\/\/centralmedia.rs\/wp-content\/uploads\/2017\/07\/paracin-300x225.jpg 300w, https:\/\/centralmedia.rs\/wp-content\/uploads\/2017\/07\/paracin-768x576.jpg 768w, https:\/\/centralmedia.rs\/wp-content\/uploads\/2017\/07\/paracin-80x60.jpg 80w, https:\/\/centralmedia.rs\/wp-content\/uploads\/2017\/07\/paracin-265x198.jpg 265w\" sizes=\"(max-width: 960px) 100vw, 960px\" \/><\/a>\n\t\t\t<\/div><\/figure><figure class='gallery-item'>\n\t\t\t<div class='gallery-icon landscape'>\n\t\t\t\t<a href='https:\/\/centralmedia.rs\/index.php\/2017\/07\/23\/mosti-tumanskih-svetitelja-u-cupriji-paracinu\/paracin-1-4\/'><img loading=\"lazy\" decoding=\"async\" width=\"960\" height=\"720\" src=\"https:\/\/centralmedia.rs\/wp-content\/uploads\/2017\/07\/paracin-1.jpg\" class=\"attachment-full size-full\" alt=\"\" srcset=\"https:\/\/centralmedia.rs\/wp-content\/uploads\/2017\/07\/paracin-1.jpg 960w, https:\/\/centralmedia.rs\/wp-content\/uploads\/2017\/07\/paracin-1-300x225.jpg 300w, https:\/\/centralmedia.rs\/wp-content\/uploads\/2017\/07\/paracin-1-768x576.jpg 768w, https:\/\/centralmedia.rs\/wp-content\/uploads\/2017\/07\/paracin-1-80x60.jpg 80w, https:\/\/centralmedia.rs\/wp-content\/uploads\/2017\/07\/paracin-1-265x198.jpg 265w\" sizes=\"(max-width: 960px) 100vw, 960px\" \/><\/a>\n\t\t\t<\/div><\/figure>\n\t\t<\/div>\n\n<p>Litija se odr\u017eava uz blagoslov episkopa brani\u010devskog Ignatija\u00a0i stare\u0161ine manastira Tuman Igumana Dimitrija. Litija mo\u0161tiju 3 avgusa \u00a0bi\u0107e u Despotovcu od 19 \u010dasova.<\/p>\n<p>&nbsp;<\/p>\n","protected":false},"excerpt":{"rendered":"<p>\u0106UPRIJA-PARA\u0106IN-Mo\u0161ti Sv. Zosima i Jakova, tumanskih svetitelja, sve\u010dano su danas do\u010dekane u crkvenim hramovima \u00a0Para\u0107inu i \u0106upriji. Stotine vernika do\u010dekali su mo\u0161ti svetih otaca Zosima &hellip; <\/p>\n","protected":false},"author":4,"featured_media":8803,"comment_status":"open","ping_status":"open","sticky":false,"template":"","format":"standard","meta":{"footnotes":""},"categories":[1515,14,1524,2,1516,887,12],"tags":[44,156,2159],"_links":{"self":[{"href":"https:\/\/centralmedia.rs\/index.php\/wp-json\/wp\/v2\/posts\/8802"}],"collection":[{"href":"https:\/\/centralmedia.rs\/index.php\/wp-json\/wp\/v2\/posts"}],"about":[{"href":"https:\/\/centralmedia.rs\/index.php\/wp-json\/wp\/v2\/types\/post"}],"author":[{"embeddable":true,"href":"https:\/\/centralmedia.rs\/index.php\/wp-json\/wp\/v2\/users\/4"}],"replies":[{"embeddable":true,"href":"https:\/\/centralmedia.rs\/index.php\/wp-json\/wp\/v2\/comments?post=8802"}],"version-history":[{"count":0,"href":"https:\/\/centralmedia.rs\/index.php\/wp-json\/wp\/v2\/posts\/8802\/revisions"}],"wp:featuredmedia":[{"embeddable":true,"href":"https:\/\/centralmedia.rs\/index.php\/wp-json\/wp\/v2\/media\/8803"}],"wp:attachment":[{"href":"https:\/\/centralmedia.rs\/index.php\/wp-json\/wp\/v2\/media?parent=8802"}],"wp:term":[{"taxonomy":"category","embeddable":true,"href":"https:\/\/centralmedia.rs\/index.php\/wp-json\/wp\/v2\/categories?post=8802"},{"taxonomy":"post_tag","embeddable":true,"href":"https:\/\/centralmedia.rs\/index.php\/wp-json\/wp\/v2\/tags?post=8802"}],"curies":[{"name":"wp","href":"https:\/\/api.w.org\/{rel}","templated":true}]}}