{"id":8817,"date":"2017-07-25T13:44:35","date_gmt":"2017-07-25T13:44:35","guid":{"rendered":"http:\/\/centralmedia.rs\/?p=8817"},"modified":"2017-07-25T13:44:35","modified_gmt":"2017-07-25T13:44:35","slug":"odrzan-koncert-marinka-rokvica-u-svilajncu","status":"publish","type":"post","link":"https:\/\/centralmedia.rs\/index.php\/2017\/07\/25\/odrzan-koncert-marinka-rokvica-u-svilajncu\/","title":{"rendered":"ODR\u017dAN KONCERT MARINKA ROKVI\u0106A U SVILAJNCU"},"content":{"rendered":"<p>SVILAJNAC-U okviru Kulturno-zabavnog leta u Svilajncu, na Trgu Stevana Sin\u0111eli\u0107a, pred mnogobrojnom publikom nastupio je Marinko Rokvi\u0107.<\/p>\n<div id='gallery-1' class='gallery galleryid-8817 gallery-columns-2 gallery-size-full'><figure class='gallery-item'>\n\t\t\t<div class='gallery-icon landscape'>\n\t\t\t\t<a href='https:\/\/centralmedia.rs\/index.php\/2017\/07\/25\/odrzan-koncert-marinka-rokvica-u-svilajncu\/koncert-2\/'><img loading=\"lazy\" decoding=\"async\" width=\"960\" height=\"640\" src=\"https:\/\/centralmedia.rs\/wp-content\/uploads\/2017\/07\/koncert.jpg\" class=\"attachment-full size-full\" alt=\"\" srcset=\"https:\/\/centralmedia.rs\/wp-content\/uploads\/2017\/07\/koncert.jpg 960w, https:\/\/centralmedia.rs\/wp-content\/uploads\/2017\/07\/koncert-300x200.jpg 300w, https:\/\/centralmedia.rs\/wp-content\/uploads\/2017\/07\/koncert-768x512.jpg 768w\" sizes=\"(max-width: 960px) 100vw, 960px\" \/><\/a>\n\t\t\t<\/div><\/figure><figure class='gallery-item'>\n\t\t\t<div class='gallery-icon landscape'>\n\t\t\t\t<a href='https:\/\/centralmedia.rs\/index.php\/2017\/07\/25\/odrzan-koncert-marinka-rokvica-u-svilajncu\/koncert-2-2\/'><img loading=\"lazy\" decoding=\"async\" width=\"960\" height=\"640\" src=\"https:\/\/centralmedia.rs\/wp-content\/uploads\/2017\/07\/koncert-2.jpg\" class=\"attachment-full size-full\" alt=\"\" srcset=\"https:\/\/centralmedia.rs\/wp-content\/uploads\/2017\/07\/koncert-2.jpg 960w, https:\/\/centralmedia.rs\/wp-content\/uploads\/2017\/07\/koncert-2-300x200.jpg 300w, https:\/\/centralmedia.rs\/wp-content\/uploads\/2017\/07\/koncert-2-768x512.jpg 768w\" sizes=\"(max-width: 960px) 100vw, 960px\" \/><\/a>\n\t\t\t<\/div><\/figure>\n\t\t<\/div>\n\n","protected":false},"excerpt":{"rendered":"<p>SVILAJNAC-U okviru Kulturno-zabavnog leta u Svilajncu, na Trgu Stevana Sin\u0111eli\u0107a, pred mnogobrojnom publikom nastupio je Marinko Rokvi\u0107.<\/p>\n","protected":false},"author":4,"featured_media":8818,"comment_status":"open","ping_status":"open","sticky":false,"template":"","format":"standard","meta":{"footnotes":""},"categories":[1524,2,887,1517],"tags":[2135,38],"_links":{"self":[{"href":"https:\/\/centralmedia.rs\/index.php\/wp-json\/wp\/v2\/posts\/8817"}],"collection":[{"href":"https:\/\/centralmedia.rs\/index.php\/wp-json\/wp\/v2\/posts"}],"about":[{"href":"https:\/\/centralmedia.rs\/index.php\/wp-json\/wp\/v2\/types\/post"}],"author":[{"embeddable":true,"href":"https:\/\/centralmedia.rs\/index.php\/wp-json\/wp\/v2\/users\/4"}],"replies":[{"embeddable":true,"href":"https:\/\/centralmedia.rs\/index.php\/wp-json\/wp\/v2\/comments?post=8817"}],"version-history":[{"count":0,"href":"https:\/\/centralmedia.rs\/index.php\/wp-json\/wp\/v2\/posts\/8817\/revisions"}],"wp:featuredmedia":[{"embeddable":true,"href":"https:\/\/centralmedia.rs\/index.php\/wp-json\/wp\/v2\/media\/8818"}],"wp:attachment":[{"href":"https:\/\/centralmedia.rs\/index.php\/wp-json\/wp\/v2\/media?parent=8817"}],"wp:term":[{"taxonomy":"category","embeddable":true,"href":"https:\/\/centralmedia.rs\/index.php\/wp-json\/wp\/v2\/categories?post=8817"},{"taxonomy":"post_tag","embeddable":true,"href":"https:\/\/centralmedia.rs\/index.php\/wp-json\/wp\/v2\/tags?post=8817"}],"curies":[{"name":"wp","href":"https:\/\/api.w.org\/{rel}","templated":true}]}}