{"id":8841,"date":"2017-07-26T14:22:01","date_gmt":"2017-07-26T14:22:01","guid":{"rendered":"http:\/\/centralmedia.rs\/?p=8841"},"modified":"2017-07-26T14:25:42","modified_gmt":"2017-07-26T14:25:42","slug":"spektakularni-avgust-u-svilajncu-dejan-petrovic-big-bend-vlatko-stefanovski-una-saga-serbica-divanhana","status":"publish","type":"post","link":"https:\/\/centralmedia.rs\/index.php\/2017\/07\/26\/spektakularni-avgust-u-svilajncu-dejan-petrovic-big-bend-vlatko-stefanovski-una-saga-serbica-divanhana\/","title":{"rendered":"SPEKTAKULARNI AVGUST U SVILAJNCU &#8211; DEJAN PETROVI\u0106 I BIG BEND, VLATKO STEFANOVSKI, UNA SAGA SERBICA, DIVANHANA"},"content":{"rendered":"<p>SVILAJNAC-U Svilajncu u avgustu iz dana u dan niz spektakularnih doga\u0111aja i koncerata, Dejan Petrovi\u0107 i Big bend, Una saga Serbica, Jelena Ba\u010di\u0107 Alimpi\u0107, Divanhana i Vlatko Stefanovski. U utorak 1. avgusta koncert \u00a0Dejana Petrovi\u0107 i Big bend, u petak 4. avgusta otvaranje izlo\u017ebe Verice Jankovi\u0107, 4.5. i 6. avgust MOTO SKUP u organizaciji MK &#8220;Kraljevi slobode&#8221;.<\/p>\n<div id='gallery-1' class='gallery galleryid-8841 gallery-columns-5 gallery-size-thumbnail'><figure class='gallery-item'>\n\t\t\t<div class='gallery-icon landscape'>\n\t\t\t\t<a href='https:\/\/centralmedia.rs\/index.php\/2017\/07\/26\/spektakularni-avgust-u-svilajncu-dejan-petrovic-big-bend-vlatko-stefanovski-una-saga-serbica-divanhana\/vlatko\/'><img loading=\"lazy\" decoding=\"async\" width=\"150\" height=\"150\" src=\"https:\/\/centralmedia.rs\/wp-content\/uploads\/2017\/07\/vlatko-150x150.jpg\" class=\"attachment-thumbnail size-thumbnail\" alt=\"\" \/><\/a>\n\t\t\t<\/div><\/figure><figure class='gallery-item'>\n\t\t\t<div class='gallery-icon portrait'>\n\t\t\t\t<a href='https:\/\/centralmedia.rs\/index.php\/2017\/07\/26\/spektakularni-avgust-u-svilajncu-dejan-petrovic-big-bend-vlatko-stefanovski-una-saga-serbica-divanhana\/alimpic\/'><img loading=\"lazy\" decoding=\"async\" width=\"150\" height=\"150\" src=\"https:\/\/centralmedia.rs\/wp-content\/uploads\/2017\/07\/alimpic-150x150.jpg\" class=\"attachment-thumbnail size-thumbnail\" alt=\"\" \/><\/a>\n\t\t\t<\/div><\/figure><figure class='gallery-item'>\n\t\t\t<div class='gallery-icon portrait'>\n\t\t\t\t<a href='https:\/\/centralmedia.rs\/index.php\/2017\/07\/26\/spektakularni-avgust-u-svilajncu-dejan-petrovic-big-bend-vlatko-stefanovski-una-saga-serbica-divanhana\/folklor\/'><img loading=\"lazy\" decoding=\"async\" width=\"150\" height=\"150\" src=\"https:\/\/centralmedia.rs\/wp-content\/uploads\/2017\/07\/folklor-150x150.jpg\" class=\"attachment-thumbnail size-thumbnail\" alt=\"\" \/><\/a>\n\t\t\t<\/div><\/figure><figure class='gallery-item'>\n\t\t\t<div class='gallery-icon landscape'>\n\t\t\t\t<a href='https:\/\/centralmedia.rs\/index.php\/2017\/07\/26\/spektakularni-avgust-u-svilajncu-dejan-petrovic-big-bend-vlatko-stefanovski-una-saga-serbica-divanhana\/folk\/'><img loading=\"lazy\" decoding=\"async\" width=\"150\" height=\"150\" src=\"https:\/\/centralmedia.rs\/wp-content\/uploads\/2017\/07\/folk-150x150.jpg\" class=\"attachment-thumbnail size-thumbnail\" alt=\"\" \/><\/a>\n\t\t\t<\/div><\/figure><figure class='gallery-item'>\n\t\t\t<div class='gallery-icon landscape'>\n\t\t\t\t<a href='https:\/\/centralmedia.rs\/index.php\/2017\/07\/26\/spektakularni-avgust-u-svilajncu-dejan-petrovic-big-bend-vlatko-stefanovski-una-saga-serbica-divanhana\/dani\/'><img loading=\"lazy\" decoding=\"async\" width=\"150\" height=\"150\" src=\"https:\/\/centralmedia.rs\/wp-content\/uploads\/2017\/07\/dani-150x150.png\" class=\"attachment-thumbnail size-thumbnail\" alt=\"\" \/><\/a>\n\t\t\t<\/div><\/figure>\n\t\t<\/div>\n\n<p>&#8211; Otvaranje &#8220;Sin\u0111eli\u0107evih dana&#8221; je u ponedeljak 7. avgusta i to \u00a0atraktivnim plesnim spektaklom &#8220;Igre i zvuci Balkana&#8221; u izvo\u0111enju grupe UNA SAGA SERBICA. Dan kasnije je promocija knjige Gojka Zori\u0107a &#8220;Stevan Sin\u0111eli\u0107, potomstvo u \u010dast legendarnom junaku, zatim u sredu knji\u017eevni susret sa Jelenom Ba\u010di\u0107 Alimpi\u0107. U \u010detvrtak i petak su koncerti grupe sarajevskog &#8220;rok-sevdah&#8221; benda &#8220;DIVANHANA&#8221; KUD &#8220;SIN\u0110ELI\u0106&#8221;, stoji u saop\u0161tenju tog centra.<br \/>\nU subotu 12. Avgusta je zatvaranje manifestacije &#8220;Sin\u0111eli\u0107evi dani&#8221; i koncert Vlatka Stefanovskog. Za nedelju je predvi\u0111eno odr\u017eavanje 13. Gula\u0161ijada u Svilajncu. Predsednik \u017eirija bi\u0107e jedan od najpoznatijih \u0161efova kuhinje Stambol Ge\u0161tmov.<a href=\"https:\/\/centralmedia.rs\/wp-content\/uploads\/2017\/07\/gulasijada.jpg\"><img loading=\"lazy\" decoding=\"async\" class=\"aligncenter size-full wp-image-8848\" src=\"https:\/\/centralmedia.rs\/wp-content\/uploads\/2017\/07\/gulasijada.jpg\" alt=\"\" width=\"480\" height=\"680\" srcset=\"https:\/\/centralmedia.rs\/wp-content\/uploads\/2017\/07\/gulasijada.jpg 480w, https:\/\/centralmedia.rs\/wp-content\/uploads\/2017\/07\/gulasijada-212x300.jpg 212w\" sizes=\"(max-width: 480px) 100vw, 480px\" \/><\/a><\/p>\n","protected":false},"excerpt":{"rendered":"<p>SVILAJNAC-U Svilajncu u avgustu iz dana u dan niz spektakularnih doga\u0111aja i koncerata, Dejan Petrovi\u0107 i Big bend, Una saga Serbica, Jelena Ba\u010di\u0107 Alimpi\u0107, Divanhana &hellip; <\/p>\n","protected":false},"author":4,"featured_media":8850,"comment_status":"open","ping_status":"open","sticky":false,"template":"","format":"standard","meta":{"footnotes":""},"categories":[1524,2,887,16,12,1517],"tags":[2171,38,2173,2172],"_links":{"self":[{"href":"https:\/\/centralmedia.rs\/index.php\/wp-json\/wp\/v2\/posts\/8841"}],"collection":[{"href":"https:\/\/centralmedia.rs\/index.php\/wp-json\/wp\/v2\/posts"}],"about":[{"href":"https:\/\/centralmedia.rs\/index.php\/wp-json\/wp\/v2\/types\/post"}],"author":[{"embeddable":true,"href":"https:\/\/centralmedia.rs\/index.php\/wp-json\/wp\/v2\/users\/4"}],"replies":[{"embeddable":true,"href":"https:\/\/centralmedia.rs\/index.php\/wp-json\/wp\/v2\/comments?post=8841"}],"version-history":[{"count":0,"href":"https:\/\/centralmedia.rs\/index.php\/wp-json\/wp\/v2\/posts\/8841\/revisions"}],"wp:featuredmedia":[{"embeddable":true,"href":"https:\/\/centralmedia.rs\/index.php\/wp-json\/wp\/v2\/media\/8850"}],"wp:attachment":[{"href":"https:\/\/centralmedia.rs\/index.php\/wp-json\/wp\/v2\/media?parent=8841"}],"wp:term":[{"taxonomy":"category","embeddable":true,"href":"https:\/\/centralmedia.rs\/index.php\/wp-json\/wp\/v2\/categories?post=8841"},{"taxonomy":"post_tag","embeddable":true,"href":"https:\/\/centralmedia.rs\/index.php\/wp-json\/wp\/v2\/tags?post=8841"}],"curies":[{"name":"wp","href":"https:\/\/api.w.org\/{rel}","templated":true}]}}