{"id":8851,"date":"2017-07-26T19:14:40","date_gmt":"2017-07-26T19:14:40","guid":{"rendered":"http:\/\/centralmedia.rs\/?p=8851"},"modified":"2017-07-26T19:14:40","modified_gmt":"2017-07-26T19:14:40","slug":"borba-sa-kancerom-trogodisnjaka-iz-svilajnca-duki-pobedio-si","status":"publish","type":"post","link":"https:\/\/centralmedia.rs\/index.php\/2017\/07\/26\/borba-sa-kancerom-trogodisnjaka-iz-svilajnca-duki-pobedio-si\/","title":{"rendered":"BORBA SA KANCEROM TROGODI\u0160NJAKA IZ SVILAJNCA &#8211; DUKI, POBEDIO SI!"},"content":{"rendered":"<p>SVILAJNAC-Prva pobeda trogodi\u0161njeg Du\u0161ana Todorovi\u0107a iz Ku\u0161iljeva kod Svilajnca u sedmomese\u010dnoj borbi sa kancerom. Njemu je konstatovan najte\u017ei oblikom kancera kod dece, prognoze lekara bile su sumorne. Period te\u0161ke operacije u SAD i transplatacije ko\u0161tane sr\u017ei je zavr\u0161en,a dana\u0161nji pregled na skeneru pokazao je prve odl\u010dne rezultate.<\/p>\n<p>-Posle ta\u010dno 7 te\u0161kih meseci, \u017eelim da vas po\u010dastim jednom lepom, najlep\u0161om ve\u0161\u0107u za ovaj, do danas sasvim nebitan datum, 26.07.2017. godine. Skener je pokazao da nevi\u0161e ni\u010dega! U trenutku mi se u\u010dinilo da je i sam skener, digitalizovanim glasom, izgovorio ,,DUKI, POBEDIO SI!!!\u201d Jo\u0161 jedno te\u0161ko poglavlje je zavr\u0161eno i ostaje nam da zahvalimo bogu na ovom \u010dudu. Hvala vam na svemu, posebno na neverovatnoj energiji koju na i dalje pru\u017eate!, napisao je Du\u0161anov otac na dru\u0161tvenoj mre\u017ei.<\/p>\n<p>Me\u0111utim, daleko od toga da je sve zavr\u0161eno. Na\u017ealost, nije. Du\u0161ana \u010deka zra\u010denje i dalji tok le\u010denja \u0107e uskoro biti poznat.<\/p>\n<p>-Ako bi me neko pitao koji mi je najlep\u0161i dan u \u017eivotu, bez razmi\u0161ljanja bih odgovorio dana\u0161nji! Ljubi vas porodica Todorovi\u0107 na \u010delu sa Dukijem, stoji u poruci Du\u0161anovog oca.<\/p>\n<p>On se prisetio svih detalja kroz koje je porodica morala da pro\u0111e da do\u0161li do trenutka da krene nabolje.<\/p>\n<p>-Na dana\u0161nji dan, pre 7 meseci, savetovali su nas da vodimo dete ku\u0107i. Nismo se slo\u017eili. Savetovali su nas da se operacija uradi u Srbiji, jer Duki ne\u0107e izdr\u017eati put u Ameriku. Nismo se slo\u017eili. Doktori nisu dali ni procenat \u0161ansi da se izvu\u010demo iz te\u0161ke, najte\u017ee situacije. Nismo se slo\u017eili. Knjige ka\u017eu da stadijum, u kome je Duki bio, ne daje ni najmanju nadu. Duki se nije slo\u017eio. Pre ta\u010dno 7 meseci, krenuli smo u ovu borbu u najve\u0107oj ti\u0161ini. Brzinom svetlosti smo dobili podr\u0161ku. Neizmernu podr\u0161ku. Iz dana u dan smo postajali ja\u010di. \u010cini mi se- najja\u010di, pi\u0161e Du\u0161anov otac.<\/p>\n<figure id=\"attachment_8475\" aria-describedby=\"caption-attachment-8475\" style=\"width: 900px\" class=\"wp-caption aligncenter\"><a href=\"https:\/\/centralmedia.rs\/wp-content\/uploads\/2017\/06\/zahvalnica-svilajncanima-1.jpg\"><img loading=\"lazy\" decoding=\"async\" class=\"size-full wp-image-8475\" src=\"https:\/\/centralmedia.rs\/wp-content\/uploads\/2017\/06\/zahvalnica-svilajncanima-1.jpg\" alt=\"\" width=\"900\" height=\"678\" srcset=\"https:\/\/centralmedia.rs\/wp-content\/uploads\/2017\/06\/zahvalnica-svilajncanima-1.jpg 900w, https:\/\/centralmedia.rs\/wp-content\/uploads\/2017\/06\/zahvalnica-svilajncanima-1-300x226.jpg 300w, https:\/\/centralmedia.rs\/wp-content\/uploads\/2017\/06\/zahvalnica-svilajncanima-1-768x579.jpg 768w, https:\/\/centralmedia.rs\/wp-content\/uploads\/2017\/06\/zahvalnica-svilajncanima-1-80x60.jpg 80w\" sizes=\"(max-width: 900px) 100vw, 900px\" \/><\/a><figcaption id=\"caption-attachment-8475\" class=\"wp-caption-text\">Priznanje Svilajn\u010danima<\/figcaption><\/figure>\n<p>Svilajna\u010dani su u vi\u0161e akcija uspeli da prikupe zna\u010dajna sredstva i obezbede pla\u0107anje Du\u0161anove operacije u SAD. Zato su Svilajn\u010dani za Dan op\u0161tine nagra\u0111eni velikim priznanjem od rukovodstva te op\u0161tine, a akcija \u0107e ostati primer kako se lokalna zajednica mobili\u0161e i poma\u017ee pojedincu iako su prognoze za oporavak sumorne. Energija Svilajn\u010dana je bila ja\u010da od svakog problema koji je zadesio Du\u0161ana.<\/p>\n<p>&nbsp;<\/p>\n","protected":false},"excerpt":{"rendered":"<p>SVILAJNAC-Prva pobeda trogodi\u0161njeg Du\u0161ana Todorovi\u0107a iz Ku\u0161iljeva kod Svilajnca u sedmomese\u010dnoj borbi sa kancerom. Njemu je konstatovan najte\u017ei oblikom kancera kod dece, prognoze lekara bile &hellip; <\/p>\n","protected":false},"author":4,"featured_media":8852,"comment_status":"open","ping_status":"open","sticky":false,"template":"","format":"standard","meta":{"footnotes":""},"categories":[14,1524,2,1514,887,12],"tags":[1251,1693,38],"_links":{"self":[{"href":"https:\/\/centralmedia.rs\/index.php\/wp-json\/wp\/v2\/posts\/8851"}],"collection":[{"href":"https:\/\/centralmedia.rs\/index.php\/wp-json\/wp\/v2\/posts"}],"about":[{"href":"https:\/\/centralmedia.rs\/index.php\/wp-json\/wp\/v2\/types\/post"}],"author":[{"embeddable":true,"href":"https:\/\/centralmedia.rs\/index.php\/wp-json\/wp\/v2\/users\/4"}],"replies":[{"embeddable":true,"href":"https:\/\/centralmedia.rs\/index.php\/wp-json\/wp\/v2\/comments?post=8851"}],"version-history":[{"count":0,"href":"https:\/\/centralmedia.rs\/index.php\/wp-json\/wp\/v2\/posts\/8851\/revisions"}],"wp:featuredmedia":[{"embeddable":true,"href":"https:\/\/centralmedia.rs\/index.php\/wp-json\/wp\/v2\/media\/8852"}],"wp:attachment":[{"href":"https:\/\/centralmedia.rs\/index.php\/wp-json\/wp\/v2\/media?parent=8851"}],"wp:term":[{"taxonomy":"category","embeddable":true,"href":"https:\/\/centralmedia.rs\/index.php\/wp-json\/wp\/v2\/categories?post=8851"},{"taxonomy":"post_tag","embeddable":true,"href":"https:\/\/centralmedia.rs\/index.php\/wp-json\/wp\/v2\/tags?post=8851"}],"curies":[{"name":"wp","href":"https:\/\/api.w.org\/{rel}","templated":true}]}}