{"id":8865,"date":"2017-07-27T13:03:04","date_gmt":"2017-07-27T13:03:04","guid":{"rendered":"http:\/\/centralmedia.rs\/?p=8865"},"modified":"2017-07-27T13:03:04","modified_gmt":"2017-07-27T13:03:04","slug":"paracinska-kulturno-zabavna-ponuda-u-avgustu","status":"publish","type":"post","link":"https:\/\/centralmedia.rs\/index.php\/2017\/07\/27\/paracinska-kulturno-zabavna-ponuda-u-avgustu\/","title":{"rendered":"PARA\u0106INSKA KULTURNO-ZABAVNA PONUDA U AVGUSTU"},"content":{"rendered":"<p>PARA\u0106IN-Para\u0107ince krajem jula i po\u010detkom avgusta o\u010dekuje niz atraktivnih programa,<\/p>\n<div id='gallery-1' class='gallery galleryid-8865 gallery-columns-2 gallery-size-thumbnail'><figure class='gallery-item'>\n\t\t\t<div class='gallery-icon portrait'>\n\t\t\t\t<a href='https:\/\/centralmedia.rs\/index.php\/2017\/07\/27\/paracinska-kulturno-zabavna-ponuda-u-avgustu\/petrus-zabrega\/'><img loading=\"lazy\" decoding=\"async\" width=\"150\" height=\"150\" src=\"https:\/\/centralmedia.rs\/wp-content\/uploads\/2017\/07\/petrus-zabrega-150x150.jpg\" class=\"attachment-thumbnail size-thumbnail\" alt=\"\" \/><\/a>\n\t\t\t<\/div><\/figure><figure class='gallery-item'>\n\t\t\t<div class='gallery-icon portrait'>\n\t\t\t\t<a href='https:\/\/centralmedia.rs\/index.php\/2017\/07\/27\/paracinska-kulturno-zabavna-ponuda-u-avgustu\/dankovo\/'><img loading=\"lazy\" decoding=\"async\" width=\"150\" height=\"150\" src=\"https:\/\/centralmedia.rs\/wp-content\/uploads\/2017\/07\/dankovo-150x150.jpg\" class=\"attachment-thumbnail size-thumbnail\" alt=\"\" \/><\/a>\n\t\t\t<\/div><\/figure>\n\t\t<\/div>\n\n<p>a sve to po\u010dinje u \u00a0subotu u Dankovu lokalni KUD <a href=\"https:\/\/centralmedia.rs\/wp-content\/uploads\/2017\/07\/ceda.jpg\"><img loading=\"lazy\" decoding=\"async\" class=\"alignright size-thumbnail wp-image-8867\" src=\"https:\/\/centralmedia.rs\/wp-content\/uploads\/2017\/07\/ceda-150x150.jpg\" alt=\"\" width=\"150\" height=\"150\" \/><\/a>organizuje Ve\u010de folklora i nedelju kada dru\u0161tvo Petrus-Zabrega organizuje sabor Narodnih igara i izvornog narodnog stvarala\u0161tva pod nazivom Sveta ognjena Marija \u2013 Petru\u0161ka.\u00a0 Program se nastavlja se u sredu na trgu u centru Para\u0107ina u 21 \u010das tradicionalnim koncertom za Svetog Iliju &#8211; orkestar \u010caslava Ljubenovi\u0107a i solista \u010cedomir \u010ceda Markovi\u0107. Kulturno leto nastavlja se u Para\u0107inskom pozori\u0161tu u petak 4 avgusta u 21 sat predstavom &#8220;Pomahnitali&#8221; po tekstu i re\u017eiji Tatjane Kecman,igraju Tatjana Kecman i Milo\u0161 \u0110or\u0111evi\u0107. <a href=\"https:\/\/centralmedia.rs\/wp-content\/uploads\/2017\/07\/pomahnitali.jpg\"><img loading=\"lazy\" decoding=\"async\" class=\"alignright size-medium wp-image-8870\" src=\"https:\/\/centralmedia.rs\/wp-content\/uploads\/2017\/07\/pomahnitali-300x300.jpg\" alt=\"\" width=\"300\" height=\"300\" srcset=\"https:\/\/centralmedia.rs\/wp-content\/uploads\/2017\/07\/pomahnitali-300x300.jpg 300w, https:\/\/centralmedia.rs\/wp-content\/uploads\/2017\/07\/pomahnitali-150x150.jpg 150w, https:\/\/centralmedia.rs\/wp-content\/uploads\/2017\/07\/pomahnitali.jpg 526w\" sizes=\"(max-width: 300px) 100vw, 300px\" \/><\/a><br \/>\nPredstava posve\u0107ena \u017ertvama selfi kulture i ostalih oblika virtuelnih vrednosti. Bavi se ljudima koji su postali opsednuti formom, statusnim simbolima, brendovima. Na toj apsurdnoj i sumanutoj trci , koja za cilj ima uspeh (ma \u0161ta to zna\u010dilo!) potpuno gube kompas. U svakoj od scena protagonisti zavr\u0161e sa nervnim slomom zbog nekih sitnih trivijalnih problema koji im remete &#8220;savr\u0161enu&#8221; formu. Dane okon\u010davaju tako \u0161to,umorni od borbe gu\u017eve, sva\u0111a, sa ose\u0107anjem nezadovoljstva i izop\u0161tenosti, za utehu oka\u010de selfi na kome sve blista ba\u0161 kako treba, savr\u0161eno. Kulturno leto nastavlja se atraktivinm doga\u0111ajima do kraja avgusta. \u00a0<strong><\/p>\n<p><\/strong><\/p>\n","protected":false},"excerpt":{"rendered":"<p>PARA\u0106IN-Para\u0107ince krajem jula i po\u010detkom avgusta o\u010dekuje niz atraktivnih programa, a sve to po\u010dinje u \u00a0subotu u Dankovu lokalni KUD organizuje Ve\u010de folklora i nedelju &hellip; <\/p>\n","protected":false},"author":4,"featured_media":8866,"comment_status":"open","ping_status":"open","sticky":false,"template":"","format":"standard","meta":{"footnotes":""},"categories":[1524,2,1516,887,16,12],"tags":[1001,156],"_links":{"self":[{"href":"https:\/\/centralmedia.rs\/index.php\/wp-json\/wp\/v2\/posts\/8865"}],"collection":[{"href":"https:\/\/centralmedia.rs\/index.php\/wp-json\/wp\/v2\/posts"}],"about":[{"href":"https:\/\/centralmedia.rs\/index.php\/wp-json\/wp\/v2\/types\/post"}],"author":[{"embeddable":true,"href":"https:\/\/centralmedia.rs\/index.php\/wp-json\/wp\/v2\/users\/4"}],"replies":[{"embeddable":true,"href":"https:\/\/centralmedia.rs\/index.php\/wp-json\/wp\/v2\/comments?post=8865"}],"version-history":[{"count":0,"href":"https:\/\/centralmedia.rs\/index.php\/wp-json\/wp\/v2\/posts\/8865\/revisions"}],"wp:featuredmedia":[{"embeddable":true,"href":"https:\/\/centralmedia.rs\/index.php\/wp-json\/wp\/v2\/media\/8866"}],"wp:attachment":[{"href":"https:\/\/centralmedia.rs\/index.php\/wp-json\/wp\/v2\/media?parent=8865"}],"wp:term":[{"taxonomy":"category","embeddable":true,"href":"https:\/\/centralmedia.rs\/index.php\/wp-json\/wp\/v2\/categories?post=8865"},{"taxonomy":"post_tag","embeddable":true,"href":"https:\/\/centralmedia.rs\/index.php\/wp-json\/wp\/v2\/tags?post=8865"}],"curies":[{"name":"wp","href":"https:\/\/api.w.org\/{rel}","templated":true}]}}