{"id":8872,"date":"2017-07-28T12:47:14","date_gmt":"2017-07-28T12:47:14","guid":{"rendered":"http:\/\/centralmedia.rs\/?p=8872"},"modified":"2017-07-28T12:47:14","modified_gmt":"2017-07-28T12:47:14","slug":"veceras-eneregija-fest-u-paracinu","status":"publish","type":"post","link":"https:\/\/centralmedia.rs\/index.php\/2017\/07\/28\/veceras-eneregija-fest-u-paracinu\/","title":{"rendered":"VE\u010cERAS ENEREGIJA FEST U PARA\u0106INU"},"content":{"rendered":"<p>PARA\u0106IN-U prostoru nekada\u0161nje kasarne \u201e7. juli\u201c u Para\u0107inu, ve\u010deras i sutra bi\u0107e odr\u017ean Festival elektronske tehno muzike \u201eEnergija fest&#8221;, \u00a0organizatori najavljuju pravi spektakl pod otvorenim nebom, koji \u0107e biti prvi u ovom delu Srbije .<\/p>\n<p>-Re\u010d je o prvom festivalu ove vrste u Par\u0107inu, Pomoravlju i ovom delu Srbije, sa sadr\u017eajem orijentisanim ka elektronskoj muzici i di-d\u017eej nastupima, sa planom o pro\u0161irenju festivalske ponude narednih godina kako bi se iza\u0161lo u susret razli\u010ditim ukusima i zahtevima publike, rekao je \u010dlan Udru\u017eenja \u201eFul haus\u201c Nikola \u0110iki\u0107.<a href=\"https:\/\/centralmedia.rs\/wp-content\/uploads\/2017\/07\/plakat-3.jpg\"><img loading=\"lazy\" decoding=\"async\" class=\"alignright size-full wp-image-8875\" src=\"https:\/\/centralmedia.rs\/wp-content\/uploads\/2017\/07\/plakat-3.jpg\" alt=\"\" width=\"960\" height=\"355\" srcset=\"https:\/\/centralmedia.rs\/wp-content\/uploads\/2017\/07\/plakat-3.jpg 960w, https:\/\/centralmedia.rs\/wp-content\/uploads\/2017\/07\/plakat-3-300x111.jpg 300w, https:\/\/centralmedia.rs\/wp-content\/uploads\/2017\/07\/plakat-3-768x284.jpg 768w\" sizes=\"(max-width: 960px) 100vw, 960px\" \/><\/a><\/p>\n<p>Ve\u010deras i u subotu, nastupi\u0107e 12 doma\u0107ih i stranih imena elektronske muzike, a narednih godina, kroz pro\u0161irenja broja bina i trajanje festivala, dodatno \u0107e se pro\u0161iriti i \u017eanrovska ponuda u skladu sa interesovanjem publike. U petak nastupaju <span style=\"color: #000000;\"><a href=\"https:\/\/www.facebook.com\/zv1official\/\">Zv1<\/a>,\u00a0<a href=\"https:\/\/www.facebook.com\/anzelpro\">Andrija An\u017eel<\/a>,\u00a0<a href=\"https:\/\/www.facebook.com\/troublemakersofficial\/\">Troublemakers<\/a>,\u00a0<a href=\"https:\/\/www.facebook.com\/WortexxMusic\/\">WortexX<\/a>,\u00a0<a href=\"https:\/\/www.facebook.com\/zap.mestrobe\/\">Zap Me Strobe<\/a> i\u00a0<a href=\"https:\/\/www.facebook.com\/vivianocavin\/\">Cavin Viviano<\/a>.<\/span><\/p>\n<p>Drugo ve\u010de festivala, u subotu, bi\u0107e posve\u0107eno \u201ene\u0161to tvr\u0111im i energi\u010dnijim pravcima elektronske muzike, tehno muzici i njenim varijacijama\u201c u izvo\u0111enju <a href=\"https:\/\/www.facebook.com\/DJIX.dj\/\">DJIX<\/a>\u00a0&amp;\u00a0<a href=\"https:\/\/www.facebook.com\/teacherdzoni\/\">TeachR<\/a>,<a href=\"https:\/\/www.facebook.com\/rivetspinnersdjs\/\">Rivet Spinners<\/a>,\u00a0<a href=\"https:\/\/www.facebook.com\/djmarkandersson\/\">Mark Andersson<\/a>,<a href=\"https:\/\/www.facebook.com\/filthykid\/\">Filthy Kid<\/a>, <a href=\"https:\/\/www.facebook.com\/aleksandra.duende\/\">Aleksandra Duende<\/a> i <a href=\"https:\/\/www.facebook.com\/andrewmellerofficial\/\">Andrew Meller<\/a>.<br \/>\nZamisao organizatora je festival za nekoliko godina preraste u nacionalni \u201esa vi\u0161e festivalskih bina, po standardima ve\u0107ih evropskih festivala, uz bogatu prate\u0107u turisti\u010dku ponudu\u201c. Cilj je pozicioniranje Para\u0107ina na mapi gradova sa razvijenim muzi\u010dkim festivalima, pobolj\u0161anje turisti\u010dke ponude grada&#8230; Organizatori o\u010dekuju do 4.000 posetilaca, s obzirom na geografski polo\u017eaj, Koridor 10 i dobru povezanost autobusima i \u017eeleznicom sa Beogradom, Ni\u0161om, Kragujevcem, Zaje\u010darom i bli\u017eim gradovima, a o\u010dekuju se i ljubitelji te vrste muzike iz pograni\u010dnih mesta Bugarske. Pod pokroviteljstvom op\u0161tine Para\u0107in u organizaciji\u00a0<a href=\"https:\/\/www.facebook.com\/fullhousemembers\/\" data-hovercard=\"\/ajax\/hovercard\/page.php?id=676555072457188&amp;extragetparams=%7B%22directed_target_id%22%3A112165632696781%7D\" data-hovercard-prefer-more-content-show=\"1\">Full House &#8211; Serbia<\/a>\u00a0i u saradnji sa Domom omladine i Turisti\u010dkom organizacijom grada Para\u0107ina.<\/p>\n","protected":false},"excerpt":{"rendered":"<p>PARA\u0106IN-U prostoru nekada\u0161nje kasarne \u201e7. juli\u201c u Para\u0107inu, ve\u010deras i sutra bi\u0107e odr\u017ean Festival elektronske tehno muzike \u201eEnergija fest&#8221;, \u00a0organizatori najavljuju pravi spektakl pod otvorenim &hellip; <\/p>\n","protected":false},"author":4,"featured_media":8873,"comment_status":"open","ping_status":"open","sticky":false,"template":"","format":"standard","meta":{"footnotes":""},"categories":[1524,2,1516,887,16,12],"tags":[2177,156],"_links":{"self":[{"href":"https:\/\/centralmedia.rs\/index.php\/wp-json\/wp\/v2\/posts\/8872"}],"collection":[{"href":"https:\/\/centralmedia.rs\/index.php\/wp-json\/wp\/v2\/posts"}],"about":[{"href":"https:\/\/centralmedia.rs\/index.php\/wp-json\/wp\/v2\/types\/post"}],"author":[{"embeddable":true,"href":"https:\/\/centralmedia.rs\/index.php\/wp-json\/wp\/v2\/users\/4"}],"replies":[{"embeddable":true,"href":"https:\/\/centralmedia.rs\/index.php\/wp-json\/wp\/v2\/comments?post=8872"}],"version-history":[{"count":0,"href":"https:\/\/centralmedia.rs\/index.php\/wp-json\/wp\/v2\/posts\/8872\/revisions"}],"wp:featuredmedia":[{"embeddable":true,"href":"https:\/\/centralmedia.rs\/index.php\/wp-json\/wp\/v2\/media\/8873"}],"wp:attachment":[{"href":"https:\/\/centralmedia.rs\/index.php\/wp-json\/wp\/v2\/media?parent=8872"}],"wp:term":[{"taxonomy":"category","embeddable":true,"href":"https:\/\/centralmedia.rs\/index.php\/wp-json\/wp\/v2\/categories?post=8872"},{"taxonomy":"post_tag","embeddable":true,"href":"https:\/\/centralmedia.rs\/index.php\/wp-json\/wp\/v2\/tags?post=8872"}],"curies":[{"name":"wp","href":"https:\/\/api.w.org\/{rel}","templated":true}]}}