{"id":8877,"date":"2017-07-28T13:49:37","date_gmt":"2017-07-28T13:49:37","guid":{"rendered":"http:\/\/centralmedia.rs\/?p=8877"},"modified":"2017-07-28T13:49:37","modified_gmt":"2017-07-28T13:49:37","slug":"sve-manje-dece-predskolaca-manje-za-20-odsto","status":"publish","type":"post","link":"https:\/\/centralmedia.rs\/index.php\/2017\/07\/28\/sve-manje-dece-predskolaca-manje-za-20-odsto\/","title":{"rendered":"SVE MANJE DECE &#8211; PRED\u0160KOLACA MANJE ZA 20 ODSTO"},"content":{"rendered":"<p>\u0106UPRIJA-PU De\u010dija radost iz \u0106uprije upisala je 40 pred\u0161kolaca manje, nego pro\u0161le godine, potvrdila je direktorka te ustanove Sne\u017eana Ili\u0107. Pripremno-pred\u0161kolski program u 12 grupa poha\u0111a\u0107e oko 180 pred\u0161kolaca.<\/p>\n<p>-Trenutno imamo upisano 168. dece, o\u010dekujemo jo\u0161 dece, odnosno do 180. To je u odnosu na pro\u0161lu godinu manje za 40. deteta. Svake godine upisujemo sve manji broj dece, tako je i u drugim gradovima, isti\u010de Sne\u017eana Ili\u0107.<\/p>\n<p>Pored pred\u0161kolaca, u 25 celodnevnih grupa upisano je 586 deteta.<\/p>\n","protected":false},"excerpt":{"rendered":"<p>\u0106UPRIJA-PU De\u010dija radost iz \u0106uprije upisala je 40 pred\u0161kolaca manje, nego pro\u0161le godine, potvrdila je direktorka te ustanove Sne\u017eana Ili\u0107. Pripremno-pred\u0161kolski program u 12 grupa &hellip; <\/p>\n","protected":false},"author":4,"featured_media":8878,"comment_status":"open","ping_status":"open","sticky":false,"template":"","format":"standard","meta":{"footnotes":""},"categories":[1515,14,1524,2,887,12],"tags":[44,2178,68,2179],"_links":{"self":[{"href":"https:\/\/centralmedia.rs\/index.php\/wp-json\/wp\/v2\/posts\/8877"}],"collection":[{"href":"https:\/\/centralmedia.rs\/index.php\/wp-json\/wp\/v2\/posts"}],"about":[{"href":"https:\/\/centralmedia.rs\/index.php\/wp-json\/wp\/v2\/types\/post"}],"author":[{"embeddable":true,"href":"https:\/\/centralmedia.rs\/index.php\/wp-json\/wp\/v2\/users\/4"}],"replies":[{"embeddable":true,"href":"https:\/\/centralmedia.rs\/index.php\/wp-json\/wp\/v2\/comments?post=8877"}],"version-history":[{"count":0,"href":"https:\/\/centralmedia.rs\/index.php\/wp-json\/wp\/v2\/posts\/8877\/revisions"}],"wp:featuredmedia":[{"embeddable":true,"href":"https:\/\/centralmedia.rs\/index.php\/wp-json\/wp\/v2\/media\/8878"}],"wp:attachment":[{"href":"https:\/\/centralmedia.rs\/index.php\/wp-json\/wp\/v2\/media?parent=8877"}],"wp:term":[{"taxonomy":"category","embeddable":true,"href":"https:\/\/centralmedia.rs\/index.php\/wp-json\/wp\/v2\/categories?post=8877"},{"taxonomy":"post_tag","embeddable":true,"href":"https:\/\/centralmedia.rs\/index.php\/wp-json\/wp\/v2\/tags?post=8877"}],"curies":[{"name":"wp","href":"https:\/\/api.w.org\/{rel}","templated":true}]}}