{"id":8881,"date":"2017-07-30T13:50:59","date_gmt":"2017-07-30T13:50:59","guid":{"rendered":"http:\/\/centralmedia.rs\/?p=8881"},"modified":"2017-07-30T13:50:59","modified_gmt":"2017-07-30T13:50:59","slug":"levacki-sabor-48-put-prodjoh-levac-prodjoh-sumadiju","status":"publish","type":"post","link":"https:\/\/centralmedia.rs\/index.php\/2017\/07\/30\/levacki-sabor-48-put-prodjoh-levac-prodjoh-sumadiju\/","title":{"rendered":"LEVA\u010cKI SABOR 48. PUT-PRO\u0110OH LEVA\u010c, PRO\u0110OH \u0160UMADIJU"},"content":{"rendered":"<p>REKOVAC-Tradicionalni 48. Sabor narodnog stvarala\u0161tva\u00a0\u0160umadije i Pomoravlja, \u201cPro\u0111oh Leva\u010d, pro\u0111oh \u0160umadiju\u201d, bi\u0107e odr\u017ean 5. i 6. avgusta u\u00a0porti srednjovekovnog manastira Kaleni\u0107 kod Rekovca i na Letnjoj pozornici kraj Kaleni\u0107ke reke.<\/p>\n<figure id=\"attachment_4122\" aria-describedby=\"caption-attachment-4122\" style=\"width: 300px\" class=\"wp-caption alignright\"><a href=\"https:\/\/centralmedia.rs\/wp-content\/uploads\/2016\/08\/lejkashi-iz-vukmanovca-sviraju-u-tikvu-rekovac-g.j.jpg\"><img loading=\"lazy\" decoding=\"async\" class=\"size-medium wp-image-4122\" src=\"https:\/\/centralmedia.rs\/wp-content\/uploads\/2016\/08\/lejkashi-iz-vukmanovca-sviraju-u-tikvu-rekovac-g.j-300x195.jpg\" alt=\"\" width=\"300\" height=\"195\" srcset=\"https:\/\/centralmedia.rs\/wp-content\/uploads\/2016\/08\/lejkashi-iz-vukmanovca-sviraju-u-tikvu-rekovac-g.j-300x195.jpg 300w, https:\/\/centralmedia.rs\/wp-content\/uploads\/2016\/08\/lejkashi-iz-vukmanovca-sviraju-u-tikvu-rekovac-g.j-768x498.jpg 768w, https:\/\/centralmedia.rs\/wp-content\/uploads\/2016\/08\/lejkashi-iz-vukmanovca-sviraju-u-tikvu-rekovac-g.j.jpg 925w\" sizes=\"(max-width: 300px) 100vw, 300px\" \/><\/a><figcaption id=\"caption-attachment-4122\" class=\"wp-caption-text\">Lejka\u0161i iz Vukmanovca<\/figcaption><\/figure>\n<p>Sve\u010dano otvaranje 48. Sabora narodnog stvarala\u0161tva ,,Pro\u0111oh Leva\u010d, pro\u0111oh \u0160umadiju\u201d je u subotu u 18 sati u porti manastira Kaleni\u0107, a pozdravne govore odr\u017ea\u0107e predsednik op\u0161tine Rekovac dr Aleksandar \u0110or\u0111evi\u0107 i predstavnik Vlade \u00a0Srbije, zatim sledi program ,,Ostavi\u0161e spomen rodu srpskom\u201d u re\u017eiji Marine Kon\u010dar i Momira Bradi\u0107a i uz u\u010de\u0161\u0107e glumaca Momira Bradi\u0107a, Vesne Pavlovi\u0107, Nikole Milojevi\u0107a, Neboj\u0161e Vrani\u0107a i Vladimira Vu\u010dkovi\u0107a. U okviru programa u\u010destvuju i solista Vojislav Spasi\u0107 i hor AVIA Arhangeli, kao i folklorni ansambli ,,Grozd\u201d iz Aleksandrovca i ,,Tradicija\u201d iz Trstenika. Predhodno \u0107e biti otvorena izlo\u017eba starih i retkih knjiga u okviru koje je poseban akcenat stavljen na izlaganje najmanje knjige na svetu.<\/p>\n<figure id=\"attachment_4120\" aria-describedby=\"caption-attachment-4120\" style=\"width: 300px\" class=\"wp-caption alignright\"><a href=\"https:\/\/centralmedia.rs\/wp-content\/uploads\/2016\/08\/zoran-lazarevic-najbrk-rekovac-g.j..jpg\"><img loading=\"lazy\" decoding=\"async\" class=\"size-medium wp-image-4120\" src=\"https:\/\/centralmedia.rs\/wp-content\/uploads\/2016\/08\/zoran-lazarevic-najbrk-rekovac-g.j.-300x266.jpg\" alt=\"\" width=\"300\" height=\"266\" srcset=\"https:\/\/centralmedia.rs\/wp-content\/uploads\/2016\/08\/zoran-lazarevic-najbrk-rekovac-g.j.-300x266.jpg 300w, https:\/\/centralmedia.rs\/wp-content\/uploads\/2016\/08\/zoran-lazarevic-najbrk-rekovac-g.j.-768x681.jpg 768w, https:\/\/centralmedia.rs\/wp-content\/uploads\/2016\/08\/zoran-lazarevic-najbrk-rekovac-g.j..jpg 900w\" sizes=\"(max-width: 300px) 100vw, 300px\" \/><\/a><figcaption id=\"caption-attachment-4120\" class=\"wp-caption-text\">Najbrk Zoran Lazarevi\u0107<\/figcaption><\/figure>\n<p>U nedelju 6. avgusta program po\u010dinje u 8 \u010dasova svetom liturgijom u manastiru Kaleni\u0107 i nastavlja se u 10 \u010dasova otvaranjem izlo\u017ebe dela sa XXV likovne kolonije u O\u0160 ,,Du\u0161an Popovi\u0107,, u Kaleni\u010dkom Prnjavoru. Zatim u 11 \u010dasova sledi manifestacija\u00a0,,Zlatne ruke Lev\u010da\u201d\u00a0u okviru koje se organizuje priprema i degustacija starih jela i izlo\u017eba doma\u0107e radinosti. Zatim sledi takmi\u010denje zdravi\u010dara i <strong><em>\u00a0<\/em><\/strong>,,Ulica starih zanata\u201d\u00a0u okviru koje se predstavnjaju udru\u017eenja koji neguju stare i umetni\u010dke zanate. Centralni deo manifestacije je sve\u010dani defile kulturno-umetni\u010dkih dru\u0161tava od porte do letnje pozornice na kojoj od 13 \u010dasova po\u010dinje takmi\u010darski deo nastupom kulturno-umetni\u010dkih dru\u0161tava iz \u0160umadije i Pomoravlja uz revijalni nastup kulturno-umetni\u010dkih dru\u0161tava iz zemlje i inostranstva. Program se nastavlja dodelom povelje ,,Brativoje Markovi\u0107\u201d i izborom za najdu\u017ei brk i najdu\u017eu pletenicu, kao i izborom najlep\u0161e saborice i najlep\u0161e mu\u0161ke i \u017eenske narodne no\u0161nje.<\/p>\n<figure id=\"attachment_4113\" aria-describedby=\"caption-attachment-4113\" style=\"width: 225px\" class=\"wp-caption alignright\"><a href=\"https:\/\/centralmedia.rs\/wp-content\/uploads\/2016\/08\/sladjan-saboras-rekovac-g.j..jpg\"><img loading=\"lazy\" decoding=\"async\" class=\"size-medium wp-image-4113\" src=\"https:\/\/centralmedia.rs\/wp-content\/uploads\/2016\/08\/sladjan-saboras-rekovac-g.j.-225x300.jpg\" alt=\"\" width=\"225\" height=\"300\" srcset=\"https:\/\/centralmedia.rs\/wp-content\/uploads\/2016\/08\/sladjan-saboras-rekovac-g.j.-225x300.jpg 225w, https:\/\/centralmedia.rs\/wp-content\/uploads\/2016\/08\/sladjan-saboras-rekovac-g.j.-768x1024.jpg 768w, https:\/\/centralmedia.rs\/wp-content\/uploads\/2016\/08\/sladjan-saboras-rekovac-g.j..jpg 900w\" sizes=\"(max-width: 225px) 100vw, 225px\" \/><\/a><figcaption id=\"caption-attachment-4113\" class=\"wp-caption-text\">Sabora\u0161 Sla\u0111an iz Milo\u0161eva<\/figcaption><\/figure>\n<p>Kulturni centar i Turisti\u010dka organizacija op\u0161tine Rekovac, pod pokroviteljstvom Op\u0161tine Rekovac, pripremili bogat kulturno-umetni\u010dki program. Predsaborski dani po\u010dinju 3. avgusta otvaranjem tradicionalne XXV likovne kolonije u O\u0160 ,, Du\u0161an Popovi\u0107,, u Kaleni\u010dkom Prnjavoru i nastavljaju se odr\u017eavanjem osmog po redu takmi\u010denja peva\u010da amatera\u00a0,,ZLATNI GLAS SABORA\u201d koje se odr\u017eava u Domu kulrure u Rekovcu 4. avgusta sa po\u010detkom od 20 \u010dasova. Specijalni gost na takmi\u010denju \u0107e biti Vera Matovi\u0107, koja \u0107e tom prilikom odr\u017eati mini koncert uz pratnju orkestra udru\u017eenja estradnih umetnika i izvo\u0111a\u010da \u0160umadije ,,Krgujevac concert\u201d.<\/p>\n","protected":false},"excerpt":{"rendered":"<p>REKOVAC-Tradicionalni 48. Sabor narodnog stvarala\u0161tva\u00a0\u0160umadije i Pomoravlja, \u201cPro\u0111oh Leva\u010d, pro\u0111oh \u0160umadiju\u201d, bi\u0107e odr\u017ean 5. i 6. avgusta u\u00a0porti srednjovekovnog manastira Kaleni\u0107 kod Rekovca i na &hellip; <\/p>\n","protected":false},"author":4,"featured_media":4111,"comment_status":"open","ping_status":"open","sticky":false,"template":"","format":"standard","meta":{"footnotes":""},"categories":[1524,2,15,887,1519,12],"tags":[1071,441],"_links":{"self":[{"href":"https:\/\/centralmedia.rs\/index.php\/wp-json\/wp\/v2\/posts\/8881"}],"collection":[{"href":"https:\/\/centralmedia.rs\/index.php\/wp-json\/wp\/v2\/posts"}],"about":[{"href":"https:\/\/centralmedia.rs\/index.php\/wp-json\/wp\/v2\/types\/post"}],"author":[{"embeddable":true,"href":"https:\/\/centralmedia.rs\/index.php\/wp-json\/wp\/v2\/users\/4"}],"replies":[{"embeddable":true,"href":"https:\/\/centralmedia.rs\/index.php\/wp-json\/wp\/v2\/comments?post=8881"}],"version-history":[{"count":0,"href":"https:\/\/centralmedia.rs\/index.php\/wp-json\/wp\/v2\/posts\/8881\/revisions"}],"wp:featuredmedia":[{"embeddable":true,"href":"https:\/\/centralmedia.rs\/index.php\/wp-json\/wp\/v2\/media\/4111"}],"wp:attachment":[{"href":"https:\/\/centralmedia.rs\/index.php\/wp-json\/wp\/v2\/media?parent=8881"}],"wp:term":[{"taxonomy":"category","embeddable":true,"href":"https:\/\/centralmedia.rs\/index.php\/wp-json\/wp\/v2\/categories?post=8881"},{"taxonomy":"post_tag","embeddable":true,"href":"https:\/\/centralmedia.rs\/index.php\/wp-json\/wp\/v2\/tags?post=8881"}],"curies":[{"name":"wp","href":"https:\/\/api.w.org\/{rel}","templated":true}]}}