{"id":8886,"date":"2017-07-31T14:33:04","date_gmt":"2017-07-31T14:33:04","guid":{"rendered":"http:\/\/centralmedia.rs\/?p=8886"},"modified":"2017-07-31T14:33:29","modified_gmt":"2017-07-31T14:33:29","slug":"zavrsen-enregija-fest-u-paracinu","status":"publish","type":"post","link":"https:\/\/centralmedia.rs\/index.php\/2017\/07\/31\/zavrsen-enregija-fest-u-paracinu\/","title":{"rendered":"ZAVR\u0160EN ENERGIJA FEST U PARA\u0106INU"},"content":{"rendered":"<p>PARA\u0106IN-U prostoru nekada\u0161nje kasarne \u201e7. juli\u201c u Para\u0107inu proteklog odr\u017ean je Festival elektronske tehno muzike \u201eEnergija fest&#8221;, a prema procena \u00a0organizatora, vi\u0161e hiljada maldih u\u017eivalo je u spektaklu pod otvorenim nebom.Nastupilo je 12 doma\u0107ih i stranih imena elektronske muzike.Re\u010d je o \u00a0\u00a0<a href=\"https:\/\/www.facebook.com\/zv1official\/\">Zv1<\/a>,\u00a0<a href=\"https:\/\/www.facebook.com\/anzelpro\">Andrija An\u017eel<\/a>,\u00a0<a href=\"https:\/\/www.facebook.com\/troublemakersofficial\/\">Troublemakers<\/a>,\u00a0<a href=\"https:\/\/www.facebook.com\/WortexxMusic\/\">WortexX<\/a>,\u00a0<a href=\"https:\/\/www.facebook.com\/zap.mestrobe\/\">Zap Me Strobe<\/a> i\u00a0<a href=\"https:\/\/www.facebook.com\/vivianocavin\/\">Cavin Viviano<\/a>, kao i <a href=\"https:\/\/www.facebook.com\/DJIX.dj\/\">DJIX<\/a>\u00a0&amp;\u00a0<a href=\"https:\/\/www.facebook.com\/teacherdzoni\/\">TeachR<\/a>,<a href=\"https:\/\/www.facebook.com\/rivetspinnersdjs\/\">Rivet Spinners<\/a>,\u00a0<a href=\"https:\/\/www.facebook.com\/djmarkandersson\/\">Mark Andersson<\/a>,<a href=\"https:\/\/www.facebook.com\/filthykid\/\">Filthy Kid<\/a>, <a href=\"https:\/\/www.facebook.com\/aleksandra.duende\/\">Aleksandra Duende<\/a> i <a href=\"https:\/\/www.facebook.com\/andrewmellerofficial\/\">Andrew Meller<\/a>.\u00a0Cilj organizatora je da festival za nekoliko godina preraste u nacionalni \u201esa vi\u0161e festivalskih bina, po standardima ve\u0107ih evropskih festivala, uz bogatu prate\u0107u turisti\u010dku ponudu\u201c. Pozicioniranje Para\u0107ina na mapi gradova sa razvijenim muzi\u010dkim festivalima, pobolj\u0161anje turisti\u010dke ponude grada je tako\u0111e u zamislima organzatora&#8230; Festival je odr\u017ean pod pokroviteljstvom op\u0161tine Para\u0107in u organizaciji\u00a0<a href=\"https:\/\/www.facebook.com\/fullhousemembers\/\">Full House &#8211; Serbia<\/a>\u00a0i u saradnji sa Domom omladine i Turisti\u010dkom organizacijom grada Para\u0107ina.<\/p>\n","protected":false},"excerpt":{"rendered":"<p>PARA\u0106IN-U prostoru nekada\u0161nje kasarne \u201e7. juli\u201c u Para\u0107inu proteklog odr\u017ean je Festival elektronske tehno muzike \u201eEnergija fest&#8221;, a prema procena \u00a0organizatora, vi\u0161e hiljada maldih u\u017eivalo &hellip; <\/p>\n","protected":false},"author":4,"featured_media":8887,"comment_status":"open","ping_status":"open","sticky":false,"template":"","format":"standard","meta":{"footnotes":""},"categories":[1524,2,23,1516,887,30],"tags":[2177,156],"_links":{"self":[{"href":"https:\/\/centralmedia.rs\/index.php\/wp-json\/wp\/v2\/posts\/8886"}],"collection":[{"href":"https:\/\/centralmedia.rs\/index.php\/wp-json\/wp\/v2\/posts"}],"about":[{"href":"https:\/\/centralmedia.rs\/index.php\/wp-json\/wp\/v2\/types\/post"}],"author":[{"embeddable":true,"href":"https:\/\/centralmedia.rs\/index.php\/wp-json\/wp\/v2\/users\/4"}],"replies":[{"embeddable":true,"href":"https:\/\/centralmedia.rs\/index.php\/wp-json\/wp\/v2\/comments?post=8886"}],"version-history":[{"count":0,"href":"https:\/\/centralmedia.rs\/index.php\/wp-json\/wp\/v2\/posts\/8886\/revisions"}],"wp:featuredmedia":[{"embeddable":true,"href":"https:\/\/centralmedia.rs\/index.php\/wp-json\/wp\/v2\/media\/8887"}],"wp:attachment":[{"href":"https:\/\/centralmedia.rs\/index.php\/wp-json\/wp\/v2\/media?parent=8886"}],"wp:term":[{"taxonomy":"category","embeddable":true,"href":"https:\/\/centralmedia.rs\/index.php\/wp-json\/wp\/v2\/categories?post=8886"},{"taxonomy":"post_tag","embeddable":true,"href":"https:\/\/centralmedia.rs\/index.php\/wp-json\/wp\/v2\/tags?post=8886"}],"curies":[{"name":"wp","href":"https:\/\/api.w.org\/{rel}","templated":true}]}}