{"id":8920,"date":"2017-08-01T12:30:02","date_gmt":"2017-08-01T12:30:02","guid":{"rendered":"http:\/\/centralmedia.rs\/?p=8920"},"modified":"2017-08-01T12:30:02","modified_gmt":"2017-08-01T12:30:02","slug":"paracinci-padaju-u-nesvest-cekajuci-u-redu-za-licne-isprave","status":"publish","type":"post","link":"https:\/\/centralmedia.rs\/index.php\/2017\/08\/01\/paracinci-padaju-u-nesvest-cekajuci-u-redu-za-licne-isprave\/","title":{"rendered":"PARA\u0106INCI PADAJU U NESVEST \u010cEKAJU\u0106I U REDU ZA LI\u010cNE ISPRAVE"},"content":{"rendered":"<p>PARA\u0106IN-Zbog nehumanih uslova vi\u0161e gra\u0111ana Para\u0107ina, koji \u010dekaju u redu prilikom podno\u0161enja zahteva za izdavanje li\u010dnih isprava, paso\u0161a, voza\u010dkih dozvola, imalo je mu\u010dninu, padali su u nesvest, a nekima ukazivana pomo\u0107 u bolnici,saop\u0161tio je danas NVO Alternativni parlament gra\u0111ana. \u00a0\u00a0<a href=\"https:\/\/centralmedia.rs\/wp-content\/uploads\/2017\/08\/Photo0125.jpg\"><img loading=\"lazy\" decoding=\"async\" class=\"alignright size-medium wp-image-8922\" src=\"https:\/\/centralmedia.rs\/wp-content\/uploads\/2017\/08\/Photo0125-225x300.jpg\" alt=\"\" width=\"225\" height=\"300\" srcset=\"https:\/\/centralmedia.rs\/wp-content\/uploads\/2017\/08\/Photo0125-225x300.jpg 225w, https:\/\/centralmedia.rs\/wp-content\/uploads\/2017\/08\/Photo0125.jpg 675w\" sizes=\"(max-width: 225px) 100vw, 225px\" \/><\/a><\/p>\n<p>-Neuspe\u0161no ve\u0107 tri godine apelujemo da nadle\u017ene institucije re\u0161e jedan od najakutnijih problema gra\u0111ana Para\u0107ina. Naime, prilikom podno\u0161enja zahteva za izdavanje li\u010dnih isprava, paso\u0161a, voza\u010dkih dozvola&#8230; gra\u0111ani Para\u0107ina satima \u010dekaju u nehumanim uslovima u prostoriji od 12 kvadrata. \u010cekaju\u0107i puna 2 sata, pre 10. dana na\u0161a sugra\u0111anka se onesvestila i kola hitne pomo\u0107i prevezla su je u bolnicu. Ovo je jedan od vi\u0161e ovakvih slu\u010dajeva zadnjih meseci i godina u Para\u0107inu, navodi predsednik te NVO Milan Ili\u0107.<\/p>\n<p>On dodaje da ni \u0161alterski slu\u017ebenici nisu u boljem polo\u017eaju, kao i da je nervoza obostrana.<\/p>\n<p>-Gra\u0111ani postavljaju pitanje ko raspola\u017ee silnim parama koje oni upla\u0107uju kao takse prilikom predavanja zahteva, i za\u0161to ne mo\u017ee da se sredi sala za prijem zahteva. Drugo pitanje je da li Beograd uop\u0161te vidi Para\u0107in i druge provincijske gradove osim u izbornoj kampanji, \u0161to ukazuje na sve ve\u0107u centralizaciju Srbije, isti\u010de Ili\u0107.<\/p>\n<p>On podse\u0107a da gradjani pune 4 godine zahtevaju preko Alternativog parlamenta gra\u0111ana da opstina Para\u0107in dobije ve\u0107i broj saobra\u0107ajnih policajaca, sada ih ima 17. U tom gradu ima preko 40.000 registrovanih vozila.<\/p>\n","protected":false},"excerpt":{"rendered":"<p>PARA\u0106IN-Zbog nehumanih uslova vi\u0161e gra\u0111ana Para\u0107ina, koji \u010dekaju u redu prilikom podno\u0161enja zahteva za izdavanje li\u010dnih isprava, paso\u0161a, voza\u010dkih dozvola, imalo je mu\u010dninu, padali su &hellip; <\/p>\n","protected":false},"author":4,"featured_media":8921,"comment_status":"open","ping_status":"open","sticky":false,"template":"","format":"standard","meta":{"footnotes":""},"categories":[14,1524,2,1516,887,12],"tags":[461,2191,156],"_links":{"self":[{"href":"https:\/\/centralmedia.rs\/index.php\/wp-json\/wp\/v2\/posts\/8920"}],"collection":[{"href":"https:\/\/centralmedia.rs\/index.php\/wp-json\/wp\/v2\/posts"}],"about":[{"href":"https:\/\/centralmedia.rs\/index.php\/wp-json\/wp\/v2\/types\/post"}],"author":[{"embeddable":true,"href":"https:\/\/centralmedia.rs\/index.php\/wp-json\/wp\/v2\/users\/4"}],"replies":[{"embeddable":true,"href":"https:\/\/centralmedia.rs\/index.php\/wp-json\/wp\/v2\/comments?post=8920"}],"version-history":[{"count":0,"href":"https:\/\/centralmedia.rs\/index.php\/wp-json\/wp\/v2\/posts\/8920\/revisions"}],"wp:featuredmedia":[{"embeddable":true,"href":"https:\/\/centralmedia.rs\/index.php\/wp-json\/wp\/v2\/media\/8921"}],"wp:attachment":[{"href":"https:\/\/centralmedia.rs\/index.php\/wp-json\/wp\/v2\/media?parent=8920"}],"wp:term":[{"taxonomy":"category","embeddable":true,"href":"https:\/\/centralmedia.rs\/index.php\/wp-json\/wp\/v2\/categories?post=8920"},{"taxonomy":"post_tag","embeddable":true,"href":"https:\/\/centralmedia.rs\/index.php\/wp-json\/wp\/v2\/tags?post=8920"}],"curies":[{"name":"wp","href":"https:\/\/api.w.org\/{rel}","templated":true}]}}