{"id":8940,"date":"2017-08-01T21:58:51","date_gmt":"2017-08-01T21:58:51","guid":{"rendered":"http:\/\/centralmedia.rs\/?p=8940"},"modified":"2017-08-01T21:58:51","modified_gmt":"2017-08-01T21:58:51","slug":"izlozba-o-zatvorima-u-srbiji-2","status":"publish","type":"post","link":"https:\/\/centralmedia.rs\/index.php\/2017\/08\/01\/izlozba-o-zatvorima-u-srbiji-2\/","title":{"rendered":"IZLO\u017dBA O ZATVORIMA U SRBIJI"},"content":{"rendered":"<p>&nbsp;<\/p>\n<p>\u0106UPRIJA-U Muzeju Horeum Margi-Ravno u \u0106upriji ve\u010deras je otvorena Izlo\u017eba kazneno propravni zavodi u Srbiji \u2013 primer Po\u017eareva\u010dki kazneni zavod 1853-1918. U po\u017eareva\u010dkom kazamatu\u00a0 boravili su Svetozar Markovi\u0107, Vasa Pelagi\u0107 je preminuo u zatvoru, Branislav Nu\u0161i\u0107, \u0110ira Jak\u0161i\u0107, koji su politi\u010dki osu\u0111enici, \u00a0dok je kod \u017eena poznata Jelena-Ilka Markovi\u0107 koja poku\u0161ala atentat na kralja Milana.<\/p>\n<div id='gallery-1' class='gallery galleryid-8940 gallery-columns-2 gallery-size-full'><figure class='gallery-item'>\n\t\t\t<div class='gallery-icon portrait'>\n\t\t\t\t<a href='https:\/\/centralmedia.rs\/index.php\/2017\/08\/01\/izlozba-o-zatvorima-u-srbiji-2\/djura-jaksic-i-branislav-nusic\/'><img loading=\"lazy\" decoding=\"async\" width=\"675\" height=\"900\" src=\"https:\/\/centralmedia.rs\/wp-content\/uploads\/2017\/08\/djura-jaksic-i-branislav-nusic.jpg\" class=\"attachment-full size-full\" alt=\"\" srcset=\"https:\/\/centralmedia.rs\/wp-content\/uploads\/2017\/08\/djura-jaksic-i-branislav-nusic.jpg 675w, https:\/\/centralmedia.rs\/wp-content\/uploads\/2017\/08\/djura-jaksic-i-branislav-nusic-225x300.jpg 225w\" sizes=\"(max-width: 675px) 100vw, 675px\" \/><\/a>\n\t\t\t<\/div><\/figure><figure class='gallery-item'>\n\t\t\t<div class='gallery-icon portrait'>\n\t\t\t\t<a href='https:\/\/centralmedia.rs\/index.php\/2017\/08\/01\/izlozba-o-zatvorima-u-srbiji-2\/vasa-pelagic-i-svetozar-markovic-1\/'><img loading=\"lazy\" decoding=\"async\" width=\"675\" height=\"900\" src=\"https:\/\/centralmedia.rs\/wp-content\/uploads\/2017\/08\/vasa-pelagic-i-svetozar-markovic-1.jpg\" class=\"attachment-full size-full\" alt=\"\" srcset=\"https:\/\/centralmedia.rs\/wp-content\/uploads\/2017\/08\/vasa-pelagic-i-svetozar-markovic-1.jpg 675w, https:\/\/centralmedia.rs\/wp-content\/uploads\/2017\/08\/vasa-pelagic-i-svetozar-markovic-1-225x300.jpg 225w\" sizes=\"(max-width: 675px) 100vw, 675px\" \/><\/a>\n\t\t\t<\/div><\/figure>\n\t\t<\/div>\n\n<p>-Mi smo jedini arhiv u Srbiji koji je preuzeo arhivsku gra\u0111u zatvora, odnosno u voom slu\u010daju KPZ Zabela u Po\u017earevcu. Projekta je podeljen na tri faze obzrom na obilje dokumentacije i tema. I to vreme karakteristi\u010dno je po te\u0161kim ubistvima, bilo je takvih i \u017eena osu\u0111enica, ali i maloletnika, kazala je\u00a0 direktorka Istorijskog arhiva u Po\u017earevcu dr Jasmina Nikoli\u0107.<\/p>\n<p>Na 30 panoa izlo\u017eeno je 200 arhivskih dokumenata na kojima se progovara o kaznenoj politici u tada\u0161njoj Srbiji, \u017eivotu i radu osu\u0111enika, osu\u0111eni politi\u010dki zatvorenici, kao i \u017eenama osu\u0111enicama.<\/p>\n<p>-\u0106uprija je svakako bila prete\u010da me\u0111u kazneno-popravnim ustanovama u Srbiji. Plan je da predstavimo izvr\u0161enje kaznenih sankcija u Pomoravlju u 19 i 20 veku. Prvi podaci o \u0106upriji pojavljuju se iz 1860 i 1865 godine u pisanim dokumentima o izme\u0161tanju maloletnika i \u017eena u Po\u017earevac, isti\u010de upravnik KPZ \u0106uprija Vladica Bo\u017eilovi\u0107.<\/p>\n<p>U toku je rad na monografiji 1918-1945 o zatvorima u Srbiji.<\/p>\n","protected":false},"excerpt":{"rendered":"<p>&nbsp; \u0106UPRIJA-U Muzeju Horeum Margi-Ravno u \u0106upriji ve\u010deras je otvorena Izlo\u017eba kazneno propravni zavodi u Srbiji \u2013 primer Po\u017eareva\u010dki kazneni zavod 1853-1918. U po\u017eareva\u010dkom kazamatu\u00a0 &hellip; <\/p>\n","protected":false},"author":4,"featured_media":8941,"comment_status":"open","ping_status":"open","sticky":false,"template":"","format":"standard","meta":{"footnotes":""},"categories":[1515,1524,2,15,887,12],"tags":[44,2184,974],"_links":{"self":[{"href":"https:\/\/centralmedia.rs\/index.php\/wp-json\/wp\/v2\/posts\/8940"}],"collection":[{"href":"https:\/\/centralmedia.rs\/index.php\/wp-json\/wp\/v2\/posts"}],"about":[{"href":"https:\/\/centralmedia.rs\/index.php\/wp-json\/wp\/v2\/types\/post"}],"author":[{"embeddable":true,"href":"https:\/\/centralmedia.rs\/index.php\/wp-json\/wp\/v2\/users\/4"}],"replies":[{"embeddable":true,"href":"https:\/\/centralmedia.rs\/index.php\/wp-json\/wp\/v2\/comments?post=8940"}],"version-history":[{"count":1,"href":"https:\/\/centralmedia.rs\/index.php\/wp-json\/wp\/v2\/posts\/8940\/revisions"}],"predecessor-version":[{"id":8944,"href":"https:\/\/centralmedia.rs\/index.php\/wp-json\/wp\/v2\/posts\/8940\/revisions\/8944"}],"wp:featuredmedia":[{"embeddable":true,"href":"https:\/\/centralmedia.rs\/index.php\/wp-json\/wp\/v2\/media\/8941"}],"wp:attachment":[{"href":"https:\/\/centralmedia.rs\/index.php\/wp-json\/wp\/v2\/media?parent=8940"}],"wp:term":[{"taxonomy":"category","embeddable":true,"href":"https:\/\/centralmedia.rs\/index.php\/wp-json\/wp\/v2\/categories?post=8940"},{"taxonomy":"post_tag","embeddable":true,"href":"https:\/\/centralmedia.rs\/index.php\/wp-json\/wp\/v2\/tags?post=8940"}],"curies":[{"name":"wp","href":"https:\/\/api.w.org\/{rel}","templated":true}]}}