{"id":8946,"date":"2017-08-03T13:30:24","date_gmt":"2017-08-03T13:30:24","guid":{"rendered":"http:\/\/centralmedia.rs\/?p=8946"},"modified":"2017-08-03T13:30:24","modified_gmt":"2017-08-03T13:30:24","slug":"dom-omladine-paracin-djukanovic-srbija-nikada-nece-priznati-nezavisnost-kosova","status":"publish","type":"post","link":"https:\/\/centralmedia.rs\/index.php\/2017\/08\/03\/dom-omladine-paracin-djukanovic-srbija-nikada-nece-priznati-nezavisnost-kosova\/","title":{"rendered":"DOM OMLADINE PARA\u0106IN &#8211; \u0110UKANOVI\u0106 : SRBIJA NIKADA NE\u0106E PRIZNATI NEZAVISNOST KOSOVA"},"content":{"rendered":"<p>PARA\u0106IN-Povodom inicijative za dijalog o Kosovu i Metohiji predsednika Srbije Aleksandra Vu\u010di\u0107a, \u010dlan Predsedni\u0161tva SNS Vladimir \u0110ukanovi\u0107 izjavio je u Para\u0107inu da\u00a0 Srbija nikada ne\u0107e priznati nezavisnost Kosova i da je to crvena linija preko koje se ne\u0107e razgovarati.<a href=\"https:\/\/centralmedia.rs\/wp-content\/uploads\/2017\/08\/djuka-1-.jpg\"><img loading=\"lazy\" decoding=\"async\" class=\"alignright size-medium wp-image-8948\" src=\"https:\/\/centralmedia.rs\/wp-content\/uploads\/2017\/08\/djuka-1--300x225.jpg\" alt=\"\" width=\"300\" height=\"225\" srcset=\"https:\/\/centralmedia.rs\/wp-content\/uploads\/2017\/08\/djuka-1--300x225.jpg 300w, https:\/\/centralmedia.rs\/wp-content\/uploads\/2017\/08\/djuka-1--768x576.jpg 768w, https:\/\/centralmedia.rs\/wp-content\/uploads\/2017\/08\/djuka-1--80x60.jpg 80w, https:\/\/centralmedia.rs\/wp-content\/uploads\/2017\/08\/djuka-1--265x198.jpg 265w, https:\/\/centralmedia.rs\/wp-content\/uploads\/2017\/08\/djuka-1-.jpg 900w\" sizes=\"(max-width: 300px) 100vw, 300px\" \/><\/a><\/p>\n<p>-Crvena linija u razgovorima o budu\u0107nosti Kosova\u00a0 i Metohije je nemogu\u0107nost priznanja nezavisnost. Srbija nikada ne\u0107e priznati nezavisnost KIM, a treba na\u0107i \u00a0druge modalitete izme\u0111u dva ekstrema, mora se na\u0107i neki funkcionalni sistem koji o\u010digledno ne\u0107e zadovolji ni nas, ni njih, ali o\u010digledno, mo\u017eda, je to najpravednije, rekao je \u0110ukanovi\u0107 na tribini\u00a0 ,,Otvoreni grad, slobodni dijalog\u201d koju je organizovao Dom omladine u Para\u0107inu.<\/p>\n<p>On je istakao da KIM nije tema koja generalno interesuje na\u0161 narod, ali je to tema koja je va\u017ena ,,zbog na\u0161ih me\u0111unarodnih pozicija\u201d.<a href=\"https:\/\/centralmedia.rs\/wp-content\/uploads\/2017\/08\/djuka.jpg\"><img loading=\"lazy\" decoding=\"async\" class=\"alignright size-medium wp-image-8949\" src=\"https:\/\/centralmedia.rs\/wp-content\/uploads\/2017\/08\/djuka-300x225.jpg\" alt=\"\" width=\"300\" height=\"225\" srcset=\"https:\/\/centralmedia.rs\/wp-content\/uploads\/2017\/08\/djuka-300x225.jpg 300w, https:\/\/centralmedia.rs\/wp-content\/uploads\/2017\/08\/djuka-768x576.jpg 768w, https:\/\/centralmedia.rs\/wp-content\/uploads\/2017\/08\/djuka-80x60.jpg 80w, https:\/\/centralmedia.rs\/wp-content\/uploads\/2017\/08\/djuka-265x198.jpg 265w, https:\/\/centralmedia.rs\/wp-content\/uploads\/2017\/08\/djuka.jpg 900w\" sizes=\"(max-width: 300px) 100vw, 300px\" \/><\/a><\/p>\n<p>-Meni je \u017eao \u0161to to nije dominantna tema u narodu. Ljudima je daleko bitnije da imaju bolji standard, da imaju posao, ali ta tema je uvek prisutna i sa njom morate da se\u00a0 suo\u010dite. \u0160to se pre suo\u010dimo, a ne da\u00a0 izbegavamo, mislim da imamo bolju \u0161ansu i poziciju, u suprotnom bi\u0107e nam problemati\u010dno, rekao je \u0110ukanovi\u0107.<\/p>\n<p>-Na\u017ealostali ve\u0107i deo opozicije, iz ne znam kog razloga, odbija poziv na dijalog. Nadam se da \u0107e prihvatiti dijalog jer mi kona\u010dno moramo da defini\u0161emo \u0161ta ho\u0107emo vezano za KIM. Razumem kada neko odbije i ka\u017ee mi bi smo to druga\u010dije, ali kada nemate nikavu alternativu i odbijate iz \u010disto politikantskog razloga, eto tako ne dopada vam se Vu\u010di\u0107, to nije odgovor i to nije u redu. To gra\u0111ani vide. Iskreno se nadam, po\u0161to je to va\u017ena nacionlana tema, da \u0107e oni odazvati dijalogu i da \u0107emo probati da defini\u0161emo minimum interesa. Uvek je bolje kada ste ujedinjeni, nego kada idete bez platforme na neke naredne razgovore, zaklju\u010dio je Vladimir \u0110ukanovi\u0107.<\/p>\n<p>&nbsp;<\/p>\n","protected":false},"excerpt":{"rendered":"<p>PARA\u0106IN-Povodom inicijative za dijalog o Kosovu i Metohiji predsednika Srbije Aleksandra Vu\u010di\u0107a, \u010dlan Predsedni\u0161tva SNS Vladimir \u0110ukanovi\u0107 izjavio je u Para\u0107inu da\u00a0 Srbija nikada ne\u0107e &hellip; <\/p>\n","protected":false},"author":4,"featured_media":8947,"comment_status":"open","ping_status":"open","sticky":false,"template":"","format":"standard","meta":{"footnotes":""},"categories":[1524,2,1516,13,887,12],"tags":[2196,156,136,2189],"_links":{"self":[{"href":"https:\/\/centralmedia.rs\/index.php\/wp-json\/wp\/v2\/posts\/8946"}],"collection":[{"href":"https:\/\/centralmedia.rs\/index.php\/wp-json\/wp\/v2\/posts"}],"about":[{"href":"https:\/\/centralmedia.rs\/index.php\/wp-json\/wp\/v2\/types\/post"}],"author":[{"embeddable":true,"href":"https:\/\/centralmedia.rs\/index.php\/wp-json\/wp\/v2\/users\/4"}],"replies":[{"embeddable":true,"href":"https:\/\/centralmedia.rs\/index.php\/wp-json\/wp\/v2\/comments?post=8946"}],"version-history":[{"count":1,"href":"https:\/\/centralmedia.rs\/index.php\/wp-json\/wp\/v2\/posts\/8946\/revisions"}],"predecessor-version":[{"id":8950,"href":"https:\/\/centralmedia.rs\/index.php\/wp-json\/wp\/v2\/posts\/8946\/revisions\/8950"}],"wp:featuredmedia":[{"embeddable":true,"href":"https:\/\/centralmedia.rs\/index.php\/wp-json\/wp\/v2\/media\/8947"}],"wp:attachment":[{"href":"https:\/\/centralmedia.rs\/index.php\/wp-json\/wp\/v2\/media?parent=8946"}],"wp:term":[{"taxonomy":"category","embeddable":true,"href":"https:\/\/centralmedia.rs\/index.php\/wp-json\/wp\/v2\/categories?post=8946"},{"taxonomy":"post_tag","embeddable":true,"href":"https:\/\/centralmedia.rs\/index.php\/wp-json\/wp\/v2\/tags?post=8946"}],"curies":[{"name":"wp","href":"https:\/\/api.w.org\/{rel}","templated":true}]}}