{"id":8951,"date":"2017-08-03T18:49:01","date_gmt":"2017-08-03T18:49:01","guid":{"rendered":"http:\/\/centralmedia.rs\/?p=8951"},"modified":"2017-08-03T18:49:58","modified_gmt":"2017-08-03T18:49:58","slug":"koncerti-u-svilajncu-paracinu","status":"publish","type":"post","link":"https:\/\/centralmedia.rs\/index.php\/2017\/08\/03\/koncerti-u-svilajncu-paracinu\/","title":{"rendered":"KONCERTI U SVILAJNCU I PARA\u0106INU"},"content":{"rendered":"<p>PARA\u0106IN-Avgust u Sviljancu i Para\u0107inu zapo\u010deo je koncertima Dejana Petrovi\u0107a i Big benda, kao i \u010cedomira Markovi\u0107a i orkestra \u010caslava Ljubenovi\u0107a.<a href=\"https:\/\/centralmedia.rs\/wp-content\/uploads\/2017\/08\/paracin.jpg\"><img loading=\"lazy\" decoding=\"async\" class=\"aligncenter size-full wp-image-8953\" src=\"https:\/\/centralmedia.rs\/wp-content\/uploads\/2017\/08\/paracin.jpg\" alt=\"\" width=\"800\" height=\"600\" srcset=\"https:\/\/centralmedia.rs\/wp-content\/uploads\/2017\/08\/paracin.jpg 800w, https:\/\/centralmedia.rs\/wp-content\/uploads\/2017\/08\/paracin-300x225.jpg 300w, https:\/\/centralmedia.rs\/wp-content\/uploads\/2017\/08\/paracin-768x576.jpg 768w, https:\/\/centralmedia.rs\/wp-content\/uploads\/2017\/08\/paracin-80x60.jpg 80w, https:\/\/centralmedia.rs\/wp-content\/uploads\/2017\/08\/paracin-265x198.jpg 265w\" sizes=\"(max-width: 800px) 100vw, 800px\" \/><\/a> Na oba koncerta na centralnim gradskim trgovima u ovim gradovima okupilo se vi\u0161e hiljada gra\u0111ana. Oni su u\u017eivali u izvornoj narodnoj muzici, ali i modernim aran\u017emanima za trubu.<\/p>\n","protected":false},"excerpt":{"rendered":"<p>PARA\u0106IN-Avgust u Sviljancu i Para\u0107inu zapo\u010deo je koncertima Dejana Petrovi\u0107a i Big benda, kao i \u010cedomira Markovi\u0107a i orkestra \u010caslava Ljubenovi\u0107a. Na oba koncerta na &hellip; <\/p>\n","protected":false},"author":4,"featured_media":8952,"comment_status":"open","ping_status":"open","sticky":false,"template":"","format":"standard","meta":{"footnotes":""},"categories":[1524,2,1516,887,16,12,1517],"tags":[1091,156,38],"_links":{"self":[{"href":"https:\/\/centralmedia.rs\/index.php\/wp-json\/wp\/v2\/posts\/8951"}],"collection":[{"href":"https:\/\/centralmedia.rs\/index.php\/wp-json\/wp\/v2\/posts"}],"about":[{"href":"https:\/\/centralmedia.rs\/index.php\/wp-json\/wp\/v2\/types\/post"}],"author":[{"embeddable":true,"href":"https:\/\/centralmedia.rs\/index.php\/wp-json\/wp\/v2\/users\/4"}],"replies":[{"embeddable":true,"href":"https:\/\/centralmedia.rs\/index.php\/wp-json\/wp\/v2\/comments?post=8951"}],"version-history":[{"count":2,"href":"https:\/\/centralmedia.rs\/index.php\/wp-json\/wp\/v2\/posts\/8951\/revisions"}],"predecessor-version":[{"id":8955,"href":"https:\/\/centralmedia.rs\/index.php\/wp-json\/wp\/v2\/posts\/8951\/revisions\/8955"}],"wp:featuredmedia":[{"embeddable":true,"href":"https:\/\/centralmedia.rs\/index.php\/wp-json\/wp\/v2\/media\/8952"}],"wp:attachment":[{"href":"https:\/\/centralmedia.rs\/index.php\/wp-json\/wp\/v2\/media?parent=8951"}],"wp:term":[{"taxonomy":"category","embeddable":true,"href":"https:\/\/centralmedia.rs\/index.php\/wp-json\/wp\/v2\/categories?post=8951"},{"taxonomy":"post_tag","embeddable":true,"href":"https:\/\/centralmedia.rs\/index.php\/wp-json\/wp\/v2\/tags?post=8951"}],"curies":[{"name":"wp","href":"https:\/\/api.w.org\/{rel}","templated":true}]}}