{"id":8956,"date":"2017-08-03T18:52:58","date_gmt":"2017-08-03T18:52:58","guid":{"rendered":"http:\/\/centralmedia.rs\/?p=8956"},"modified":"2017-08-03T18:52:58","modified_gmt":"2017-08-03T18:52:58","slug":"visoke-temperature-susa-preventivne-operativne-mere-u-svilajncu","status":"publish","type":"post","link":"https:\/\/centralmedia.rs\/index.php\/2017\/08\/03\/visoke-temperature-susa-preventivne-operativne-mere-u-svilajncu\/","title":{"rendered":"VISOKE TEMPERATURE I SU\u0160A &#8211; PREVENTIVNE I OPERATIVNE MERE U SVILAJNCU"},"content":{"rendered":"<p>SVILAJNAC-\u0160tab za vanredne situacije Op\u0161tine Svilajnac na dana\u0161njoj sednici usvojio je zaklju\u010dak o preduzimanju preventivnih i operativnih mera za\u0161tite od visokih temperatura i su\u0161a u narednom periodu. U cilju spre\u010davanja nesta\u0161ica vode za pi\u0107e, \u0160tab za vanredne situacije, apeluje na potro\u0161a\u010de da se u ovim tropskim danima voda ne tro\u0161i nenamenski, da se ne zalivaju obradive povr\u0161ine i travnjaci, da se ne pune individualni rezervoari, da se dvori\u0161ta i automobili ne peru vodom sa vodovodne mre\u017ee. Javnim ustanovama nalo\u017eeno je da se voda za potrebe navodnjavanja zelenih povr\u0161ina koristi isklju\u010divo u intervalu od pono\u0107i do 6 sati ujutru.<a href=\"https:\/\/centralmedia.rs\/wp-content\/uploads\/2017\/08\/stab-1.jpg\"><img loading=\"lazy\" decoding=\"async\" class=\"aligncenter size-full wp-image-8958\" src=\"https:\/\/centralmedia.rs\/wp-content\/uploads\/2017\/08\/stab-1.jpg\" alt=\"\" width=\"1024\" height=\"576\" srcset=\"https:\/\/centralmedia.rs\/wp-content\/uploads\/2017\/08\/stab-1.jpg 1024w, https:\/\/centralmedia.rs\/wp-content\/uploads\/2017\/08\/stab-1-300x169.jpg 300w, https:\/\/centralmedia.rs\/wp-content\/uploads\/2017\/08\/stab-1-768x432.jpg 768w\" sizes=\"(max-width: 1024px) 100vw, 1024px\" \/><\/a><br \/>\nNa sednici \u0160taba podneti su izve\u0161taji o trenutnoj situaciji u Domu zdravlja, gde nema pove\u0107anog broja pregleda, ali je najve\u0107i broj slu\u010dajeva vezan za visoke temperature. Iz vatrogasne jedinice poru\u010duju da su, u proteklih mesec dana, na podru\u010dju op\u0161tine Svilajnac imali \u010dak 14 intervencija na ga\u0161enju po\u017eara izazvanih paljenjem strnji\u0161ta i apeluju na gra\u0111ane da takve aktivnosti mogu da dovedu do nesagledivih posledica.<\/p>\n","protected":false},"excerpt":{"rendered":"<p>SVILAJNAC-\u0160tab za vanredne situacije Op\u0161tine Svilajnac na dana\u0161njoj sednici usvojio je zaklju\u010dak o preduzimanju preventivnih i operativnih mera za\u0161tite od visokih temperatura i su\u0161a u &hellip; <\/p>\n","protected":false},"author":4,"featured_media":8957,"comment_status":"open","ping_status":"open","sticky":false,"template":"","format":"standard","meta":{"footnotes":""},"categories":[1524,2,887,16,12,1517],"tags":[2197,38],"_links":{"self":[{"href":"https:\/\/centralmedia.rs\/index.php\/wp-json\/wp\/v2\/posts\/8956"}],"collection":[{"href":"https:\/\/centralmedia.rs\/index.php\/wp-json\/wp\/v2\/posts"}],"about":[{"href":"https:\/\/centralmedia.rs\/index.php\/wp-json\/wp\/v2\/types\/post"}],"author":[{"embeddable":true,"href":"https:\/\/centralmedia.rs\/index.php\/wp-json\/wp\/v2\/users\/4"}],"replies":[{"embeddable":true,"href":"https:\/\/centralmedia.rs\/index.php\/wp-json\/wp\/v2\/comments?post=8956"}],"version-history":[{"count":1,"href":"https:\/\/centralmedia.rs\/index.php\/wp-json\/wp\/v2\/posts\/8956\/revisions"}],"predecessor-version":[{"id":8959,"href":"https:\/\/centralmedia.rs\/index.php\/wp-json\/wp\/v2\/posts\/8956\/revisions\/8959"}],"wp:featuredmedia":[{"embeddable":true,"href":"https:\/\/centralmedia.rs\/index.php\/wp-json\/wp\/v2\/media\/8957"}],"wp:attachment":[{"href":"https:\/\/centralmedia.rs\/index.php\/wp-json\/wp\/v2\/media?parent=8956"}],"wp:term":[{"taxonomy":"category","embeddable":true,"href":"https:\/\/centralmedia.rs\/index.php\/wp-json\/wp\/v2\/categories?post=8956"},{"taxonomy":"post_tag","embeddable":true,"href":"https:\/\/centralmedia.rs\/index.php\/wp-json\/wp\/v2\/tags?post=8956"}],"curies":[{"name":"wp","href":"https:\/\/api.w.org\/{rel}","templated":true}]}}