{"id":8963,"date":"2017-08-04T13:35:57","date_gmt":"2017-08-04T13:35:57","guid":{"rendered":"http:\/\/centralmedia.rs\/?p=8963"},"modified":"2017-08-04T13:35:57","modified_gmt":"2017-08-04T13:35:57","slug":"na-10-crevarijadi-u-cupriji-koncert-miroslava-ilica-predsednik-zirija-jova-radovanovic","status":"publish","type":"post","link":"https:\/\/centralmedia.rs\/index.php\/2017\/08\/04\/na-10-crevarijadi-u-cupriji-koncert-miroslava-ilica-predsednik-zirija-jova-radovanovic\/","title":{"rendered":"NA 10. CREVARIJADI U \u0106UPRIJI &#8211; KONCERT MIROSLAVA ILI\u0106A, PREDSEDNIK \u017dIRIJA JOVA RADOVANOVI\u0106"},"content":{"rendered":"<p>\u0106UPRIJA-Zvezde 10. jubilarne \u201cCrevarijade\u201d u \u0106upriji, koja se odr\u017eava u subotu 5. avgusta, u Moravskom parku, su legenda narodne muzike Miroslav Ili\u0107, dok je predsednik \u017eirija Jova Radovanovi\u0107, jedan od \u010dlanova nekada popularnog sastava \u201dSedmorica mladih\u201d. Miroslav Ili\u0107 odr\u017ea\u0107e koncert, dok \u0107e Jova Radovanovi\u0107 zabavljati posetioce manifestacije. Po\u010detak manifestacije je u 9 sati, a organizatori o\u010dekuju preko 10.000 posetilaca.<\/p>\n<figure id=\"attachment_4442\" aria-describedby=\"caption-attachment-4442\" style=\"width: 300px\" class=\"wp-caption alignright\"><a href=\"https:\/\/centralmedia.rs\/wp-content\/uploads\/2016\/08\/crevarijada-pobednik-lavovi-cuprija-g.j..jpg\"><img loading=\"lazy\" decoding=\"async\" class=\"size-medium wp-image-4442\" src=\"https:\/\/centralmedia.rs\/wp-content\/uploads\/2016\/08\/crevarijada-pobednik-lavovi-cuprija-g.j.-300x220.jpg\" alt=\"\" width=\"300\" height=\"220\" srcset=\"https:\/\/centralmedia.rs\/wp-content\/uploads\/2016\/08\/crevarijada-pobednik-lavovi-cuprija-g.j.-300x220.jpg 300w, https:\/\/centralmedia.rs\/wp-content\/uploads\/2016\/08\/crevarijada-pobednik-lavovi-cuprija-g.j.-768x562.jpg 768w, https:\/\/centralmedia.rs\/wp-content\/uploads\/2016\/08\/crevarijada-pobednik-lavovi-cuprija-g.j.-80x60.jpg 80w, https:\/\/centralmedia.rs\/wp-content\/uploads\/2016\/08\/crevarijada-pobednik-lavovi-cuprija-g.j..jpg 900w\" sizes=\"(max-width: 300px) 100vw, 300px\" \/><\/a><figcaption id=\"caption-attachment-4442\" class=\"wp-caption-text\">\u0160ampioni pro\u0161logodi\u0161nje 9. Crevarijade ,,Lavovi sa Morave&#8221;<\/figcaption><\/figure>\n<p>-Do sada je u\u010de\u0161\u0107e na \u201cCrevarijadi\u201d prijavilo 60 ekipa iz celog regiona, te mo\u017eemo re\u0107i da je manifestaciaj prerasla okvire lokalnog. Ona \u00a0do\u010darava svu lepotu \u0106uprije i gostoprimstvo \u0106upri\u010dana.\u00a0 Istovremeno je i prilika za uspostavljanje partnerskih, prijateljskih, kulturnih, privrednih i turisti\u010dkih veza me\u0111u gradovima, selima, privrednim subjektima i\u00a0 ljudima. Iz godine u godinu interesovanje potencijalnih u\u010desnika i turista za ovu manifestaciju se drasti\u010dno uve\u0107ava, ka\u017ee direktor Turisti\u010dke organizacije Igor Stankovi\u0107.<\/p>\n<blockquote><p>SUPER LJUTI IZAZOV<\/p>\n<p>U okviru ,,Crevarijade&#8221; prvi put u Srbiji bi\u0107e organizovan Super Ljuti Izazov 2017. Takmi\u010denje u konzumiranju ljutih papri\u010dica bi\u0107e odr\u017eano u 10 sati na prostoru Moravskog parka uz pokroviteljstvo SO \u0106uprija. Obezbe\u0111ena je nov\u010dana i poklon nagrada za pobednika.<\/p><\/blockquote>\n<p>Ko \u0107e najbolje napraviti i aran\u017eirati specijalitet od svinjskih crevaca. Ova tursti\u010dko-kulinarska i zabavna manifestacija ima i brojne goste iz gastronomskog i kulturno-umetni\u010dkog sveta.<a href=\"https:\/\/centralmedia.rs\/wp-content\/uploads\/2016\/08\/crevarijada-4-cuprija-g.j..jpg\"><img loading=\"lazy\" decoding=\"async\" class=\"alignright size-medium wp-image-4449\" src=\"https:\/\/centralmedia.rs\/wp-content\/uploads\/2016\/08\/crevarijada-4-cuprija-g.j.-300x209.jpg\" alt=\"\" width=\"300\" height=\"209\" srcset=\"https:\/\/centralmedia.rs\/wp-content\/uploads\/2016\/08\/crevarijada-4-cuprija-g.j.-300x209.jpg 300w, https:\/\/centralmedia.rs\/wp-content\/uploads\/2016\/08\/crevarijada-4-cuprija-g.j.-768x534.jpg 768w, https:\/\/centralmedia.rs\/wp-content\/uploads\/2016\/08\/crevarijada-4-cuprija-g.j.-100x70.jpg 100w, https:\/\/centralmedia.rs\/wp-content\/uploads\/2016\/08\/crevarijada-4-cuprija-g.j..jpg 900w\" sizes=\"(max-width: 300px) 100vw, 300px\" \/><\/a><\/p>\n<p>-Iznena\u0111enja su uvek dobrodo\u0161la i bi\u0107e ih, jer svako okupljanje donosi ne\u0161to novo i nesvakida\u0161nje. \u201cCrevarijada\u201d ne mo\u017ee da pro\u0111e bez velikog broja gurmana, \u017eeljnih dobre zabave i ukusne hrane, ali i majstora kulinara, koji predvode svoje ekipe. Konkurencija je sve ja\u010da i ja\u010da. To vi\u0161e nisu samo \u201ccrevca u tanjiru\u201d ve\u0107 prava kulinarska remek-dela i \u017eiri ima te\u017eak zadatak da odabere najukusnija i najbolje aran\u017eirana crevca, navodi Stankovi\u0107.<\/p>\n<p>\u017dele\u0107i da o\u010duva tradiciju i podseti na stari zanat, po kome \u0106upri\u010dani dobi\u0161e svoje drugo ime, Turisti\u010dka organizacija je pre 10 godina pokrenula manifestaciju pod nazivom \u201cCrevarijada\u201d.<a href=\"https:\/\/centralmedia.rs\/wp-content\/uploads\/2016\/08\/crevarijada-2-cuprija-g.j..jpg\"><img loading=\"lazy\" decoding=\"async\" class=\"alignright size-medium wp-image-4448\" src=\"https:\/\/centralmedia.rs\/wp-content\/uploads\/2016\/08\/crevarijada-2-cuprija-g.j.-300x187.jpg\" alt=\"\" width=\"300\" height=\"187\" srcset=\"https:\/\/centralmedia.rs\/wp-content\/uploads\/2016\/08\/crevarijada-2-cuprija-g.j.-300x187.jpg 300w, https:\/\/centralmedia.rs\/wp-content\/uploads\/2016\/08\/crevarijada-2-cuprija-g.j.-768x478.jpg 768w, https:\/\/centralmedia.rs\/wp-content\/uploads\/2016\/08\/crevarijada-2-cuprija-g.j..jpg 965w\" sizes=\"(max-width: 300px) 100vw, 300px\" \/><\/a><\/p>\n<p>-Krenulo je stidljivo, tiho, nenametljivo, da bi iz godine u godinu \u201cCrevarijada\u201d rasla a \u0106upri\u010dani i njihovi prijatelji s ponosom govorili o doga\u0111aju na kome se \u201cro\u0161tiljaju crevca\u201d, provodi dan u prirodi i veli\u010da svetlo crevarsko ime, obja\u0161njava Stankovi\u0107.<\/p>\n<p>Kao \u0161to svaki grad u Srbiji ima neku osobenost koja ga karakteri\u0161e, izdvaja i razlikuje od drugih, kojom se di\u010di i ponosi, tako se \u0106uprija i \u0106upri\u010dani od pamtiveka poznaju pod nadimkom \u201cCrevari\u201d.<a href=\"https:\/\/centralmedia.rs\/wp-content\/uploads\/2016\/08\/crevarijada-cuprija-g.j..jpg\"><img loading=\"lazy\" decoding=\"async\" class=\"alignright size-medium wp-image-4454\" src=\"https:\/\/centralmedia.rs\/wp-content\/uploads\/2016\/08\/crevarijada-cuprija-g.j.-300x209.jpg\" alt=\"\" width=\"300\" height=\"209\" srcset=\"https:\/\/centralmedia.rs\/wp-content\/uploads\/2016\/08\/crevarijada-cuprija-g.j.-300x209.jpg 300w, https:\/\/centralmedia.rs\/wp-content\/uploads\/2016\/08\/crevarijada-cuprija-g.j.-768x534.jpg 768w, https:\/\/centralmedia.rs\/wp-content\/uploads\/2016\/08\/crevarijada-cuprija-g.j.-100x70.jpg 100w, https:\/\/centralmedia.rs\/wp-content\/uploads\/2016\/08\/crevarijada-cuprija-g.j..jpg 900w\" sizes=\"(max-width: 300px) 100vw, 300px\" \/><\/a> Stari zanat proizvodnje svinjskih i ov\u010dijih crevaca za potrebe klani\u010dne i mesne industrije kumovao je nadimku koji grad na Velikoj Moravi i njegovi \u017eitelji i danas nose. Ovaj stari zanat kojim se bavilo vi\u0161e porodica u \u0106upriji odavno je zamro. Ostala je samo jedna \u010diji naslednici poku\u0161avaju da odr\u017ee tradiciju i koje svi u gradu znaju ba\u0161 pod tim imenom \u201cCrevari\u201d.<\/p>\n<p>-Uvereni smo da \u0107e \u201eCrevarijada 2017\u201c kao i do sada privu\u0107i va\u0161u pa\u017enju, te vas pozivamo da nam se pridru\u017eite kao gosti i time doprinesete afirmaciji \u0106uprije, zak\u010dlju\u010duje direktor TO\u0106 Igor Stankovi\u0107.<\/p>\n<p>&nbsp;<\/p>\n<p>https:\/\/stamenkovicdusan.wordpress.com\/2017\/08\/02\/crevarijada\/<\/p>\n","protected":false},"excerpt":{"rendered":"<p>\u0106UPRIJA-Zvezde 10. jubilarne \u201cCrevarijade\u201d u \u0106upriji, koja se odr\u017eava u subotu 5. avgusta, u Moravskom parku, su legenda narodne muzike Miroslav Ili\u0107, dok je predsednik &hellip; <\/p>\n","protected":false},"author":4,"featured_media":4443,"comment_status":"open","ping_status":"open","sticky":false,"template":"","format":"standard","meta":{"footnotes":""},"categories":[1515,1524,2,887,16,12],"tags":[1171,44,2170,2138],"_links":{"self":[{"href":"https:\/\/centralmedia.rs\/index.php\/wp-json\/wp\/v2\/posts\/8963"}],"collection":[{"href":"https:\/\/centralmedia.rs\/index.php\/wp-json\/wp\/v2\/posts"}],"about":[{"href":"https:\/\/centralmedia.rs\/index.php\/wp-json\/wp\/v2\/types\/post"}],"author":[{"embeddable":true,"href":"https:\/\/centralmedia.rs\/index.php\/wp-json\/wp\/v2\/users\/4"}],"replies":[{"embeddable":true,"href":"https:\/\/centralmedia.rs\/index.php\/wp-json\/wp\/v2\/comments?post=8963"}],"version-history":[{"count":1,"href":"https:\/\/centralmedia.rs\/index.php\/wp-json\/wp\/v2\/posts\/8963\/revisions"}],"predecessor-version":[{"id":8964,"href":"https:\/\/centralmedia.rs\/index.php\/wp-json\/wp\/v2\/posts\/8963\/revisions\/8964"}],"wp:featuredmedia":[{"embeddable":true,"href":"https:\/\/centralmedia.rs\/index.php\/wp-json\/wp\/v2\/media\/4443"}],"wp:attachment":[{"href":"https:\/\/centralmedia.rs\/index.php\/wp-json\/wp\/v2\/media?parent=8963"}],"wp:term":[{"taxonomy":"category","embeddable":true,"href":"https:\/\/centralmedia.rs\/index.php\/wp-json\/wp\/v2\/categories?post=8963"},{"taxonomy":"post_tag","embeddable":true,"href":"https:\/\/centralmedia.rs\/index.php\/wp-json\/wp\/v2\/tags?post=8963"}],"curies":[{"name":"wp","href":"https:\/\/api.w.org\/{rel}","templated":true}]}}