{"id":8968,"date":"2017-08-04T18:45:49","date_gmt":"2017-08-04T18:45:49","guid":{"rendered":"http:\/\/centralmedia.rs\/?p=8968"},"modified":"2017-08-04T18:48:12","modified_gmt":"2017-08-04T18:48:12","slug":"skola-modernih-vestina-u-paracinu-mladi-ucili-cirkuske-vestine","status":"publish","type":"post","link":"https:\/\/centralmedia.rs\/index.php\/2017\/08\/04\/skola-modernih-vestina-u-paracinu-mladi-ucili-cirkuske-vestine\/","title":{"rendered":"\u0160KOLA MODERNIH VE\u0160TINA U PARA\u0106INU &#8211; MLADI U\u010cILI CIRKUSKE VE\u0160TINE"},"content":{"rendered":"<p>PARA\u0106IN-Projekat \u0160kola modernih ve\u0161tina uspe\u0161no je realizovan u Para\u0107inu u protekla \u010detiri dana, a re\u010d je o radionicama dens hela ili uli\u010dnom plesu sa Jamajke, psiholo\u0161koj radionici, pozori\u0161nim i komi\u010dnim improvizacijama i cirkuskim ve\u0161tinama.<\/p>\n<div id='gallery-1' class='gallery galleryid-8968 gallery-columns-2 gallery-size-full'><figure class='gallery-item'>\n\t\t\t<div class='gallery-icon landscape'>\n\t\t\t\t<a href='https:\/\/centralmedia.rs\/index.php\/2017\/08\/04\/skola-modernih-vestina-u-paracinu-mladi-ucili-cirkuske-vestine\/skola-2-4\/'><img loading=\"lazy\" decoding=\"async\" width=\"960\" height=\"540\" src=\"https:\/\/centralmedia.rs\/wp-content\/uploads\/2017\/08\/skola-2.jpg\" class=\"attachment-full size-full\" alt=\"\" srcset=\"https:\/\/centralmedia.rs\/wp-content\/uploads\/2017\/08\/skola-2.jpg 960w, https:\/\/centralmedia.rs\/wp-content\/uploads\/2017\/08\/skola-2-300x169.jpg 300w, https:\/\/centralmedia.rs\/wp-content\/uploads\/2017\/08\/skola-2-768x432.jpg 768w\" sizes=\"(max-width: 960px) 100vw, 960px\" \/><\/a>\n\t\t\t<\/div><\/figure><figure class='gallery-item'>\n\t\t\t<div class='gallery-icon landscape'>\n\t\t\t\t<a href='https:\/\/centralmedia.rs\/index.php\/2017\/08\/04\/skola-modernih-vestina-u-paracinu-mladi-ucili-cirkuske-vestine\/skola-3-3\/'><img loading=\"lazy\" decoding=\"async\" width=\"960\" height=\"540\" src=\"https:\/\/centralmedia.rs\/wp-content\/uploads\/2017\/08\/skola-3.jpg\" class=\"attachment-full size-full\" alt=\"\" srcset=\"https:\/\/centralmedia.rs\/wp-content\/uploads\/2017\/08\/skola-3.jpg 960w, https:\/\/centralmedia.rs\/wp-content\/uploads\/2017\/08\/skola-3-300x169.jpg 300w, https:\/\/centralmedia.rs\/wp-content\/uploads\/2017\/08\/skola-3-768x432.jpg 768w\" sizes=\"(max-width: 960px) 100vw, 960px\" \/><\/a>\n\t\t\t<\/div><\/figure>\n\t\t<\/div>\n\n<p>-Du\u017ee vreme radim sa mladima u Para\u0107inu, pa sam po\u017eelo da probaju ne\u0161to novo u gradu, ne samo \u0161to se ti\u010de gluma\u010dke scene. Tako smo do\u0161li na ideju o razil\u010ditim radionicama, ka\u017ee kooridnator \u0160kole modernih ve\u0161tina \u00a0Uro\u0161 Mladenovi\u0107, dramski pedagog.<a href=\"https:\/\/centralmedia.rs\/wp-content\/uploads\/2017\/08\/skola-1.jpg\"><img loading=\"lazy\" decoding=\"async\" class=\"aligncenter size-full wp-image-8972\" src=\"https:\/\/centralmedia.rs\/wp-content\/uploads\/2017\/08\/skola-1.jpg\" alt=\"\" width=\"1440\" height=\"810\" srcset=\"https:\/\/centralmedia.rs\/wp-content\/uploads\/2017\/08\/skola-1.jpg 1440w, https:\/\/centralmedia.rs\/wp-content\/uploads\/2017\/08\/skola-1-300x169.jpg 300w, https:\/\/centralmedia.rs\/wp-content\/uploads\/2017\/08\/skola-1-768x432.jpg 768w, https:\/\/centralmedia.rs\/wp-content\/uploads\/2017\/08\/skola-1-1024x576.jpg 1024w\" sizes=\"(max-width: 1440px) 100vw, 1440px\" \/><\/a><\/p>\n<p>Cilj organizatora Doma omladine je da ponudi mladima \u0161to vi\u0161e sadr\u017eaja.<\/p>\n<p>-Od grupe od tridesetak mladih samo je troje bilo ranije bilo na radionicama, zato \u0107e Dom omdline omogu\u0107iti do kraja godine mladima veliki broj radionica, rekao je vd direktor te ustanove Boris Luki\u0107.<\/p>\n","protected":false},"excerpt":{"rendered":"<p>PARA\u0106IN-Projekat \u0160kola modernih ve\u0161tina uspe\u0161no je realizovan u Para\u0107inu u protekla \u010detiri dana, a re\u010d je o radionicama dens hela ili uli\u010dnom plesu sa Jamajke, &hellip; <\/p>\n","protected":false},"author":4,"featured_media":8969,"comment_status":"open","ping_status":"open","sticky":false,"template":"","format":"standard","meta":{"footnotes":""},"categories":[14,1524,2,1516,887,12],"tags":[156,2169],"_links":{"self":[{"href":"https:\/\/centralmedia.rs\/index.php\/wp-json\/wp\/v2\/posts\/8968"}],"collection":[{"href":"https:\/\/centralmedia.rs\/index.php\/wp-json\/wp\/v2\/posts"}],"about":[{"href":"https:\/\/centralmedia.rs\/index.php\/wp-json\/wp\/v2\/types\/post"}],"author":[{"embeddable":true,"href":"https:\/\/centralmedia.rs\/index.php\/wp-json\/wp\/v2\/users\/4"}],"replies":[{"embeddable":true,"href":"https:\/\/centralmedia.rs\/index.php\/wp-json\/wp\/v2\/comments?post=8968"}],"version-history":[{"count":2,"href":"https:\/\/centralmedia.rs\/index.php\/wp-json\/wp\/v2\/posts\/8968\/revisions"}],"predecessor-version":[{"id":8974,"href":"https:\/\/centralmedia.rs\/index.php\/wp-json\/wp\/v2\/posts\/8968\/revisions\/8974"}],"wp:featuredmedia":[{"embeddable":true,"href":"https:\/\/centralmedia.rs\/index.php\/wp-json\/wp\/v2\/media\/8969"}],"wp:attachment":[{"href":"https:\/\/centralmedia.rs\/index.php\/wp-json\/wp\/v2\/media?parent=8968"}],"wp:term":[{"taxonomy":"category","embeddable":true,"href":"https:\/\/centralmedia.rs\/index.php\/wp-json\/wp\/v2\/categories?post=8968"},{"taxonomy":"post_tag","embeddable":true,"href":"https:\/\/centralmedia.rs\/index.php\/wp-json\/wp\/v2\/tags?post=8968"}],"curies":[{"name":"wp","href":"https:\/\/api.w.org\/{rel}","templated":true}]}}