{"id":8975,"date":"2017-08-04T18:54:48","date_gmt":"2017-08-04T18:54:48","guid":{"rendered":"http:\/\/centralmedia.rs\/?p=8975"},"modified":"2017-08-04T18:54:48","modified_gmt":"2017-08-04T18:54:48","slug":"radno-angazovanje-osoba-sa-invaliditetom-u-visokoj-medicinskoj-skoli","status":"publish","type":"post","link":"https:\/\/centralmedia.rs\/index.php\/2017\/08\/04\/radno-angazovanje-osoba-sa-invaliditetom-u-visokoj-medicinskoj-skoli\/","title":{"rendered":"RADNO ANGA\u017dOVANJE OSOBA SA INVALIDITETOM U VISOKOJ MEDICINSKOJ \u0160KOLI"},"content":{"rendered":"<p>\u0106UPRIJA-Program Javnog rada Nacionalne slu\u017ebe zapo\u0161ljavanja za radno anga\u017eovanje osoba sa invaliditetom za pomo\u0107 i podr\u0161ku studentima Visoke medicinske \u0161kole strukovnih studija iz \u0106uprije, omogu\u0107io bi ovoj visoko\u0161kolskoj ustanovi integraciju sa internet bazom podataka Virtuelene biblioteke Srbije, odnosno Centrom za uzajamnu katalogizaciju i lako informisanje studenata iz struke o publikacijama koje su im dostupne u biblioteci ove \u0161kole.<a href=\"https:\/\/centralmedia.rs\/wp-content\/uploads\/2017\/08\/Prvi-radni-dan-1.jpg\"><img loading=\"lazy\" decoding=\"async\" class=\"aligncenter size-full wp-image-8977\" src=\"https:\/\/centralmedia.rs\/wp-content\/uploads\/2017\/08\/Prvi-radni-dan-1.jpg\" alt=\"\" width=\"900\" height=\"675\" srcset=\"https:\/\/centralmedia.rs\/wp-content\/uploads\/2017\/08\/Prvi-radni-dan-1.jpg 900w, https:\/\/centralmedia.rs\/wp-content\/uploads\/2017\/08\/Prvi-radni-dan-1-300x225.jpg 300w, https:\/\/centralmedia.rs\/wp-content\/uploads\/2017\/08\/Prvi-radni-dan-1-768x576.jpg 768w, https:\/\/centralmedia.rs\/wp-content\/uploads\/2017\/08\/Prvi-radni-dan-1-80x60.jpg 80w, https:\/\/centralmedia.rs\/wp-content\/uploads\/2017\/08\/Prvi-radni-dan-1-265x198.jpg 265w\" sizes=\"(max-width: 900px) 100vw, 900px\" \/><\/a><\/p>\n<p>Direktor ove \u0161kole dr Hristos Aleksopulos, profesor strukovnih studija isti\u010de, da je dru\u0161tveni interes koji \u0107e ostvariti ovim javnim radom, na poslovima a\u017euriranja i formiranja elektronske baze podataka uz radno anga\u017eovanje lica sa invaliditetom , dati jasnu poruku da dru\u0161tvo obra\u0107a pa\u017enju na njih kako bi stekli potrebno radno iskustvo, prednost za zapo\u0161ljavanje a lokalnoj sredini smanjenje broja nezaposlenih.<\/p>\n<p>Integracija osoba sa invaliditetom u rad \u0161kole je zna\u010dajan faktor razvoja dru\u0161tva, ka\u017ee Aleksopulos. Ovo je prvi put da je VM\u0160 SS iz \u0106uprije konkurisala na projekat NSZ jer \u0107e njegovom realizacijom sprovesti program predsednice Vlade Srbije Ane Brnabi\u0107 da cela Srbija bude povezana u jedinstveni elektronski sistem, koji \u0107e biti dostupan svima kroz formiranje odgovaraju\u0107e elektronske baze podataka.<\/p>\n<p>Formiranjem jedinstvene baze knjiga, monografija, \u010dasopisa na srpskom i stranim jezicima i zavr\u0161nih radova studenata, omogu\u0107i\u0107e lako informisanje studenata iz struke o publikacijama koje su im dostupne u biblioteci VM\u0160 SS u \u0106upriji.<\/p>\n<p>Lica anga\u017eovana na ovim poslovima i aktivnostima dolazi\u0107e samostalno na adresu \u0161kole, a ukoliko nisu u mogu\u0107nosti do njihovog mesta stanovanja dolazi\u0107e \u0161kolsko vozilo, koje bi ih dovozilo do \u0161kole a kasnije vra\u0107alo do mesta stanovanja.<\/p>\n<p>Ovakav program NSZ, nagla\u0161ava direktor Aleksopulos, i radno anga\u017eovanje osoba sa invaliditetom jasna je podr\u0161ka od strane dr\u017eave i \u0161ire dru\u0161tvene zajednice. VM\u0160 SS iz \u0106uprije uklju\u010denjem u ovaj projekat osobe sa invaliditetom imaju pravo na rad i budu korisni \u010dlanovi dru\u0161tva. Ovo je dobar primer saradnje \u0161kole i dr\u017eavnih institucija. Sa ovakvom praksom i saradnjom treba i dalje nastaviti.<\/p>\n<p>&nbsp;<\/p>\n","protected":false},"excerpt":{"rendered":"<p>\u0106UPRIJA-Program Javnog rada Nacionalne slu\u017ebe zapo\u0161ljavanja za radno anga\u017eovanje osoba sa invaliditetom za pomo\u0107 i podr\u0161ku studentima Visoke medicinske \u0161kole strukovnih studija iz \u0106uprije, omogu\u0107io &hellip; <\/p>\n","protected":false},"author":4,"featured_media":8976,"comment_status":"open","ping_status":"open","sticky":false,"template":"","format":"standard","meta":{"footnotes":""},"categories":[1515,28,14,1524,2,887,12],"tags":[44,1687],"_links":{"self":[{"href":"https:\/\/centralmedia.rs\/index.php\/wp-json\/wp\/v2\/posts\/8975"}],"collection":[{"href":"https:\/\/centralmedia.rs\/index.php\/wp-json\/wp\/v2\/posts"}],"about":[{"href":"https:\/\/centralmedia.rs\/index.php\/wp-json\/wp\/v2\/types\/post"}],"author":[{"embeddable":true,"href":"https:\/\/centralmedia.rs\/index.php\/wp-json\/wp\/v2\/users\/4"}],"replies":[{"embeddable":true,"href":"https:\/\/centralmedia.rs\/index.php\/wp-json\/wp\/v2\/comments?post=8975"}],"version-history":[{"count":1,"href":"https:\/\/centralmedia.rs\/index.php\/wp-json\/wp\/v2\/posts\/8975\/revisions"}],"predecessor-version":[{"id":8978,"href":"https:\/\/centralmedia.rs\/index.php\/wp-json\/wp\/v2\/posts\/8975\/revisions\/8978"}],"wp:featuredmedia":[{"embeddable":true,"href":"https:\/\/centralmedia.rs\/index.php\/wp-json\/wp\/v2\/media\/8976"}],"wp:attachment":[{"href":"https:\/\/centralmedia.rs\/index.php\/wp-json\/wp\/v2\/media?parent=8975"}],"wp:term":[{"taxonomy":"category","embeddable":true,"href":"https:\/\/centralmedia.rs\/index.php\/wp-json\/wp\/v2\/categories?post=8975"},{"taxonomy":"post_tag","embeddable":true,"href":"https:\/\/centralmedia.rs\/index.php\/wp-json\/wp\/v2\/tags?post=8975"}],"curies":[{"name":"wp","href":"https:\/\/api.w.org\/{rel}","templated":true}]}}