{"id":8979,"date":"2017-08-05T14:25:23","date_gmt":"2017-08-05T14:25:23","guid":{"rendered":"http:\/\/centralmedia.rs\/?p=8979"},"modified":"2017-08-05T14:26:47","modified_gmt":"2017-08-05T14:26:47","slug":"na-cuprijskoj-10-crevarijadi-10-000-posetilaca-na-43-stepena-uz-miroslava-ilica-igralo-se-pevalo-pekla-se-crevca-na-zaru","status":"publish","type":"post","link":"https:\/\/centralmedia.rs\/index.php\/2017\/08\/05\/na-cuprijskoj-10-crevarijadi-10-000-posetilaca-na-43-stepena-uz-miroslava-ilica-igralo-se-pevalo-pekla-se-crevca-na-zaru\/","title":{"rendered":"NA \u0106UPRIJSKOJ 10. CREVARIJADI 10.000 POSETILACA-NA 43 STEPENA UZ MIROSLAVA ILI\u0106A IGRALO SE I PEVALO, PEKLA SE CREVCA NA \u017dARU"},"content":{"rendered":"<p>\u0106UPRIJA-Jubilarna 10. Crevarijada u \u0106upriji okupila je danas preko 10.000 posetilaca iz cele Srbije,u hladu Moravskog parka na 43 stepena konzumirali su se specijaliteti od crevaca na \u017earu, igralo se kolo, mahalo se zastavama, pevalo \u00a0oko bine na kojoj je nastupio Miroslav Ili\u0107. U konkurnciji 66 ekipa pobednik 10. Crevarijade je ekipa Moravski pustolovi, nagrade za najlep\u0161e ure\u0111en \u0161tand i najlep\u0161i tanjir pripale su ekipi Ivana plus.<a href=\"https:\/\/centralmedia.rs\/wp-content\/uploads\/2017\/08\/miroslav-ilic.jpg\"><img loading=\"lazy\" decoding=\"async\" class=\"alignright size-medium wp-image-8981\" src=\"https:\/\/centralmedia.rs\/wp-content\/uploads\/2017\/08\/miroslav-ilic-300x225.jpg\" alt=\"\" width=\"300\" height=\"225\" srcset=\"https:\/\/centralmedia.rs\/wp-content\/uploads\/2017\/08\/miroslav-ilic-300x225.jpg 300w, https:\/\/centralmedia.rs\/wp-content\/uploads\/2017\/08\/miroslav-ilic-768x576.jpg 768w, https:\/\/centralmedia.rs\/wp-content\/uploads\/2017\/08\/miroslav-ilic-80x60.jpg 80w, https:\/\/centralmedia.rs\/wp-content\/uploads\/2017\/08\/miroslav-ilic-265x198.jpg 265w, https:\/\/centralmedia.rs\/wp-content\/uploads\/2017\/08\/miroslav-ilic.jpg 900w\" sizes=\"(max-width: 300px) 100vw, 300px\" \/><\/a><\/p>\n<p>-Odazivam se na svaku manifestaciju i ne sla\u017eem se sa onima koji tvrde da je u Srbiji mnogo ,,&#8230;ijada&#8221;, nije mnogo. To je jedino \u0161to mo\u017eemo da sa\u010duvamo i svaka od njih \u010duva deo tradicije, ne\u0161to \u0161to smo mi. Volim dimljena crevca i rado iz \u0106uprije nosim paket ku\u0107i da uz projicu zamezim, rekao je Miroslav Ili\u0107.<\/p>\n<p>\u0106uprija proteklih godina afirmi\u0161e svoje prednosti, a me\u0111u njima su posetioci prepoznali i Crevarijadu, kao jedinstvenu manifestaciju na Balkanu u specijalitetima od crevaca na \u017earu. \u00a0\u00a0\u00a0\u00a0\u00a0\u00a0\u00a0\u00a0<a href=\"https:\/\/centralmedia.rs\/wp-content\/uploads\/2017\/08\/miroslav-ilic-i-predsednik-opstine-cuprija-ninoslav-eric.jpg\"><img loading=\"lazy\" decoding=\"async\" class=\"alignright size-medium wp-image-8982\" src=\"https:\/\/centralmedia.rs\/wp-content\/uploads\/2017\/08\/miroslav-ilic-i-predsednik-opstine-cuprija-ninoslav-eric-300x225.jpg\" alt=\"\" width=\"300\" height=\"225\" srcset=\"https:\/\/centralmedia.rs\/wp-content\/uploads\/2017\/08\/miroslav-ilic-i-predsednik-opstine-cuprija-ninoslav-eric-300x225.jpg 300w, https:\/\/centralmedia.rs\/wp-content\/uploads\/2017\/08\/miroslav-ilic-i-predsednik-opstine-cuprija-ninoslav-eric-768x576.jpg 768w, https:\/\/centralmedia.rs\/wp-content\/uploads\/2017\/08\/miroslav-ilic-i-predsednik-opstine-cuprija-ninoslav-eric-80x60.jpg 80w, https:\/\/centralmedia.rs\/wp-content\/uploads\/2017\/08\/miroslav-ilic-i-predsednik-opstine-cuprija-ninoslav-eric-265x198.jpg 265w, https:\/\/centralmedia.rs\/wp-content\/uploads\/2017\/08\/miroslav-ilic-i-predsednik-opstine-cuprija-ninoslav-eric.jpg 900w\" sizes=\"(max-width: 300px) 100vw, 300px\" \/><\/a><\/p>\n<p>-Ova manfestacija se menjala proteklih godina, ali od ove smo napravili temelj za narednih deset. Pre pet godina bilo je 6 ekipa, danas 66, lokalna samouprava obe\u0107ava da \u0107e svake godine dovoditi velika imena narodne muzike. Bitno je da je manifestacija prerasla okvire \u0106uprije,tu su ekipe iz Pomoravlja, Trstenika, Valjeva, Lapova, kao i cele Srbije, te \u0107e predstavljati na nabolji na\u010din \u0106upriju i Pomoravlje, rekao je predsednik te op\u0161tine Ninoslav Eri\u0107 i dodao da je turizam od velikog zna\u010daja za razvoj privrednih potencijala, kao i rad na sportskom i arheolo\u0161kom turizmu.<\/p>\n<figure id=\"attachment_8983\" aria-describedby=\"caption-attachment-8983\" style=\"width: 300px\" class=\"wp-caption alignright\"><a href=\"https:\/\/centralmedia.rs\/wp-content\/uploads\/2017\/08\/pobednici-super-ljutog-izazova.jpg\"><img loading=\"lazy\" decoding=\"async\" class=\"size-medium wp-image-8983\" src=\"https:\/\/centralmedia.rs\/wp-content\/uploads\/2017\/08\/pobednici-super-ljutog-izazova-300x225.jpg\" alt=\"\" width=\"300\" height=\"225\" srcset=\"https:\/\/centralmedia.rs\/wp-content\/uploads\/2017\/08\/pobednici-super-ljutog-izazova-300x225.jpg 300w, https:\/\/centralmedia.rs\/wp-content\/uploads\/2017\/08\/pobednici-super-ljutog-izazova-768x576.jpg 768w, https:\/\/centralmedia.rs\/wp-content\/uploads\/2017\/08\/pobednici-super-ljutog-izazova-80x60.jpg 80w, https:\/\/centralmedia.rs\/wp-content\/uploads\/2017\/08\/pobednici-super-ljutog-izazova-265x198.jpg 265w, https:\/\/centralmedia.rs\/wp-content\/uploads\/2017\/08\/pobednici-super-ljutog-izazova.jpg 900w\" sizes=\"(max-width: 300px) 100vw, 300px\" \/><\/a><figcaption id=\"caption-attachment-8983\" class=\"wp-caption-text\">Pobednici Super ljutog izazova<\/figcaption><\/figure>\n<blockquote><p>SUPER LJUTI IZAZOV<\/p>\n<p>Prvi put u Srbiji odr\u017eano je takmi\u010denje u konzumiranju ljuTIh papri\u010dica Super ljuti izazov. Od petorice takmi\u010dara Tanasije Panti\u0107 i Ivica Rajovi\u0107 su pobednici. Oni su \u00a0pojeli po \u010detiri veoma ljute papri\u010dice, kod pete su odustali i podelili pobedu kao i po 2.000 dinara<\/p><\/blockquote>\n<p>Predsednik \u017eirija Jova Radovanovi\u0107 zabavljao je posetioce vicevima, ali je zatim vredno radio.<a href=\"https:\/\/centralmedia.rs\/wp-content\/uploads\/2017\/08\/ziri-i-jova-1.jpg\"><img loading=\"lazy\" decoding=\"async\" class=\"alignright size-medium wp-image-8984\" src=\"https:\/\/centralmedia.rs\/wp-content\/uploads\/2017\/08\/ziri-i-jova-1-300x207.jpg\" alt=\"\" width=\"300\" height=\"207\" srcset=\"https:\/\/centralmedia.rs\/wp-content\/uploads\/2017\/08\/ziri-i-jova-1-300x207.jpg 300w, https:\/\/centralmedia.rs\/wp-content\/uploads\/2017\/08\/ziri-i-jova-1-768x531.jpg 768w, https:\/\/centralmedia.rs\/wp-content\/uploads\/2017\/08\/ziri-i-jova-1-100x70.jpg 100w, https:\/\/centralmedia.rs\/wp-content\/uploads\/2017\/08\/ziri-i-jova-1-218x150.jpg 218w, https:\/\/centralmedia.rs\/wp-content\/uploads\/2017\/08\/ziri-i-jova-1.jpg 900w\" sizes=\"(max-width: 300px) 100vw, 300px\" \/><\/a><\/p>\n<p>-Nisam imamo zadu\u017eenje da probam crevca, ali sam vizuleno ocenjivao kompletan utisak, a imam istaknut aparat pa mi je i to pomoglo kada sam mirisao. \u0106uprija je lep grad, lepo \u0161to neguje tradiciju, okuplja ljude da se dru\u017ee, zabave, provesele, pojedu ne\u0161to lepo, zapevaju i zaigraju, rekao je poznati komi\u010dar Jova Radovanovi\u0107.<\/p>\n<figure id=\"attachment_8985\" aria-describedby=\"caption-attachment-8985\" style=\"width: 300px\" class=\"wp-caption alignright\"><a href=\"https:\/\/centralmedia.rs\/wp-content\/uploads\/2017\/08\/pobednici-moravski-pustolovi.jpg\"><img loading=\"lazy\" decoding=\"async\" class=\"size-medium wp-image-8985\" src=\"https:\/\/centralmedia.rs\/wp-content\/uploads\/2017\/08\/pobednici-moravski-pustolovi-300x225.jpg\" alt=\"\" width=\"300\" height=\"225\" srcset=\"https:\/\/centralmedia.rs\/wp-content\/uploads\/2017\/08\/pobednici-moravski-pustolovi-300x225.jpg 300w, https:\/\/centralmedia.rs\/wp-content\/uploads\/2017\/08\/pobednici-moravski-pustolovi-768x576.jpg 768w, https:\/\/centralmedia.rs\/wp-content\/uploads\/2017\/08\/pobednici-moravski-pustolovi-80x60.jpg 80w, https:\/\/centralmedia.rs\/wp-content\/uploads\/2017\/08\/pobednici-moravski-pustolovi-265x198.jpg 265w, https:\/\/centralmedia.rs\/wp-content\/uploads\/2017\/08\/pobednici-moravski-pustolovi.jpg 900w\" sizes=\"(max-width: 300px) 100vw, 300px\" \/><\/a><figcaption id=\"caption-attachment-8985\" class=\"wp-caption-text\">Pobednici 10. Crevarijade Moravski pustolovi<\/figcaption><\/figure>\n<p>Pobednicima Crevarijade pripale su nagrade, kao i pe\u010deno prase.<\/p>\n<p>-Tajna u pripremi najboljih crevaca na \u017earu je u ljubavi, u tome \u0161to sam ovde ro\u0111en i volim \u0106upriju. Jedno vreme sam predsedavao u lokalnoj upravi, \u010dinim sve da ovaj grad bude pravi. Pozvao sam mnogo ekipa, odazvali su se prijatelji iz Negotina, Kladova, Zaje\u010dara, Svilajnca, Rekovca i Para\u0107ina. Sa ljubavlju smo radili na pripremi manifestacije, ka\u017ee kapiten Moravskih pustolova Du\u0161an Trifunovi\u0107.<\/p>\n<figure id=\"attachment_8986\" aria-describedby=\"caption-attachment-8986\" style=\"width: 300px\" class=\"wp-caption alignright\"><a href=\"https:\/\/centralmedia.rs\/wp-content\/uploads\/2017\/08\/najlepsi-stand.jpg\"><img loading=\"lazy\" decoding=\"async\" class=\"size-medium wp-image-8986\" src=\"https:\/\/centralmedia.rs\/wp-content\/uploads\/2017\/08\/najlepsi-stand-300x225.jpg\" alt=\"\" width=\"300\" height=\"225\" srcset=\"https:\/\/centralmedia.rs\/wp-content\/uploads\/2017\/08\/najlepsi-stand-300x225.jpg 300w, https:\/\/centralmedia.rs\/wp-content\/uploads\/2017\/08\/najlepsi-stand-768x576.jpg 768w, https:\/\/centralmedia.rs\/wp-content\/uploads\/2017\/08\/najlepsi-stand-80x60.jpg 80w, https:\/\/centralmedia.rs\/wp-content\/uploads\/2017\/08\/najlepsi-stand-265x198.jpg 265w, https:\/\/centralmedia.rs\/wp-content\/uploads\/2017\/08\/najlepsi-stand.jpg 900w\" sizes=\"(max-width: 300px) 100vw, 300px\" \/><\/a><figcaption id=\"caption-attachment-8986\" class=\"wp-caption-text\">Najlep\u0161i \u0161tand i tanjir Ivana plus<\/figcaption><\/figure>\n<p>\u017denska ekipa je pobedila u aran\u017eiranju \u0161tandova i tanjira.<\/p>\n<p>-Re\u0161ile smo da se okupimo i poka\u017eemo mladima kako se \u010duva srpska tradicija. Napravile smo etno \u0161tand sa stvarima iz 19. i po\u010detka 20. veka. Spremile smo tradicionalna jela i sve to aran\u017eirale, kazala je kapitenka \u017eenske ekipe Ivana plus Slavica Ili\u0107<\/p>\n<p>&nbsp;<\/p>\n<p>&nbsp;<\/p>\n","protected":false},"excerpt":{"rendered":"<p>\u0106UPRIJA-Jubilarna 10. Crevarijada u \u0106upriji okupila je danas preko 10.000 posetilaca iz cele Srbije,u hladu Moravskog parka na 43 stepena konzumirali su se specijaliteti od &hellip; <\/p>\n","protected":false},"author":4,"featured_media":8980,"comment_status":"open","ping_status":"open","sticky":false,"template":"","format":"standard","meta":{"footnotes":""},"categories":[1515,14,1524,2,887,12],"tags":[2198,44,2138],"_links":{"self":[{"href":"https:\/\/centralmedia.rs\/index.php\/wp-json\/wp\/v2\/posts\/8979"}],"collection":[{"href":"https:\/\/centralmedia.rs\/index.php\/wp-json\/wp\/v2\/posts"}],"about":[{"href":"https:\/\/centralmedia.rs\/index.php\/wp-json\/wp\/v2\/types\/post"}],"author":[{"embeddable":true,"href":"https:\/\/centralmedia.rs\/index.php\/wp-json\/wp\/v2\/users\/4"}],"replies":[{"embeddable":true,"href":"https:\/\/centralmedia.rs\/index.php\/wp-json\/wp\/v2\/comments?post=8979"}],"version-history":[{"count":2,"href":"https:\/\/centralmedia.rs\/index.php\/wp-json\/wp\/v2\/posts\/8979\/revisions"}],"predecessor-version":[{"id":8988,"href":"https:\/\/centralmedia.rs\/index.php\/wp-json\/wp\/v2\/posts\/8979\/revisions\/8988"}],"wp:featuredmedia":[{"embeddable":true,"href":"https:\/\/centralmedia.rs\/index.php\/wp-json\/wp\/v2\/media\/8980"}],"wp:attachment":[{"href":"https:\/\/centralmedia.rs\/index.php\/wp-json\/wp\/v2\/media?parent=8979"}],"wp:term":[{"taxonomy":"category","embeddable":true,"href":"https:\/\/centralmedia.rs\/index.php\/wp-json\/wp\/v2\/categories?post=8979"},{"taxonomy":"post_tag","embeddable":true,"href":"https:\/\/centralmedia.rs\/index.php\/wp-json\/wp\/v2\/tags?post=8979"}],"curies":[{"name":"wp","href":"https:\/\/api.w.org\/{rel}","templated":true}]}}