{"id":8989,"date":"2017-08-05T21:48:47","date_gmt":"2017-08-05T21:48:47","guid":{"rendered":"http:\/\/centralmedia.rs\/?p=8989"},"modified":"2017-08-05T21:48:47","modified_gmt":"2017-08-05T21:48:47","slug":"otvoren-48-levacki-sabor-prodjoh-levac-prodjoh-sumadiju","status":"publish","type":"post","link":"https:\/\/centralmedia.rs\/index.php\/2017\/08\/05\/otvoren-48-levacki-sabor-prodjoh-levac-prodjoh-sumadiju\/","title":{"rendered":"OTVOREN 48. LEVA\u010cKI SABOR PRO\u0110OH LEVA\u010c, PRO\u0110OH \u0160UMADIJU"},"content":{"rendered":"<p>REKOVAC-Tradicionalni 48. Sabor narodnog stvarala\u0161tva\u00a0\u0160umadije i Pomoravlja, \u201cPro\u0111oh Leva\u010d, pro\u0111oh \u0160umadiju\u201d, otvoren je ve\u010deras u porti srednjovekovnog manastira Kaleni\u0107 kod Rekovca.<\/p>\n<p>-Velika mi je \u010dast \u0161to sam u manastiru Kaleni\u0107, na Leva\u010dkom saboru.<a href=\"https:\/\/centralmedia.rs\/wp-content\/uploads\/2017\/08\/sabor-3.jpg\"><img loading=\"lazy\" decoding=\"async\" class=\"alignright size-medium wp-image-8991\" src=\"https:\/\/centralmedia.rs\/wp-content\/uploads\/2017\/08\/sabor-3-300x225.jpg\" alt=\"\" width=\"300\" height=\"225\" srcset=\"https:\/\/centralmedia.rs\/wp-content\/uploads\/2017\/08\/sabor-3-300x225.jpg 300w, https:\/\/centralmedia.rs\/wp-content\/uploads\/2017\/08\/sabor-3-768x576.jpg 768w, https:\/\/centralmedia.rs\/wp-content\/uploads\/2017\/08\/sabor-3-80x60.jpg 80w, https:\/\/centralmedia.rs\/wp-content\/uploads\/2017\/08\/sabor-3-265x198.jpg 265w, https:\/\/centralmedia.rs\/wp-content\/uploads\/2017\/08\/sabor-3.jpg 900w\" sizes=\"(max-width: 300px) 100vw, 300px\" \/><\/a> Kada imate ovakvu svetinju iza sebe, kada se setite kakve ste vladare imali, pa kada znate da je ovo napravio kralj Aleksandar, a onda se zapitate ko u okru\u017eenju ima bilo \u0161ta sli\u010dno. Nema niko. Ponekad me bude sramtota \u0161to ne uradimo vi\u0161e da \u0161to vi\u0161e ljudi sa strane do\u0111e da vidi koliko smo veliki. Imamo neverovatnu veliku kulturu i istoriju. Mi smo pre svega veruju\u0107i narod, nas je vera odr\u017eala. Nama je porodica najva\u017enija i zato su sabori dobri, svuda se u Srbiji ne\u0161to de\u0161ava iz dana u dan. Postala je Srbija \u017eiva. Skuplja se narod oko manastira, rakao je na otvaraju\u0107i manifestaciju narodni poslanik i \u010dlan Predsedni\u0161tva \u00a0SNS Vladimir \u0110ukanovi\u0107.<\/p>\n<p>Otvaranju sabora prisustvovali su vladika \u0160umadijski Jovan, ambasador Palestine Muhamed Nabham, konzul Palestine Alala, dr\u017eavni sektretar Velimir Stanojevi\u0107, kao i predstavnici susednih op\u0161tina i gradova.<\/p>\n<figure id=\"attachment_8992\" aria-describedby=\"caption-attachment-8992\" style=\"width: 300px\" class=\"wp-caption alignright\"><a href=\"https:\/\/centralmedia.rs\/wp-content\/uploads\/2017\/08\/dr-aleksandar-djordjevic.jpg\"><img loading=\"lazy\" decoding=\"async\" class=\"size-medium wp-image-8992\" src=\"https:\/\/centralmedia.rs\/wp-content\/uploads\/2017\/08\/dr-aleksandar-djordjevic-300x225.jpg\" alt=\"\" width=\"300\" height=\"225\" srcset=\"https:\/\/centralmedia.rs\/wp-content\/uploads\/2017\/08\/dr-aleksandar-djordjevic-300x225.jpg 300w, https:\/\/centralmedia.rs\/wp-content\/uploads\/2017\/08\/dr-aleksandar-djordjevic-768x576.jpg 768w, https:\/\/centralmedia.rs\/wp-content\/uploads\/2017\/08\/dr-aleksandar-djordjevic-80x60.jpg 80w, https:\/\/centralmedia.rs\/wp-content\/uploads\/2017\/08\/dr-aleksandar-djordjevic-265x198.jpg 265w, https:\/\/centralmedia.rs\/wp-content\/uploads\/2017\/08\/dr-aleksandar-djordjevic.jpg 900w\" sizes=\"(max-width: 300px) 100vw, 300px\" \/><\/a><figcaption id=\"caption-attachment-8992\" class=\"wp-caption-text\">Dr Aleksandar \u0110or\u0111evi\u0107<\/figcaption><\/figure>\n<p>-Zemlja i narod postoje u svom pravom identitetu samo ako neguju svoju tradiciju i izvorene vrednosti. Sabor u Lev\u010du dostojno predstavlja ovaj kraj u \u0160umadiji, koji neguje stare obi\u010daje i kulturu. Iz po\u0161tovanja prema precima i du\u017enosti prema potomcima, moramo ulo\u017eiti napore da o\u010duvamo vrednosti kulture, tradicije i obi\u010daje koje smo nasledili. Jedino na taj na\u010din Leva\u010d mo\u017ee da \u017eivi, sa svojom prirodom, istorijom i kulturom, ponosom i dostajnstvom, rekao je predsednik te op\u0161tine dr Aleksandar \u0110or\u0111evi\u0107.<a href=\"https:\/\/centralmedia.rs\/wp-content\/uploads\/2017\/08\/sabor-1.jpg\"><img loading=\"lazy\" decoding=\"async\" class=\"aligncenter size-full wp-image-8993\" src=\"https:\/\/centralmedia.rs\/wp-content\/uploads\/2017\/08\/sabor-1.jpg\" alt=\"\" width=\"900\" height=\"675\" srcset=\"https:\/\/centralmedia.rs\/wp-content\/uploads\/2017\/08\/sabor-1.jpg 900w, https:\/\/centralmedia.rs\/wp-content\/uploads\/2017\/08\/sabor-1-300x225.jpg 300w, https:\/\/centralmedia.rs\/wp-content\/uploads\/2017\/08\/sabor-1-768x576.jpg 768w, https:\/\/centralmedia.rs\/wp-content\/uploads\/2017\/08\/sabor-1-80x60.jpg 80w, https:\/\/centralmedia.rs\/wp-content\/uploads\/2017\/08\/sabor-1-265x198.jpg 265w\" sizes=\"(max-width: 900px) 100vw, 900px\" \/><\/a><\/p>\n<p>U nastavku je usledio scenski prikaz ,,Ostavi\u0161e spomen rodu srpskom\u201d u re\u017eiji Marine Kon\u010dar i Momira Bradi\u0107a i uz u\u010de\u0161\u0107e glumaca Momira Bradi\u0107a, Vesne Pavlovi\u0107, Nikole Milojevi\u0107a, Neboj\u0161e Vrani\u0107a i Vladimira Vu\u010dkovi\u0107a. U okviru programa u\u010destvovali su i solista Vojislav Spasi\u0107 i hor AVIA Arhangeli, kao i folklorni ansambli ,,Grozd\u201d iz Aleksandrovca i ,,Tradicija\u201d iz Trstenika. Na Letnjoj pozornici kraj Kaleni\u0107ke reke u nedelju 6. avgusta centralni deo manifestacije je sve\u010dani defile kulturno-umetni\u010dkih dru\u0161tava od porte do letnje pozornice na kojoj od 13 \u010dasova po\u010dinje takmi\u010darski deo nastupom kulturno-umetni\u010dkih dru\u0161tava iz \u0160umadije i Pomoravlja uz revijalni nastup kulturno-umetni\u010dkih dru\u0161tava iz zemlje i inostranstva. Program se nastavlja dodelom povelje ,,Brativoje Markovi\u0107\u201d i izborom za najdu\u017ei brk i najdu\u017eu pletenicu, kao i izborom najlep\u0161e saborice i najlep\u0161e mu\u0161ke i \u017eenske narodne no\u0161nje. Pored toga, posetioci \u0107e mo\u0107i da vide izlo\u017ebe dela sa XXV likovne kolonije u O\u0160 ,,Du\u0161an Popovi\u0107,, u Kaleni\u0107kom Prnjavoru,manifestaciju\u00a0<em>,,Zlatne ruke Lev\u010da\u201d<\/em>\u00a0u okviru koje se organizuje priprema i degustacija starih jela i izlo\u017eba doma\u0107e radinosti, takmi\u010denje zdravi\u010dara i <strong><em>\u00a0<\/em><\/strong><em>,,Ulica starih zanata\u201d<\/em>\u00a0u okviru koje se predstavljaju udru\u017eenja koji neguju stare i umetni\u010dke zanate.<\/p>\n","protected":false},"excerpt":{"rendered":"<p>REKOVAC-Tradicionalni 48. Sabor narodnog stvarala\u0161tva\u00a0\u0160umadije i Pomoravlja, \u201cPro\u0111oh Leva\u010d, pro\u0111oh \u0160umadiju\u201d, otvoren je ve\u010deras u porti srednjovekovnog manastira Kaleni\u0107 kod Rekovca. -Velika mi je \u010dast &hellip; <\/p>\n","protected":false},"author":4,"featured_media":8990,"comment_status":"open","ping_status":"open","sticky":false,"template":"","format":"standard","meta":{"footnotes":""},"categories":[1524,2,15,887,1519,12],"tags":[1071,2199,441],"_links":{"self":[{"href":"https:\/\/centralmedia.rs\/index.php\/wp-json\/wp\/v2\/posts\/8989"}],"collection":[{"href":"https:\/\/centralmedia.rs\/index.php\/wp-json\/wp\/v2\/posts"}],"about":[{"href":"https:\/\/centralmedia.rs\/index.php\/wp-json\/wp\/v2\/types\/post"}],"author":[{"embeddable":true,"href":"https:\/\/centralmedia.rs\/index.php\/wp-json\/wp\/v2\/users\/4"}],"replies":[{"embeddable":true,"href":"https:\/\/centralmedia.rs\/index.php\/wp-json\/wp\/v2\/comments?post=8989"}],"version-history":[{"count":1,"href":"https:\/\/centralmedia.rs\/index.php\/wp-json\/wp\/v2\/posts\/8989\/revisions"}],"predecessor-version":[{"id":8994,"href":"https:\/\/centralmedia.rs\/index.php\/wp-json\/wp\/v2\/posts\/8989\/revisions\/8994"}],"wp:featuredmedia":[{"embeddable":true,"href":"https:\/\/centralmedia.rs\/index.php\/wp-json\/wp\/v2\/media\/8990"}],"wp:attachment":[{"href":"https:\/\/centralmedia.rs\/index.php\/wp-json\/wp\/v2\/media?parent=8989"}],"wp:term":[{"taxonomy":"category","embeddable":true,"href":"https:\/\/centralmedia.rs\/index.php\/wp-json\/wp\/v2\/categories?post=8989"},{"taxonomy":"post_tag","embeddable":true,"href":"https:\/\/centralmedia.rs\/index.php\/wp-json\/wp\/v2\/tags?post=8989"}],"curies":[{"name":"wp","href":"https:\/\/api.w.org\/{rel}","templated":true}]}}