{"id":8995,"date":"2017-08-06T06:25:24","date_gmt":"2017-08-06T06:25:24","guid":{"rendered":"http:\/\/centralmedia.rs\/?p=8995"},"modified":"2017-08-06T06:25:24","modified_gmt":"2017-08-06T06:25:24","slug":"zbog-legende-o-smrti-mestani-kolara-u-strahu-od-ostecenog-hrasta-zapisa","status":"publish","type":"post","link":"https:\/\/centralmedia.rs\/index.php\/2017\/08\/06\/zbog-legende-o-smrti-mestani-kolara-u-strahu-od-ostecenog-hrasta-zapisa\/","title":{"rendered":"ZBOG LEGENDE O SMRTI-ME\u0160TANI KOLARA U STRAHU OD O\u0160TE\u0106ENOG HRASTA-ZAPISA"},"content":{"rendered":"<p>JAGODINA-Ve\u0107 nedelju dana me\u0161tani Kolara kod Jagodine u strahu su od hrasta, starog oko 300 godina koji je seoski zapis, jer posle o\u0161te\u0107enja u kome je tre\u0107ina stabla pala, zbog legende o smrti niko ne sme da pri\u0111e i ukloni ostatke drveta i grana. Naime, prilikom ure\u0111enja seoskog doma, pre nekoliko decenija u vreme biv\u0161e Jugoslavije, \u010detvorica radnika rezala su grane zapisa zbog gra\u0111evinskih radova i svi su zavr\u0161ili nasilnom smr\u0107u u saobra\u0107ajnim nesre\u0107ama.<\/p>\n<div id='gallery-1' class='gallery galleryid-8995 gallery-columns-2 gallery-size-full'><figure class='gallery-item'>\n\t\t\t<div class='gallery-icon landscape'>\n\t\t\t\t<a href='https:\/\/centralmedia.rs\/index.php\/2017\/08\/06\/zbog-legende-o-smrti-mestani-kolara-u-strahu-od-ostecenog-hrasta-zapisa\/kolare-hrast-1\/'><img loading=\"lazy\" decoding=\"async\" width=\"900\" height=\"675\" src=\"https:\/\/centralmedia.rs\/wp-content\/uploads\/2017\/08\/kolare-hrast-1.jpg\" class=\"attachment-full size-full\" alt=\"\" srcset=\"https:\/\/centralmedia.rs\/wp-content\/uploads\/2017\/08\/kolare-hrast-1.jpg 900w, https:\/\/centralmedia.rs\/wp-content\/uploads\/2017\/08\/kolare-hrast-1-300x225.jpg 300w, https:\/\/centralmedia.rs\/wp-content\/uploads\/2017\/08\/kolare-hrast-1-768x576.jpg 768w, https:\/\/centralmedia.rs\/wp-content\/uploads\/2017\/08\/kolare-hrast-1-80x60.jpg 80w, https:\/\/centralmedia.rs\/wp-content\/uploads\/2017\/08\/kolare-hrast-1-265x198.jpg 265w\" sizes=\"(max-width: 900px) 100vw, 900px\" \/><\/a>\n\t\t\t<\/div><\/figure><figure class='gallery-item'>\n\t\t\t<div class='gallery-icon landscape'>\n\t\t\t\t<a href='https:\/\/centralmedia.rs\/index.php\/2017\/08\/06\/zbog-legende-o-smrti-mestani-kolara-u-strahu-od-ostecenog-hrasta-zapisa\/kolare-hrast-2\/'><img loading=\"lazy\" decoding=\"async\" width=\"900\" height=\"675\" src=\"https:\/\/centralmedia.rs\/wp-content\/uploads\/2017\/08\/kolare-hrast-2.jpg\" class=\"attachment-full size-full\" alt=\"\" srcset=\"https:\/\/centralmedia.rs\/wp-content\/uploads\/2017\/08\/kolare-hrast-2.jpg 900w, https:\/\/centralmedia.rs\/wp-content\/uploads\/2017\/08\/kolare-hrast-2-300x225.jpg 300w, https:\/\/centralmedia.rs\/wp-content\/uploads\/2017\/08\/kolare-hrast-2-768x576.jpg 768w, https:\/\/centralmedia.rs\/wp-content\/uploads\/2017\/08\/kolare-hrast-2-80x60.jpg 80w, https:\/\/centralmedia.rs\/wp-content\/uploads\/2017\/08\/kolare-hrast-2-265x198.jpg 265w\" sizes=\"(max-width: 900px) 100vw, 900px\" \/><\/a>\n\t\t\t<\/div><\/figure>\n\t\t<\/div>\n\n<p>-Ja ne bih smeo da uklanjam grane lu\u017enjaka. Pri\u010de su pri\u010de, ali tih ljudi zaista nema.<a href=\"https:\/\/centralmedia.rs\/wp-content\/uploads\/2017\/08\/kolare-hrast-3.jpg\"><img loading=\"lazy\" decoding=\"async\" class=\"alignright size-medium wp-image-8999\" src=\"https:\/\/centralmedia.rs\/wp-content\/uploads\/2017\/08\/kolare-hrast-3-225x300.jpg\" alt=\"\" width=\"225\" height=\"300\" srcset=\"https:\/\/centralmedia.rs\/wp-content\/uploads\/2017\/08\/kolare-hrast-3-225x300.jpg 225w, https:\/\/centralmedia.rs\/wp-content\/uploads\/2017\/08\/kolare-hrast-3.jpg 675w\" sizes=\"(max-width: 225px) 100vw, 225px\" \/><\/a> Pod kakvim okolnostima se to dogodilo ne znam, da li ima veze sa kresanjem grana hrasta. Uglavnom narod tako pri\u010da, ka\u017ee me\u0161tanin Dragan Milanovi\u0107.<\/p>\n<p>Kako\u00a0 god bilo me\u0161tani Kolara su postavili trake upozorenja oko hrasta i na obli\u017enjem seoskom putu. Nepoku\u0161avaju da sklone pale grane hrasta, o\u010dekuju\u0107i odgovore i dela nadle\u017enih. Ina\u010de, taj hrast je odlukom odbornika Skup\u0161tine grada progla\u0161en za\u0161ti\u0107enim prirodnim dobrom, o kojima se stara novo Javno preduze\u0107e &#8220;Ure\u0111enje i javno osvetljenje&#8221;.<\/p>\n<p>&nbsp;<\/p>\n","protected":false},"excerpt":{"rendered":"<p>JAGODINA-Ve\u0107 nedelju dana me\u0161tani Kolara kod Jagodine u strahu su od hrasta, starog oko 300 godina koji je seoski zapis, jer posle o\u0161te\u0107enja u kome &hellip; <\/p>\n","protected":false},"author":4,"featured_media":8996,"comment_status":"open","ping_status":"open","sticky":false,"template":"","format":"standard","meta":{"footnotes":""},"categories":[14,1524,2,1514,12],"tags":[2200,58,2201],"_links":{"self":[{"href":"https:\/\/centralmedia.rs\/index.php\/wp-json\/wp\/v2\/posts\/8995"}],"collection":[{"href":"https:\/\/centralmedia.rs\/index.php\/wp-json\/wp\/v2\/posts"}],"about":[{"href":"https:\/\/centralmedia.rs\/index.php\/wp-json\/wp\/v2\/types\/post"}],"author":[{"embeddable":true,"href":"https:\/\/centralmedia.rs\/index.php\/wp-json\/wp\/v2\/users\/4"}],"replies":[{"embeddable":true,"href":"https:\/\/centralmedia.rs\/index.php\/wp-json\/wp\/v2\/comments?post=8995"}],"version-history":[{"count":1,"href":"https:\/\/centralmedia.rs\/index.php\/wp-json\/wp\/v2\/posts\/8995\/revisions"}],"predecessor-version":[{"id":9000,"href":"https:\/\/centralmedia.rs\/index.php\/wp-json\/wp\/v2\/posts\/8995\/revisions\/9000"}],"wp:featuredmedia":[{"embeddable":true,"href":"https:\/\/centralmedia.rs\/index.php\/wp-json\/wp\/v2\/media\/8996"}],"wp:attachment":[{"href":"https:\/\/centralmedia.rs\/index.php\/wp-json\/wp\/v2\/media?parent=8995"}],"wp:term":[{"taxonomy":"category","embeddable":true,"href":"https:\/\/centralmedia.rs\/index.php\/wp-json\/wp\/v2\/categories?post=8995"},{"taxonomy":"post_tag","embeddable":true,"href":"https:\/\/centralmedia.rs\/index.php\/wp-json\/wp\/v2\/tags?post=8995"}],"curies":[{"name":"wp","href":"https:\/\/api.w.org\/{rel}","templated":true}]}}