{"id":9001,"date":"2017-08-06T14:37:13","date_gmt":"2017-08-06T14:37:13","guid":{"rendered":"http:\/\/centralmedia.rs\/?p=9001"},"modified":"2017-08-06T14:39:27","modified_gmt":"2017-08-06T14:39:27","slug":"tradicija-jaca-od-paklene-vrucine-levacki-sabor-u-manastiru-kalenic","status":"publish","type":"post","link":"https:\/\/centralmedia.rs\/index.php\/2017\/08\/06\/tradicija-jaca-od-paklene-vrucine-levacki-sabor-u-manastiru-kalenic\/","title":{"rendered":"TRADICIJA JA\u010cA OD PAKLENE VRU\u0106INE-LEVA\u010cKI SABOR U MANASTIRU KALENI\u0106"},"content":{"rendered":"<p>REKOVAC-Ni veoma visoke temperature, koje su se u nedelju kretale oko 40 stepena, nisu spre\u010dile odr\u017eavanje 48. Leva\u010dkog sabora na pozornici pored Kalni\u0107ke reke u blizini manastira Kaleni\u0107 kod Rekovca, tradicija manifestacije izvornog narodnog stvarala\u0161tva Pro\u0111oh Leva\u010d, pro\u0111oh \u0160umadiju bila je ja\u010da od svi vemenskih nepogoda. Povelja za razvoj sabora ,,Brativoje Markovi\u0107\u201d, nazvana po osniva\u010du manifestacije, \u00a0dodeljena je Slobodanu Savi\u0107u &#8211; D\u017eani i JKP Glaveja.<a href=\"https:\/\/centralmedia.rs\/wp-content\/uploads\/2017\/08\/lejkasi-iz-vukmanovca.jpg\"><img loading=\"lazy\" decoding=\"async\" class=\"alignright size-medium wp-image-9003\" src=\"https:\/\/centralmedia.rs\/wp-content\/uploads\/2017\/08\/lejkasi-iz-vukmanovca-300x225.jpg\" alt=\"\" width=\"300\" height=\"225\" srcset=\"https:\/\/centralmedia.rs\/wp-content\/uploads\/2017\/08\/lejkasi-iz-vukmanovca-300x225.jpg 300w, https:\/\/centralmedia.rs\/wp-content\/uploads\/2017\/08\/lejkasi-iz-vukmanovca-768x576.jpg 768w, https:\/\/centralmedia.rs\/wp-content\/uploads\/2017\/08\/lejkasi-iz-vukmanovca-80x60.jpg 80w, https:\/\/centralmedia.rs\/wp-content\/uploads\/2017\/08\/lejkasi-iz-vukmanovca-265x198.jpg 265w, https:\/\/centralmedia.rs\/wp-content\/uploads\/2017\/08\/lejkasi-iz-vukmanovca.jpg 900w\" sizes=\"(max-width: 300px) 100vw, 300px\" \/><\/a><\/p>\n<p>-Zadovoljni smo odzivom posetilaca, imaju\u0107i u vidu vru\u0107inu. U takmi\u010darskom programu u\u010destvovalo je 16 kulturno-umetni\u010dkih dru\u0161tava iz cele Srbije. Ovo je jedna od retkih manifestacija kada Rekovac o\u017eivi, tako da se mo\u017ee re\u0107i da ,,Leva\u010d \u017eivi od sabora do sabora&#8221;. Tradicija je na\u0161a vodilja i u ubu\u0107nosti, radi\u0107emo na promociji od Subotice do Bujanovca. O\u010dekujem da nas podr\u017ei i Ministarstvo kulture, rekao je prdsednik te op\u0161tine dr Aleksandar \u0110or\u0111evi\u0107.<\/p>\n<figure id=\"attachment_9004\" aria-describedby=\"caption-attachment-9004\" style=\"width: 300px\" class=\"wp-caption alignright\"><a href=\"https:\/\/centralmedia.rs\/wp-content\/uploads\/2017\/08\/najlepsa-saborica-mirjana-pavlovic.jpg\"><img loading=\"lazy\" decoding=\"async\" class=\"size-medium wp-image-9004\" src=\"https:\/\/centralmedia.rs\/wp-content\/uploads\/2017\/08\/najlepsa-saborica-mirjana-pavlovic-300x225.jpg\" alt=\"\" width=\"300\" height=\"225\" srcset=\"https:\/\/centralmedia.rs\/wp-content\/uploads\/2017\/08\/najlepsa-saborica-mirjana-pavlovic-300x225.jpg 300w, https:\/\/centralmedia.rs\/wp-content\/uploads\/2017\/08\/najlepsa-saborica-mirjana-pavlovic-768x576.jpg 768w, https:\/\/centralmedia.rs\/wp-content\/uploads\/2017\/08\/najlepsa-saborica-mirjana-pavlovic-80x60.jpg 80w, https:\/\/centralmedia.rs\/wp-content\/uploads\/2017\/08\/najlepsa-saborica-mirjana-pavlovic-265x198.jpg 265w, https:\/\/centralmedia.rs\/wp-content\/uploads\/2017\/08\/najlepsa-saborica-mirjana-pavlovic.jpg 900w\" sizes=\"(max-width: 300px) 100vw, 300px\" \/><\/a><figcaption id=\"caption-attachment-9004\" class=\"wp-caption-text\">Mirjana Pavlovi\u0107<\/figcaption><\/figure>\n<p>Najlep\u0161a saborica je Mirjana Pavlovi\u0107 (17) iz Velikih Krupaca, prva pratilja Dana Felbab iz Novog Sada i druga pratilja Emilija Ba\u017ealjeva iz Luga.<\/p>\n<p>-Igram u kulturno-umetni\u010dkom dru\u0161tvu i prvi put se takmi\u010dim za najlep\u0161u saboricu. Ova titula mi zna\u010di mnogo, jer slede\u0107e godine idem na fakultet i prestajem sa folklorom, ka\u017ee srednjo\u0161kolka Mirjana Pavlovi\u0107.<\/p>\n<p>Vlasnica najdu\u017ee pletenice od 140 santimetara ima Milena Luki\u0107 (28) iz Jagodine.<\/p>\n<figure id=\"attachment_9005\" aria-describedby=\"caption-attachment-9005\" style=\"width: 300px\" class=\"wp-caption alignright\"><a href=\"https:\/\/centralmedia.rs\/wp-content\/uploads\/2017\/08\/milena-lukic-najpletnica.jpg\"><img loading=\"lazy\" decoding=\"async\" class=\"size-medium wp-image-9005\" src=\"https:\/\/centralmedia.rs\/wp-content\/uploads\/2017\/08\/milena-lukic-najpletnica-300x236.jpg\" alt=\"\" width=\"300\" height=\"236\" srcset=\"https:\/\/centralmedia.rs\/wp-content\/uploads\/2017\/08\/milena-lukic-najpletnica-300x236.jpg 300w, https:\/\/centralmedia.rs\/wp-content\/uploads\/2017\/08\/milena-lukic-najpletnica-768x604.jpg 768w, https:\/\/centralmedia.rs\/wp-content\/uploads\/2017\/08\/milena-lukic-najpletnica.jpg 900w\" sizes=\"(max-width: 300px) 100vw, 300px\" \/><\/a><figcaption id=\"caption-attachment-9005\" class=\"wp-caption-text\">Milena Luki\u0107<\/figcaption><\/figure>\n<p>U konkurenciji do 7 godina prvo mesto osvojila je Kristina Petrovi\u0107 (6) sa pletenicom od 89 santimetra i do 15 godina Kristina Sto\u0161i\u0107 (12) iz Milutovca sa 138 santimetra.<\/p>\n<p>-Ne \u0161i\u0161am se ve\u0107 4 godine, toliko dolazim na sabor, toliko pobeda imam. Prvi pit je bila 106, pa 116, 132 i sada 140 santimetra. Kod nege najte\u017ee je su\u0161enje zato \u0161to se kosa su\u0161i prirodno, taj proces je dugotrajan. Moji me podr\u017eavaju i nagovaraju, nastavi\u0107u da dolazim u Kaleni\u0107, pri\u010da Milena Luki\u0107.<\/p>\n<p>Najdu\u017ee brkove ima Zoran Lazarevi\u0107 iz Ni\u0161a sa 160 santimetra.On je pobedio i pro\u0161le godine sa 140 santimetra. Neguje ih posebnim metodama i \u017eelja mu je da narastu do 2 metra.<\/p>\n<figure id=\"attachment_9007\" aria-describedby=\"caption-attachment-9007\" style=\"width: 300px\" class=\"wp-caption alignright\"><a href=\"https:\/\/centralmedia.rs\/wp-content\/uploads\/2017\/08\/levcanke.jpg\"><img loading=\"lazy\" decoding=\"async\" class=\"size-medium wp-image-9007\" src=\"https:\/\/centralmedia.rs\/wp-content\/uploads\/2017\/08\/levcanke-300x225.jpg\" alt=\"\" width=\"300\" height=\"225\" srcset=\"https:\/\/centralmedia.rs\/wp-content\/uploads\/2017\/08\/levcanke-300x225.jpg 300w, https:\/\/centralmedia.rs\/wp-content\/uploads\/2017\/08\/levcanke-768x576.jpg 768w, https:\/\/centralmedia.rs\/wp-content\/uploads\/2017\/08\/levcanke-80x60.jpg 80w, https:\/\/centralmedia.rs\/wp-content\/uploads\/2017\/08\/levcanke-265x198.jpg 265w, https:\/\/centralmedia.rs\/wp-content\/uploads\/2017\/08\/levcanke.jpg 900w\" sizes=\"(max-width: 300px) 100vw, 300px\" \/><\/a><figcaption id=\"caption-attachment-9007\" class=\"wp-caption-text\">Lev\u010danke-najlep\u0161a tradicionalna jela i aran\u017eman stola<\/figcaption><\/figure>\n<p>\u0110or\u0111e \u017divanovi\u0107 iz Vukmanvoca pobednik je u zdravicama. Progla\u0161ena su najlep\u0161a dvori\u0161ta u Lev\u010du, na izlo\u017ebi Zlatne ruke Lev\u010da najbolja tradicionalna jela i najlep\u0161e aran\u017eirani sto imale su Lev\u010danke iz Velike Kru\u0161evice.<\/p>\n<p>-Negujemo srpsku kulturu i gastronomiju, pripremamo jela na na\u010din koji su to na\u0161e bake radile. Svaka \u017eena u Lev\u010du ume da napravi posnu i mrsnu trpezu, ka\u017ee Jasmina Jevremovi\u0107.<\/p>\n<p>Tradicionalno najve\u0107u pa\u017enju privukli su lejka\u0161i iz Vukmanovca, koji sviraju insturment od tikve koju uzgajaju.<\/p>\n<p>&nbsp;<\/p>\n<p>&nbsp;<\/p>\n","protected":false},"excerpt":{"rendered":"<p>REKOVAC-Ni veoma visoke temperature, koje su se u nedelju kretale oko 40 stepena, nisu spre\u010dile odr\u017eavanje 48. Leva\u010dkog sabora na pozornici pored Kalni\u0107ke reke u &hellip; <\/p>\n","protected":false},"author":4,"featured_media":9002,"comment_status":"open","ping_status":"open","sticky":false,"template":"","format":"standard","meta":{"footnotes":""},"categories":[1524,2,15,887,1519,12],"tags":[1071,2199,441],"_links":{"self":[{"href":"https:\/\/centralmedia.rs\/index.php\/wp-json\/wp\/v2\/posts\/9001"}],"collection":[{"href":"https:\/\/centralmedia.rs\/index.php\/wp-json\/wp\/v2\/posts"}],"about":[{"href":"https:\/\/centralmedia.rs\/index.php\/wp-json\/wp\/v2\/types\/post"}],"author":[{"embeddable":true,"href":"https:\/\/centralmedia.rs\/index.php\/wp-json\/wp\/v2\/users\/4"}],"replies":[{"embeddable":true,"href":"https:\/\/centralmedia.rs\/index.php\/wp-json\/wp\/v2\/comments?post=9001"}],"version-history":[{"count":3,"href":"https:\/\/centralmedia.rs\/index.php\/wp-json\/wp\/v2\/posts\/9001\/revisions"}],"predecessor-version":[{"id":9010,"href":"https:\/\/centralmedia.rs\/index.php\/wp-json\/wp\/v2\/posts\/9001\/revisions\/9010"}],"wp:featuredmedia":[{"embeddable":true,"href":"https:\/\/centralmedia.rs\/index.php\/wp-json\/wp\/v2\/media\/9002"}],"wp:attachment":[{"href":"https:\/\/centralmedia.rs\/index.php\/wp-json\/wp\/v2\/media?parent=9001"}],"wp:term":[{"taxonomy":"category","embeddable":true,"href":"https:\/\/centralmedia.rs\/index.php\/wp-json\/wp\/v2\/categories?post=9001"},{"taxonomy":"post_tag","embeddable":true,"href":"https:\/\/centralmedia.rs\/index.php\/wp-json\/wp\/v2\/tags?post=9001"}],"curies":[{"name":"wp","href":"https:\/\/api.w.org\/{rel}","templated":true}]}}