{"id":9032,"date":"2017-08-10T11:38:06","date_gmt":"2017-08-10T11:38:06","guid":{"rendered":"http:\/\/centralmedia.rs\/?p=9032"},"modified":"2017-08-10T11:38:06","modified_gmt":"2017-08-10T11:38:06","slug":"na-skveru-omladine-u-centru-jagodine-otvorena-nova-poslovnica-komercijalne-banke","status":"publish","type":"post","link":"https:\/\/centralmedia.rs\/index.php\/2017\/08\/10\/na-skveru-omladine-u-centru-jagodine-otvorena-nova-poslovnica-komercijalne-banke\/","title":{"rendered":"NA SKVERU OMLADINE U CENTRU JAGODINE &#8211; OTVORENA NOVA POSLOVNICA KOMERCIJALNE BANKE"},"content":{"rendered":"<p>JAGODINA-Komercijalna banka danas je u centru Jagodine \u00a0otvorila novu ekspozituru za stanovni\u0161tvo i pravna lica. Vrpcu su sve\u010dano presekli izvr\u0161ni direktor za poslove sa stanovni\u0161tvom i nove bankarske tehnologije Petar Stefanovi\u0107, direktor Poslovnog centra Kragujevac Danijela Kosti\u0107 Todi\u0107 i direktorka ekspoziture u Jagodini Branka Kova\u010devi\u0107.<a href=\"https:\/\/centralmedia.rs\/wp-content\/uploads\/2017\/08\/komercijalna-banka-3.jpg\"><img loading=\"lazy\" decoding=\"async\" class=\"aligncenter size-full wp-image-9034\" src=\"https:\/\/centralmedia.rs\/wp-content\/uploads\/2017\/08\/komercijalna-banka-3.jpg\" alt=\"\" width=\"900\" height=\"740\" srcset=\"https:\/\/centralmedia.rs\/wp-content\/uploads\/2017\/08\/komercijalna-banka-3.jpg 900w, https:\/\/centralmedia.rs\/wp-content\/uploads\/2017\/08\/komercijalna-banka-3-300x247.jpg 300w, https:\/\/centralmedia.rs\/wp-content\/uploads\/2017\/08\/komercijalna-banka-3-768x631.jpg 768w\" sizes=\"(max-width: 900px) 100vw, 900px\" \/><\/a><\/p>\n<p>-Jagodina je uvek bila privredni i dru\u0161tveni centar, ne samo ove regije, ve\u0107 i cele Srbije. Imali smo sre\u0107u i izuzetno zadovoljstvo da smo u Jagodini ve\u0107 15 godina i nadamo jo\u0161 bar deset puta toliko. Komercijalna banka je po\u010dekom godine realizovala jednu od najve\u0107ih reorganizacija mre\u017ee od osnivanja banke. Od 24 filijale formirali smo pet poslovnih centara za privredu i sedam za stanovni\u0161tvo. To nam je omogu\u0107ilo dalje \u0161irenje, tako da smo ju\u010de otvorili ekspozituru u Pre\u0161evu, danas u Jagodini. Komercijalna banka je izuzetno dinami\u010dan igra\u010d, trudimo se da budemo jo\u0161 bli\u017ei klijentima, jo\u0161 dostupniji i smatramo da \u0107e te promene to omogu\u0107iti, rekao je Stefanovi\u0107.<\/p>\n<p>On je podsetio klijente na povoljne gotovinske kredite sa produ\u017eenim rokom i nov\u010danim iznosom, kao i najbolje stambene kredite na tr\u017ei\u0161tu, te digitalne bankarske proizvode.<\/p>\n<p>-Poslovni centar Kragujevac objedinjuje ranije filajale Kragujevac, Po\u017earevac, Jagodina, Novi Pazar i Kraljevo. Nas izdvaja najpristupa\u010dniji odnos prema klijentu i to je 24 sata savetodavne pomo\u0107i. Lideri smo devizne \u0161tednje, a Poslovni centar Kragujevac prednja\u010di u kreditiranju mikro klijenata i stambenim kreditima, istakla je Danijela Kosti\u0107 Todi\u0107.<\/p>\n<div id='gallery-1' class='gallery galleryid-9032 gallery-columns-4 gallery-size-full'><figure class='gallery-item'>\n\t\t\t<div class='gallery-icon landscape'>\n\t\t\t\t<a href='https:\/\/centralmedia.rs\/index.php\/2017\/08\/10\/na-skveru-omladine-u-centru-jagodine-otvorena-nova-poslovnica-komercijalne-banke\/komercijalna-banka-5\/'><img loading=\"lazy\" decoding=\"async\" width=\"900\" height=\"675\" src=\"https:\/\/centralmedia.rs\/wp-content\/uploads\/2017\/08\/komercijalna-banka-5.jpg\" class=\"attachment-full size-full\" alt=\"\" srcset=\"https:\/\/centralmedia.rs\/wp-content\/uploads\/2017\/08\/komercijalna-banka-5.jpg 900w, https:\/\/centralmedia.rs\/wp-content\/uploads\/2017\/08\/komercijalna-banka-5-300x225.jpg 300w, https:\/\/centralmedia.rs\/wp-content\/uploads\/2017\/08\/komercijalna-banka-5-768x576.jpg 768w, https:\/\/centralmedia.rs\/wp-content\/uploads\/2017\/08\/komercijalna-banka-5-80x60.jpg 80w, https:\/\/centralmedia.rs\/wp-content\/uploads\/2017\/08\/komercijalna-banka-5-265x198.jpg 265w\" sizes=\"(max-width: 900px) 100vw, 900px\" \/><\/a>\n\t\t\t<\/div><\/figure><figure class='gallery-item'>\n\t\t\t<div class='gallery-icon landscape'>\n\t\t\t\t<a href='https:\/\/centralmedia.rs\/index.php\/2017\/08\/10\/na-skveru-omladine-u-centru-jagodine-otvorena-nova-poslovnica-komercijalne-banke\/komercijalna-banka-1\/'><img loading=\"lazy\" decoding=\"async\" width=\"900\" height=\"682\" src=\"https:\/\/centralmedia.rs\/wp-content\/uploads\/2017\/08\/komercijalna-banka-1.jpg\" class=\"attachment-full size-full\" alt=\"\" srcset=\"https:\/\/centralmedia.rs\/wp-content\/uploads\/2017\/08\/komercijalna-banka-1.jpg 900w, https:\/\/centralmedia.rs\/wp-content\/uploads\/2017\/08\/komercijalna-banka-1-300x227.jpg 300w, https:\/\/centralmedia.rs\/wp-content\/uploads\/2017\/08\/komercijalna-banka-1-768x582.jpg 768w, https:\/\/centralmedia.rs\/wp-content\/uploads\/2017\/08\/komercijalna-banka-1-80x60.jpg 80w\" sizes=\"(max-width: 900px) 100vw, 900px\" \/><\/a>\n\t\t\t<\/div><\/figure><figure class='gallery-item'>\n\t\t\t<div class='gallery-icon landscape'>\n\t\t\t\t<a href='https:\/\/centralmedia.rs\/index.php\/2017\/08\/10\/na-skveru-omladine-u-centru-jagodine-otvorena-nova-poslovnica-komercijalne-banke\/komercijalna-banka-2\/'><img loading=\"lazy\" decoding=\"async\" width=\"900\" height=\"652\" src=\"https:\/\/centralmedia.rs\/wp-content\/uploads\/2017\/08\/komercijalna-banka-2.jpg\" class=\"attachment-full size-full\" alt=\"\" srcset=\"https:\/\/centralmedia.rs\/wp-content\/uploads\/2017\/08\/komercijalna-banka-2.jpg 900w, https:\/\/centralmedia.rs\/wp-content\/uploads\/2017\/08\/komercijalna-banka-2-300x217.jpg 300w, https:\/\/centralmedia.rs\/wp-content\/uploads\/2017\/08\/komercijalna-banka-2-768x556.jpg 768w, https:\/\/centralmedia.rs\/wp-content\/uploads\/2017\/08\/komercijalna-banka-2-324x235.jpg 324w\" sizes=\"(max-width: 900px) 100vw, 900px\" \/><\/a>\n\t\t\t<\/div><\/figure><figure class='gallery-item'>\n\t\t\t<div class='gallery-icon landscape'>\n\t\t\t\t<a href='https:\/\/centralmedia.rs\/index.php\/2017\/08\/10\/na-skveru-omladine-u-centru-jagodine-otvorena-nova-poslovnica-komercijalne-banke\/komercijalna-banka-4\/'><img loading=\"lazy\" decoding=\"async\" width=\"900\" height=\"682\" src=\"https:\/\/centralmedia.rs\/wp-content\/uploads\/2017\/08\/komercijalna-banka-4-.jpg\" class=\"attachment-full size-full\" alt=\"\" srcset=\"https:\/\/centralmedia.rs\/wp-content\/uploads\/2017\/08\/komercijalna-banka-4-.jpg 900w, https:\/\/centralmedia.rs\/wp-content\/uploads\/2017\/08\/komercijalna-banka-4--300x227.jpg 300w, https:\/\/centralmedia.rs\/wp-content\/uploads\/2017\/08\/komercijalna-banka-4--768x582.jpg 768w, https:\/\/centralmedia.rs\/wp-content\/uploads\/2017\/08\/komercijalna-banka-4--80x60.jpg 80w\" sizes=\"(max-width: 900px) 100vw, 900px\" \/><\/a>\n\t\t\t<\/div><\/figure>\n\t\t<\/div>\n\n<p>Novi prostor banke u Jagodini povr\u0161ine je 230 kvadarata, u kome \u0107e klijenti mo\u0107i da koriste sve bankarske usluge namenjene fizi\u010dkim i pravnim licima.<\/p>\n<p>-Ovo je na\u0161 jubilej 15 godina rada, rasli smo od ekspoziture do filijale. O\u010dekujem jo\u0161 bolje rezultate, preselili smo se na novu lokaciju Skver omladine bb. Bi\u0107emo bli\u017ei korisnicima, \u0161to \u0107e uticati na kvalitetnije pru\u017eanje bankarskih usluga. Imamo preko 9.000 otvorenih ra\u010duna i nadam se da \u0107emo taj broj uve\u0107avati ,kazala je Branka Kova\u010devi\u0107<\/p>\n<p>Radno vreme ekspoziture je radnim danima od 9 do 17 sati i subotom od 9 do 13 sati. Klijentima je dostupan i bankomat 24 \u010dasa.<\/p>\n","protected":false},"excerpt":{"rendered":"<p>JAGODINA-Komercijalna banka danas je u centru Jagodine \u00a0otvorila novu ekspozituru za stanovni\u0161tvo i pravna lica. Vrpcu su sve\u010dano presekli izvr\u0161ni direktor za poslove sa stanovni\u0161tvom &hellip; <\/p>\n","protected":false},"author":4,"featured_media":9033,"comment_status":"open","ping_status":"open","sticky":false,"template":"","format":"standard","meta":{"footnotes":""},"categories":[22,1524,2,1514],"tags":[58,1196,2206],"_links":{"self":[{"href":"https:\/\/centralmedia.rs\/index.php\/wp-json\/wp\/v2\/posts\/9032"}],"collection":[{"href":"https:\/\/centralmedia.rs\/index.php\/wp-json\/wp\/v2\/posts"}],"about":[{"href":"https:\/\/centralmedia.rs\/index.php\/wp-json\/wp\/v2\/types\/post"}],"author":[{"embeddable":true,"href":"https:\/\/centralmedia.rs\/index.php\/wp-json\/wp\/v2\/users\/4"}],"replies":[{"embeddable":true,"href":"https:\/\/centralmedia.rs\/index.php\/wp-json\/wp\/v2\/comments?post=9032"}],"version-history":[{"count":1,"href":"https:\/\/centralmedia.rs\/index.php\/wp-json\/wp\/v2\/posts\/9032\/revisions"}],"predecessor-version":[{"id":9039,"href":"https:\/\/centralmedia.rs\/index.php\/wp-json\/wp\/v2\/posts\/9032\/revisions\/9039"}],"wp:featuredmedia":[{"embeddable":true,"href":"https:\/\/centralmedia.rs\/index.php\/wp-json\/wp\/v2\/media\/9033"}],"wp:attachment":[{"href":"https:\/\/centralmedia.rs\/index.php\/wp-json\/wp\/v2\/media?parent=9032"}],"wp:term":[{"taxonomy":"category","embeddable":true,"href":"https:\/\/centralmedia.rs\/index.php\/wp-json\/wp\/v2\/categories?post=9032"},{"taxonomy":"post_tag","embeddable":true,"href":"https:\/\/centralmedia.rs\/index.php\/wp-json\/wp\/v2\/tags?post=9032"}],"curies":[{"name":"wp","href":"https:\/\/api.w.org\/{rel}","templated":true}]}}