{"id":9040,"date":"2017-08-10T11:52:27","date_gmt":"2017-08-10T11:52:27","guid":{"rendered":"http:\/\/centralmedia.rs\/?p=9040"},"modified":"2017-08-10T11:53:05","modified_gmt":"2017-08-10T11:53:05","slug":"cuprija-bez-visa-zaposlenih-u-javnom-sektoru-ericopstina-nema-prekobrojnih","status":"publish","type":"post","link":"https:\/\/centralmedia.rs\/index.php\/2017\/08\/10\/cuprija-bez-visa-zaposlenih-u-javnom-sektoru-ericopstina-nema-prekobrojnih\/","title":{"rendered":"\u0106UPRIJA BEZ VI\u0160KA ZAPOSLENIH U JAVNOM SEKTORU &#8211; ERI\u0106 : OP\u0160TINA NEMA PREKOBROJNIH"},"content":{"rendered":"<p>\u0106UPRIJA-Predsednik Op\u0161tine \u0106uprija Ninoslav Eri\u0107 potvrdio je da ta lokalna samouprava nema prekobrojno zaposlenih.<\/p>\n<p>-Od Ministarstva dr\u017eavne uprave i lokalne samouprave dobili smo obave\u0161tenje da u 2017. godini, u sistemu Op\u0161tine \u0106uprija, maksimalan broj zaposlenih iznosi 442. Mi trenutno u sistemu imamo 433 zaposlena, s tim \u0161to gledamo da tra\u017eimo saglasnost od ministarstva za jo\u0161 sedmoro radnika, koji bi bili zaposleni u Op\u0161tinskoj upravi, u JKP \u201eRavno\u201c i, verovatno, u Pred\u0161kolskoj ustanovi \u201eDe\u010dija radost\u201c, izjavio je \u00a0Eri\u0107 i dodao kako je \u0106uprija jedna od lokalnih samouprava koja u svom sistemu ima manji broj zaposlenih od propisanog maksimuma, \u0161to nije bio slu\u010daj u bliskoj pro\u0161losti.<\/p>\n<p>Op\u0161tina \u0106uprija je 2008. godine bila sankcionisana zbog prekomernog zapo\u0161ljavanja.<\/p>\n<p>-Cilj nam je da u narednim godinama jo\u0161 vi\u0161e smanjimo ovaj broj, ali i da optimizujemo funkcionalnost svih organizacionih oblika u sistemu Op\u0161tine \u0106uprija, zaklju\u010dio je Eri\u0107.<\/p>\n<p>Eri\u0107eve re\u010di potvr\u0111ene su i na sednici SO \u0106uprija odr\u017eanoj 8. avgusta, kada je doneta Odluka o utvr\u0111ivanju maksimalnog broja zaposlenih u sistemu Op\u0161tine \u0106uprija za 2017. godinu, prema kojoj zbirni broj zaposlenih u dvanaest organizacionih oblika ne sme da pre\u0111e 440. Kako je i o\u010dekivano, Op\u0161tinska uprava Op\u0161tine \u0106uprija i JKP \u201eRavno\u201c imaju najve\u0107i broj zaposlenih na neodre\u0111eno vreme \u2013 142, odnosno 138, dok su na za\u010delju ove liste Turisti\u010dka organizacija i Slu\u017eba bud\u017eetske kontrole sa tri, odnosno dva zaposlena.<\/p>\n","protected":false},"excerpt":{"rendered":"<p>\u0106UPRIJA-Predsednik Op\u0161tine \u0106uprija Ninoslav Eri\u0107 potvrdio je da ta lokalna samouprava nema prekobrojno zaposlenih. -Od Ministarstva dr\u017eavne uprave i lokalne samouprave dobili smo obave\u0161tenje da &hellip; <\/p>\n","protected":false},"author":4,"featured_media":9041,"comment_status":"open","ping_status":"open","sticky":false,"template":"","format":"standard","meta":{"footnotes":""},"categories":[1515,14,1524,2,887,12],"tags":[44,759,2207],"_links":{"self":[{"href":"https:\/\/centralmedia.rs\/index.php\/wp-json\/wp\/v2\/posts\/9040"}],"collection":[{"href":"https:\/\/centralmedia.rs\/index.php\/wp-json\/wp\/v2\/posts"}],"about":[{"href":"https:\/\/centralmedia.rs\/index.php\/wp-json\/wp\/v2\/types\/post"}],"author":[{"embeddable":true,"href":"https:\/\/centralmedia.rs\/index.php\/wp-json\/wp\/v2\/users\/4"}],"replies":[{"embeddable":true,"href":"https:\/\/centralmedia.rs\/index.php\/wp-json\/wp\/v2\/comments?post=9040"}],"version-history":[{"count":3,"href":"https:\/\/centralmedia.rs\/index.php\/wp-json\/wp\/v2\/posts\/9040\/revisions"}],"predecessor-version":[{"id":9044,"href":"https:\/\/centralmedia.rs\/index.php\/wp-json\/wp\/v2\/posts\/9040\/revisions\/9044"}],"wp:featuredmedia":[{"embeddable":true,"href":"https:\/\/centralmedia.rs\/index.php\/wp-json\/wp\/v2\/media\/9041"}],"wp:attachment":[{"href":"https:\/\/centralmedia.rs\/index.php\/wp-json\/wp\/v2\/media?parent=9040"}],"wp:term":[{"taxonomy":"category","embeddable":true,"href":"https:\/\/centralmedia.rs\/index.php\/wp-json\/wp\/v2\/categories?post=9040"},{"taxonomy":"post_tag","embeddable":true,"href":"https:\/\/centralmedia.rs\/index.php\/wp-json\/wp\/v2\/tags?post=9040"}],"curies":[{"name":"wp","href":"https:\/\/api.w.org\/{rel}","templated":true}]}}