{"id":9063,"date":"2017-08-12T12:32:27","date_gmt":"2017-08-12T12:32:27","guid":{"rendered":"http:\/\/centralmedia.rs\/?p=9063"},"modified":"2017-08-12T12:32:51","modified_gmt":"2017-08-12T12:32:51","slug":"goran-sultanovic-u-cupriji-treba-nam-glupo-biracko-telo","status":"publish","type":"post","link":"https:\/\/centralmedia.rs\/index.php\/2017\/08\/12\/goran-sultanovic-u-cupriji-treba-nam-glupo-biracko-telo\/","title":{"rendered":"GORAN SULTANOVI\u0106 U \u0106UPRIJI &#8211; ,,TREBA NAM GLUPO BIRA\u010cKO TELO&#8221;"},"content":{"rendered":"<p>\u0106UPRIJA-Glumac Goran Sulatanovi\u0107 komentari\u0161u\u0107i odnos medija prema kulturi i favorizovanje starleta i rijalitija izjavio u \u0106upriji da ne veruje da je to slu\u010dajno, ve\u0107 se radi po sistemu zapada ,,nama treba glupo bira\u010dko telo&#8221;. On se osvrnuo na izjavu Neboj\u0161e Glogovac o trenutnoj situaciji u srpskoj kulturi i vrednostima.<\/p>\n<div id='gallery-1' class='gallery galleryid-9063 gallery-columns-3 gallery-size-full'><figure class='gallery-item'>\n\t\t\t<div class='gallery-icon landscape'>\n\t\t\t\t<a href='https:\/\/centralmedia.rs\/index.php\/2017\/08\/12\/goran-sultanovic-u-cupriji-treba-nam-glupo-biracko-telo\/sultanovic-i-bezuha\/'><img loading=\"lazy\" decoding=\"async\" width=\"900\" height=\"675\" src=\"https:\/\/centralmedia.rs\/wp-content\/uploads\/2017\/08\/sultanovic-i-bezuha.jpg\" class=\"attachment-full size-full\" alt=\"\" srcset=\"https:\/\/centralmedia.rs\/wp-content\/uploads\/2017\/08\/sultanovic-i-bezuha.jpg 900w, https:\/\/centralmedia.rs\/wp-content\/uploads\/2017\/08\/sultanovic-i-bezuha-300x225.jpg 300w, https:\/\/centralmedia.rs\/wp-content\/uploads\/2017\/08\/sultanovic-i-bezuha-768x576.jpg 768w, https:\/\/centralmedia.rs\/wp-content\/uploads\/2017\/08\/sultanovic-i-bezuha-80x60.jpg 80w, https:\/\/centralmedia.rs\/wp-content\/uploads\/2017\/08\/sultanovic-i-bezuha-265x198.jpg 265w\" sizes=\"(max-width: 900px) 100vw, 900px\" \/><\/a>\n\t\t\t<\/div><\/figure><figure class='gallery-item'>\n\t\t\t<div class='gallery-icon landscape'>\n\t\t\t\t<a href='https:\/\/centralmedia.rs\/index.php\/2017\/08\/12\/goran-sultanovic-u-cupriji-treba-nam-glupo-biracko-telo\/amfiteatar-1\/'><img loading=\"lazy\" decoding=\"async\" width=\"900\" height=\"675\" src=\"https:\/\/centralmedia.rs\/wp-content\/uploads\/2017\/08\/amfiteatar-1.jpg\" class=\"attachment-full size-full\" alt=\"\" srcset=\"https:\/\/centralmedia.rs\/wp-content\/uploads\/2017\/08\/amfiteatar-1.jpg 900w, https:\/\/centralmedia.rs\/wp-content\/uploads\/2017\/08\/amfiteatar-1-300x225.jpg 300w, https:\/\/centralmedia.rs\/wp-content\/uploads\/2017\/08\/amfiteatar-1-768x576.jpg 768w, https:\/\/centralmedia.rs\/wp-content\/uploads\/2017\/08\/amfiteatar-1-80x60.jpg 80w, https:\/\/centralmedia.rs\/wp-content\/uploads\/2017\/08\/amfiteatar-1-265x198.jpg 265w\" sizes=\"(max-width: 900px) 100vw, 900px\" \/><\/a>\n\t\t\t<\/div><\/figure><figure class='gallery-item'>\n\t\t\t<div class='gallery-icon landscape'>\n\t\t\t\t<a href='https:\/\/centralmedia.rs\/index.php\/2017\/08\/12\/goran-sultanovic-u-cupriji-treba-nam-glupo-biracko-telo\/amfiteatar-2\/'><img loading=\"lazy\" decoding=\"async\" width=\"900\" height=\"675\" src=\"https:\/\/centralmedia.rs\/wp-content\/uploads\/2017\/08\/amfiteatar-2.jpg\" class=\"attachment-full size-full\" alt=\"\" srcset=\"https:\/\/centralmedia.rs\/wp-content\/uploads\/2017\/08\/amfiteatar-2.jpg 900w, https:\/\/centralmedia.rs\/wp-content\/uploads\/2017\/08\/amfiteatar-2-300x225.jpg 300w, https:\/\/centralmedia.rs\/wp-content\/uploads\/2017\/08\/amfiteatar-2-768x576.jpg 768w, https:\/\/centralmedia.rs\/wp-content\/uploads\/2017\/08\/amfiteatar-2-80x60.jpg 80w, https:\/\/centralmedia.rs\/wp-content\/uploads\/2017\/08\/amfiteatar-2-265x198.jpg 265w\" sizes=\"(max-width: 900px) 100vw, 900px\" \/><\/a>\n\t\t\t<\/div><\/figure>\n\t\t<\/div>\n\n<p>&#8211; Mislim da je Neboj\u0161a Glogovac trenutno najbolji srpski glumac, ali to o \u010demu je pri\u010dao nije stvar glumaca ve\u0107 medija. Svako ima pravo ma svoju ,,ka\u0161iku&#8221; i da zara\u0111uje koliko ho\u0107e. \u010cini mi se da preterujemo. Sve znamo o Dari Bubamari, ljudima iz parova, koje gleda svako ve\u010de pola Srbije koja ne radi ili zara\u0111uje 20.000 dinara a \u0161alju po 5 sms da se izbaci Stanija ili Soraja. Ne mogu da verujem. Oni su,zato \u0161to ih ima mnogo u medijima, poverovali da su va\u017ene li\u010dnosti, a to im omogu\u0107uju urednici televizija i novina, ka\u017ee Sultanovi\u0107, koji je pred prepunim amfiteatrom u Moravskom parku u \u0106upriji igrao kabare ,,Putuj Evropo&#8221;, i prime\u0107uje da su u novinama ,,prve dve strane o predsedniku dr\u017eave, a ostalih petnaest ko je s kim, ko je koga prevario,ko je krstio ku\u010de&#8221;.<\/p>\n<div id='gallery-2' class='gallery galleryid-9063 gallery-columns-2 gallery-size-full'><figure class='gallery-item'>\n\t\t\t<div class='gallery-icon landscape'>\n\t\t\t\t<a href='https:\/\/centralmedia.rs\/index.php\/2017\/08\/12\/goran-sultanovic-u-cupriji-treba-nam-glupo-biracko-telo\/amfiteatar-3\/'><img loading=\"lazy\" decoding=\"async\" width=\"900\" height=\"675\" src=\"https:\/\/centralmedia.rs\/wp-content\/uploads\/2017\/08\/amfiteatar-3.jpg\" class=\"attachment-full size-full\" alt=\"\" srcset=\"https:\/\/centralmedia.rs\/wp-content\/uploads\/2017\/08\/amfiteatar-3.jpg 900w, https:\/\/centralmedia.rs\/wp-content\/uploads\/2017\/08\/amfiteatar-3-300x225.jpg 300w, https:\/\/centralmedia.rs\/wp-content\/uploads\/2017\/08\/amfiteatar-3-768x576.jpg 768w, https:\/\/centralmedia.rs\/wp-content\/uploads\/2017\/08\/amfiteatar-3-80x60.jpg 80w, https:\/\/centralmedia.rs\/wp-content\/uploads\/2017\/08\/amfiteatar-3-265x198.jpg 265w\" sizes=\"(max-width: 900px) 100vw, 900px\" \/><\/a>\n\t\t\t<\/div><\/figure><figure class='gallery-item'>\n\t\t\t<div class='gallery-icon landscape'>\n\t\t\t\t<a href='https:\/\/centralmedia.rs\/index.php\/2017\/08\/12\/goran-sultanovic-u-cupriji-treba-nam-glupo-biracko-telo\/amfiteatar-4\/'><img loading=\"lazy\" decoding=\"async\" width=\"900\" height=\"675\" src=\"https:\/\/centralmedia.rs\/wp-content\/uploads\/2017\/08\/amfiteatar.jpg\" class=\"attachment-full size-full\" alt=\"\" srcset=\"https:\/\/centralmedia.rs\/wp-content\/uploads\/2017\/08\/amfiteatar.jpg 900w, https:\/\/centralmedia.rs\/wp-content\/uploads\/2017\/08\/amfiteatar-300x225.jpg 300w, https:\/\/centralmedia.rs\/wp-content\/uploads\/2017\/08\/amfiteatar-768x576.jpg 768w, https:\/\/centralmedia.rs\/wp-content\/uploads\/2017\/08\/amfiteatar-80x60.jpg 80w, https:\/\/centralmedia.rs\/wp-content\/uploads\/2017\/08\/amfiteatar-265x198.jpg 265w\" sizes=\"(max-width: 900px) 100vw, 900px\" \/><\/a>\n\t\t\t<\/div><\/figure>\n\t\t<\/div>\n\n<p>&#8211; Ne verujem da je to slu\u010dajno, ve\u0107 se radi po sistemu zapada ,,nama treba glupo bira\u010dko telo&#8221;. To ne\u0107e promeniti stav odraslih, ali zaglupi\u0107e mlade pu\u0161taju\u0107i im iz ve\u010deri u ve\u010de \u00a0gluposti. Nekada je bilo sramota da otac komentari\u0161e golu \u0107erku. To ne razumem, niti razumem da to ljudi mogu da gledaju, ali evidentno \u00a0da veliki deo populacje to gleda i da se to pravda tira\u017eom. Kada bi manje to davali, a vi\u0161e prostora dobili ljudi poput Glogovca i pisali o mladima koji pobe\u0111uju na me\u0111unarodnim olimpijadama,vesti o tome su nezavidne, kada bi vi\u0161e pisali o ljudima koji pi\u0161u poeziju, slikaju&#8230; \u010dini mi se da bi se kulturna mapa Srbije ubrzo promenila na bolje,me\u0111utim, to ne zavisi od nas, ve\u0107 od ljudi koji rade to \u0161to rade, zarad profita ili ko zna \u010dega, zaklju\u010dio je on.<\/p>\n<p>Posle 12 godina, publika \u0107e mo\u0107i da vidi Sultanovi\u0107a u seriji o Nemanji\u0107ima u 12 epizoda, \u010dije je snimanje zavr\u0161eno u petak.<\/p>\n<p>-Posle ,,Gorkih plodova&#8221;, odustao sam od serija jer tematika kojom se bave na\u0161e serije, uglavnom te sitkom varijante, mene ne zanima vi\u0161e, 50 godina sam u tome. Ve\u010deras sam trebao da odem na zadnju klapu serije o Nemanji\u0107ima, to sam pristao da radim, nadam se da \u0107e to biti odli\u010dna i gledana serija. Prvi put za 70 godina da se govori o srpskoj istoriji, malo smo to gurnuli u drugi plan, i moja generacija nosi taj teret, veliko mi je zadovoljstvo \u0161to sam deo te pri\u010de u 12 epizoda o Nemanji\u0107ima, Srpstvu i pravoslavlju, ka\u017ee Sultanovi\u0107.<\/p>\n<p>On je u \u0106upriji \u00a0nastupio u pratnji muzi\u010dara Dude Bezuhe i Branislava Zarina. Sultanovi\u0107 je recitovao i pevao poeziju Disa, Du\u010di\u0107a, Crn\u010devi\u0107a, Zupca, Bala\u0161evi\u0107a i ostalih pesnika.<\/p>\n<p>&nbsp;<\/p>\n","protected":false},"excerpt":{"rendered":"<p>\u0106UPRIJA-Glumac Goran Sulatanovi\u0107 komentari\u0161u\u0107i odnos medija prema kulturi i favorizovanje starleta i rijalitija izjavio u \u0106upriji da ne veruje da je to slu\u010dajno, ve\u0107 se &hellip; <\/p>\n","protected":false},"author":4,"featured_media":9064,"comment_status":"open","ping_status":"open","sticky":false,"template":"","format":"standard","meta":{"footnotes":""},"categories":[1515,1524,2,15,887,12],"tags":[44,2188,1041],"_links":{"self":[{"href":"https:\/\/centralmedia.rs\/index.php\/wp-json\/wp\/v2\/posts\/9063"}],"collection":[{"href":"https:\/\/centralmedia.rs\/index.php\/wp-json\/wp\/v2\/posts"}],"about":[{"href":"https:\/\/centralmedia.rs\/index.php\/wp-json\/wp\/v2\/types\/post"}],"author":[{"embeddable":true,"href":"https:\/\/centralmedia.rs\/index.php\/wp-json\/wp\/v2\/users\/4"}],"replies":[{"embeddable":true,"href":"https:\/\/centralmedia.rs\/index.php\/wp-json\/wp\/v2\/comments?post=9063"}],"version-history":[{"count":1,"href":"https:\/\/centralmedia.rs\/index.php\/wp-json\/wp\/v2\/posts\/9063\/revisions"}],"predecessor-version":[{"id":9070,"href":"https:\/\/centralmedia.rs\/index.php\/wp-json\/wp\/v2\/posts\/9063\/revisions\/9070"}],"wp:featuredmedia":[{"embeddable":true,"href":"https:\/\/centralmedia.rs\/index.php\/wp-json\/wp\/v2\/media\/9064"}],"wp:attachment":[{"href":"https:\/\/centralmedia.rs\/index.php\/wp-json\/wp\/v2\/media?parent=9063"}],"wp:term":[{"taxonomy":"category","embeddable":true,"href":"https:\/\/centralmedia.rs\/index.php\/wp-json\/wp\/v2\/categories?post=9063"},{"taxonomy":"post_tag","embeddable":true,"href":"https:\/\/centralmedia.rs\/index.php\/wp-json\/wp\/v2\/tags?post=9063"}],"curies":[{"name":"wp","href":"https:\/\/api.w.org\/{rel}","templated":true}]}}