{"id":9086,"date":"2017-08-14T08:55:36","date_gmt":"2017-08-14T08:55:36","guid":{"rendered":"http:\/\/centralmedia.rs\/?p=9086"},"modified":"2017-08-14T08:55:36","modified_gmt":"2017-08-14T08:55:36","slug":"vlatko-stefanovski-u-svilajncu-danasnju-muziku-ne-gledam-ne-slusam","status":"publish","type":"post","link":"https:\/\/centralmedia.rs\/index.php\/2017\/08\/14\/vlatko-stefanovski-u-svilajncu-danasnju-muziku-ne-gledam-ne-slusam\/","title":{"rendered":"VLATKO STEFANOVSKI U SVILAJNCU &#8211; DANA\u0160NJU MUZIKU NE GLEDAM I NE SLU\u0160AM"},"content":{"rendered":"<p>SVILAJNAC-Koncertom, pred punom salom Centra za kulturu u Svilajncu, ,,Vlatko Stefanovski Trio&#8221; zatvorio je manifestaciju &#8220;Sin\u0111eli\u0107evi dani&#8221;. Frontmen te grupe i nekada\u0161njeg legendarnog makedonskog rok sastava ,,Leb i sol&#8221; Vlatko Stefanovski ka\u017ee da ,,dana\u0161nju muziku ne gleda i ne slu\u0161a&#8221;.<\/p>\n<p>-Prvi put sam u Svilajncu, obi\u0161ao sam ceo Balkan, od seoskih svirki do arena, ali evo de\u0161ava se da do\u0111em u mesto gde nikada ranije nisam svirao. Nisam znao da ovaj gradi\u0107 divno izgleda, imamo sam priliku da pro\u0161etam malo. Prirodnja\u010dki centar Srbije je fascinantan, imao sam utisak da sam u Va\u0161ingtonu, gde sam pro\u0161le godine sa svojim sinom obi\u0161ao sve te muzeje. Mora\u0107u svog sina, koji ima 16 godina, da dovedem u Svilajnac da malo du\u017ee razgledam, rekao je on i dodao da mu je izazov kada u nekom mestu svira prvi put, jer je to novo iskustvo i isku\u0161enje, te da ,,nikad nema\u0161 drugu \u0161ansu za prvi utisak&#8221;.<\/p>\n<div id='gallery-1' class='gallery galleryid-9086 gallery-columns-2 gallery-size-full'><figure class='gallery-item'>\n\t\t\t<div class='gallery-icon portrait'>\n\t\t\t\t<a href='https:\/\/centralmedia.rs\/index.php\/2017\/08\/14\/vlatko-stefanovski-u-svilajncu-danasnju-muziku-ne-gledam-ne-slusam\/valtko\/'><img loading=\"lazy\" decoding=\"async\" width=\"640\" height=\"960\" src=\"https:\/\/centralmedia.rs\/wp-content\/uploads\/2017\/08\/valtko.jpg\" class=\"attachment-full size-full\" alt=\"\" srcset=\"https:\/\/centralmedia.rs\/wp-content\/uploads\/2017\/08\/valtko.jpg 640w, https:\/\/centralmedia.rs\/wp-content\/uploads\/2017\/08\/valtko-200x300.jpg 200w\" sizes=\"(max-width: 640px) 100vw, 640px\" \/><\/a>\n\t\t\t<\/div><\/figure><figure class='gallery-item'>\n\t\t\t<div class='gallery-icon portrait'>\n\t\t\t\t<a href='https:\/\/centralmedia.rs\/index.php\/2017\/08\/14\/vlatko-stefanovski-u-svilajncu-danasnju-muziku-ne-gledam-ne-slusam\/valtko-2\/'><img loading=\"lazy\" decoding=\"async\" width=\"640\" height=\"960\" src=\"https:\/\/centralmedia.rs\/wp-content\/uploads\/2017\/08\/valtko-2.jpg\" class=\"attachment-full size-full\" alt=\"\" srcset=\"https:\/\/centralmedia.rs\/wp-content\/uploads\/2017\/08\/valtko-2.jpg 640w, https:\/\/centralmedia.rs\/wp-content\/uploads\/2017\/08\/valtko-2-200x300.jpg 200w\" sizes=\"(max-width: 640px) 100vw, 640px\" \/><\/a>\n\t\t\t<\/div><\/figure>\n\t\t<\/div>\n\n<p>O ,,Leb i sol&#8221; ka\u017ee da je trajao kratko u kosmi\u010dkim razmerama, ali u razmerama \u017eivota rok benda dovoljno dugo.<\/p>\n<p>-20 godina, 30 albuma i ko zna koliko koncerata. Mogli smo kao Stonsi, koji traju du\u017ee od 50 godina ili kratko kao Bitlsi, koji su najza\u010dajnije radove napravili u prvih 7 godina. Pitanje vremena nije bitno, ve\u0107 koliko ste sna\u017eno ne\u0161to uradili, koliko je to relevantno u du\u017eem vremeskom periodu, koliko ,,dr\u017ei vodu&#8221;. Na sre\u0107u vidim da ti albumi ,,dr\u017ee vodu&#8221;. Stalno mi tra\u017ee da im sviram te numere ili reizdanja albuma. Interes za tom muzikom, ne da ne prolazi ve\u0107 se pove\u0107ava. To je period finog vremena, od kraja sedamdesetih do po\u010detka devedestih, pri\u010da Stefanovski.<a href=\"https:\/\/centralmedia.rs\/wp-content\/uploads\/2017\/08\/valtko-3.jpg\"><img loading=\"lazy\" decoding=\"async\" class=\"aligncenter size-full wp-image-9090\" src=\"https:\/\/centralmedia.rs\/wp-content\/uploads\/2017\/08\/valtko-3.jpg\" alt=\"\" width=\"2048\" height=\"1365\" srcset=\"https:\/\/centralmedia.rs\/wp-content\/uploads\/2017\/08\/valtko-3.jpg 2048w, https:\/\/centralmedia.rs\/wp-content\/uploads\/2017\/08\/valtko-3-300x200.jpg 300w, https:\/\/centralmedia.rs\/wp-content\/uploads\/2017\/08\/valtko-3-768x512.jpg 768w, https:\/\/centralmedia.rs\/wp-content\/uploads\/2017\/08\/valtko-3-1024x683.jpg 1024w\" sizes=\"(max-width: 2048px) 100vw, 2048px\" \/><\/a><\/p>\n<p>O dana\u0161njoj muzi\u010dkoj sceni nema komentar.<\/p>\n<p>-Vreme je najbolje sito i re\u0161eto za sve \u0161to ostaje ili odlazi u zaborav. Ima finih stvari, vreme je promenjeno i konzumiranje muzike. Ljudi vi\u0161e nemaju vremena da slu\u0161aju muziku, odnosno slu\u0161aju je sekundarno uz neki posao koji rade. Ja sam ku\u0107i aktivno slu\u0161ao muziku po nekoliko sati dnevno. Bavio sam aktivno njome. Danas svi gledaju telefone, uklju\u010duju\u0107i i mene. Na\u0161a pa\u017enja jer rasuta, nemamo fokus. Dana\u0161nju muziku niti gledam, niti slu\u0161am, zaklju\u010dio je veliki rok umetnik Vlatko Stefanovski.<\/p>\n<p>&nbsp;<\/p>\n","protected":false},"excerpt":{"rendered":"<p>SVILAJNAC-Koncertom, pred punom salom Centra za kulturu u Svilajncu, ,,Vlatko Stefanovski Trio&#8221; zatvorio je manifestaciju &#8220;Sin\u0111eli\u0107evi dani&#8221;. Frontmen te grupe i nekada\u0161njeg legendarnog makedonskog rok &hellip; <\/p>\n","protected":false},"author":4,"featured_media":9087,"comment_status":"open","ping_status":"open","sticky":false,"template":"","format":"standard","meta":{"footnotes":""},"categories":[1524,2,15,887,12,1517],"tags":[38,2172],"_links":{"self":[{"href":"https:\/\/centralmedia.rs\/index.php\/wp-json\/wp\/v2\/posts\/9086"}],"collection":[{"href":"https:\/\/centralmedia.rs\/index.php\/wp-json\/wp\/v2\/posts"}],"about":[{"href":"https:\/\/centralmedia.rs\/index.php\/wp-json\/wp\/v2\/types\/post"}],"author":[{"embeddable":true,"href":"https:\/\/centralmedia.rs\/index.php\/wp-json\/wp\/v2\/users\/4"}],"replies":[{"embeddable":true,"href":"https:\/\/centralmedia.rs\/index.php\/wp-json\/wp\/v2\/comments?post=9086"}],"version-history":[{"count":1,"href":"https:\/\/centralmedia.rs\/index.php\/wp-json\/wp\/v2\/posts\/9086\/revisions"}],"predecessor-version":[{"id":9091,"href":"https:\/\/centralmedia.rs\/index.php\/wp-json\/wp\/v2\/posts\/9086\/revisions\/9091"}],"wp:featuredmedia":[{"embeddable":true,"href":"https:\/\/centralmedia.rs\/index.php\/wp-json\/wp\/v2\/media\/9087"}],"wp:attachment":[{"href":"https:\/\/centralmedia.rs\/index.php\/wp-json\/wp\/v2\/media?parent=9086"}],"wp:term":[{"taxonomy":"category","embeddable":true,"href":"https:\/\/centralmedia.rs\/index.php\/wp-json\/wp\/v2\/categories?post=9086"},{"taxonomy":"post_tag","embeddable":true,"href":"https:\/\/centralmedia.rs\/index.php\/wp-json\/wp\/v2\/tags?post=9086"}],"curies":[{"name":"wp","href":"https:\/\/api.w.org\/{rel}","templated":true}]}}