{"id":9092,"date":"2017-08-14T10:27:26","date_gmt":"2017-08-14T10:27:26","guid":{"rendered":"http:\/\/centralmedia.rs\/?p=9092"},"modified":"2017-08-14T10:27:26","modified_gmt":"2017-08-14T10:27:26","slug":"25-dani-srpskog-duhovnog-preobrazenja-u-despotovcu-viteski-turnir-just-2017","status":"publish","type":"post","link":"https:\/\/centralmedia.rs\/index.php\/2017\/08\/14\/25-dani-srpskog-duhovnog-preobrazenja-u-despotovcu-viteski-turnir-just-2017\/","title":{"rendered":"25. DANI SRPSKOG DUHOVNOG PREOBRA\u017dENJA U DESPOTOVCU &#8211; VITE\u0160KI TURNIR JUST OUT 2017."},"content":{"rendered":"<p>DESPOTOVAC-25. Dani srpskoga duhovnog preobra\u017eenja u Despotovcu po\u010dinju u subotu 19. avgusta, a posetioci \u0107e u narednih deset dana mo\u0107i da pogledaju KUD Lola, Vlatko Stefanovski Trio, Dejan Petrovi\u0107 i Big bend, Big bend RTS,srpsko, rusko i vizantijsko pojanje Divne Ljubojevi\u0107 i hora Melodi, Me\u0111unarodni vite\u0161ki festival Just out 2017.- Despot Stefan Lazarevi\u0107, Slobodan Trkulja,muzi\u010dko scenski prikaz Banovi\u0107 Strahinja -Ustanove kulture Vuk i predstavu Ko\u0161tana, pozori\u0161ta Slavija<\/p>\n<p>Program<\/p>\n<p>Subota, 19. avgust<br \/>\n18.00 \u010dasova, Narodna biblioteka \u201eResavska \u0161kola\u201d<br \/>\nTribina \u201e25 godina Dana srpskoga duhovnog preobra\u017eenja \u2013 doprinosi i budu\u0107nost\u201d<br \/>\nGovore Radoslav Ra\u010di\u0107, akademik Zlata Bojovi\u0107 i prof. dr Gordana Jovanovi\u0107<br \/>\nModerator Sanela Simi\u0107<\/p>\n<p>20.00 \u010dasova, Trg despota Stefana Lazarevi\u0107a<br \/>\nSve\u010dano otvaranje manifestacije<br \/>\nHor KUD-a \u201eLola\u201c, Beograd<\/p>\n<p>Nedelja, 20. avgust<br \/>\n10.00 \u010dasova, Narodna biblioteka \u201eResavska \u0161kola\u201d<br \/>\nNau\u010dni skup \u201eSrednji vek u srpskoj nauci, istoriji, knji\u017eevnosti i umetnosti IX\u201d<\/p>\n<p>17.30 \u010dasova, Narodna biblioteka \u201eResavska \u0161kola\u201d<br \/>\nPredstavljanje zbornika radova \u201eSrednji vek u srpskoj nauci, istoriji, knji\u017eevnosti i umetnosti VIII\u201d<br \/>\nGovore prof. dr Tomislav Jovanovi\u0107 i dr Aleksandar Krsti\u0107<\/p>\n<p>19.00 \u010dasova, Galerija Centra za kulturu \u201eSveti Stefan, despot srpski\u201d<br \/>\nRetrospektivna izlo\u017eba<br \/>\nLikovna kolonija \u201eResava 1993\u20132017\u201d<br \/>\nIzlo\u017ebu otvara prof. Slobodan \u0160teti\u0107<\/p>\n<p>21.00 \u010das, Trg despota Stefana Lazarevi\u0107a<br \/>\nKoncert<br \/>\nVlatko Stefanovski trio<\/p>\n<p>Ponedeljak, 21. avgust<br \/>\n10.00 \u010dasova, Narodna biblioteka \u201eResavska \u0161kola\u201d<br \/>\nNau\u010dni skup \u201eSrednji vek u srpskoj nauci, istoriji, knji\u017eevnosti i umetnosti IX\u201d<\/p>\n<p>18.00 \u010dasova, Manastirska vodenica<br \/>\nIzlo\u017eba slika<br \/>\nLikovna kolonija \u201eResava 2017\u201d<br \/>\nIzlo\u017ebu otvara prof. Slobodan \u0160teti\u0107<\/p>\n<p>19.00 \u010dasova, Hol Centra za kulturu \u201eSveti Stefan, despot srpski\u201d<br \/>\nIzlo\u017eba ikona<br \/>\nMom\u010dilo Vuksanovi\u0107 \u2013 Moma Brada<\/p>\n<p>21.00 \u010das, Trg despota Stefana Lazarevi\u0107a<br \/>\nVe\u010de trube<br \/>\nDejan Petrovi\u0107 i Big bend<\/p>\n<p>Utorak, 22. avgust<br \/>\n10.00 \u010dasova, Narodna biblioteka \u201eResavska \u0161kola\u201d<br \/>\nResavska \u0161kola istorije srpske kulture<\/p>\n<p>17.00 \u010dasova, Narodna biblioteka \u201eResavska \u0161kola\u201d<br \/>\nTribina \u201eDemografska sada\u0161njost i budu\u0107nost srpskog naroda i Srbije\u201d<br \/>\nGovore dr Ivan Marinkovi\u0107 i dr Ankica \u0160obot<\/p>\n<p>18.00 \u010dasova, Hol Centra za kulturu \u201eSveti Stefan, despot srpski\u201d<br \/>\nVe\u010de klasi\u010dne gitare<br \/>\nAleksandar Stoji\u0107<\/p>\n<p>19.00 \u010dasova, Narodna biblioteka \u201eResavska \u0161kola\u201d<br \/>\nKnji\u017eevno ve\u010de<br \/>\nMiroslav Maksimovi\u0107<\/p>\n<p>20.15 \u010dasova, Trg despota Stefana Lazarevi\u0107a<br \/>\nVe\u010de d\u017eeza<br \/>\nBig bend RTS<\/p>\n<p>Sreda, 23. avgust<br \/>\n10.00 \u010dasova, Narodna biblioteka \u201eResavska \u0161kola\u201d<br \/>\nResavska \u0161kola istorije srpske kulture<\/p>\n<p>19.00 \u010dasova, Narodna biblioteka \u201eResavska \u0161kola\u201d<br \/>\nKoncert mladih muzi\u010dkih talenata Despotovca<\/p>\n<p>20.30 \u010dasova, Trg despota Stefana Lazarevi\u0107a<br \/>\nVe\u010de starogradske i evergrin muzike<br \/>\nTambura\u0161ki orkestar \u201eZorule\u201d<br \/>\nSolista Milo\u0161 Radovi\u0107<\/p>\n<p>\u010cetvrtak, 24. avgust<br \/>\n10.00 \u010dasova, Narodna biblioteka \u201eResavska \u0161kola\u201d<br \/>\nResavska \u0161kola istorije srpske kulture<\/p>\n<p>10.00 \u010dasova, Gradski park<br \/>\nSabor narodnog ume\u0107a i stvarala\u0161tva<\/p>\n<p>13.00 \u010dasova, Hol Osnovne \u0161kole \u201eDespot Stefan Visoki\u201d<br \/>\nPredstava za decu \u201eZaistinska srpska bajka\u201d<br \/>\nAutor Gordana Vlaji\u0107<br \/>\nIzdava\u010dka ku\u0107a \u201eKlet\u201d<\/p>\n<p>20.15 \u010dasova, Trg despota Stefana Lazarevi\u0107a<br \/>\nSrpsko, rusko i vizantijsko pojanje<br \/>\nDivna Ljubojevi\u0107 i hor \u201eMelodi\u201d<\/p>\n<p>Petak, 25. avgust<br \/>\n20.00 \u010dasova, Manasija<br \/>\nMe\u0111unarodni vite\u0161ki festival \u201eDespot Stefan Lazarevi\u0107\u201d \u2013 JUST OUT 2017<br \/>\nSve\u010dano otvaranje<br \/>\nMini-koncert Slobodana Trkulje<br \/>\nDefile vite\u0161kih trupa<\/p>\n<p>21.30 \u010dasova, Manasija<br \/>\nMuzi\u010dko-igra\u010dki spektakl \u201eBanovi\u0107 Strahinja\u201d<br \/>\nKompozitor, dirigent i muzi\u010dki producent Ivan Ili\u0107<br \/>\nProdukcija i tehni\u010dka realizacija Ustanova kulture \u201eVuk Stefanovi\u0107 Karad\u017ei\u0107\u201d, Beograd<\/p>\n<p>Subota, 26. avgust<br \/>\n11.00 \u010dasova, Manasija<br \/>\nMe\u0111unarodni vite\u0161ki turnir \u201eDespot Stefan Lazarevi\u0107\u201d \u2013 JUST OUT 2017<\/p>\n<p>Nedelja, 27. avgust<br \/>\n11.00 \u010dasova, Manasija<br \/>\nMe\u0111unarodni vite\u0161ki turnir \u201eDespot Stefan Lazarevi\u0107\u201d \u2013 JUST OUT 2017<\/p>\n<p>18.00 \u010dasova, Hol Centra za kulturu \u201eSveti Stefan, despot srpski\u201d<br \/>\nFilm \u201eZona Zamfirova drugi deo\u201d<br \/>\nRe\u017eija Jug Radivojevi\u0107<br \/>\nUloge Milan Vasi\u0107, Brankica Sebastijanovi\u0107, Marina \u0106osi\u0107, Milan Gutovi\u0107, Ljiljana Stjepanovi\u0107, Gorica Popovi\u0107 i dr.<\/p>\n<p>20.15 \u010dasova, Trg despota Stefana Lazarevi\u0107a<br \/>\nPozori\u0161na predstava \u201eKo\u0161tana\u201d<br \/>\nPozori\u0161te \u201eSlavija\u201d, Beograd<br \/>\nReditelj Velimir Mitrovi\u0107<br \/>\nAdaptacija Bo\u0161ko Puleti\u0107<br \/>\nTekst Bora Stankovi\u0107<br \/>\nIgraju Vesna Pa\u0161trovi\u0107, Bo\u0161ko Puleti\u0107, Lepomir Ivkovi\u0107 i \u017darko Stepanov<\/p>\n<p>Ponedeljak, 28. avgust<br \/>\n20.15 \u010dasova, Trg despota Stefana Lazarevi\u0107a<br \/>\nSve\u010dano zatvaranje manifestacije<br \/>\nKUD \u201eLola\u201d, Beograd<\/p>\n<p>U slu\u010daju nepovoljnih vremenskih uslova programi \u0107e se izvoditi u holu Osnovne \u0161kole \u201eDespot Stefan Visoki\u201d ili u Hali sportova.<\/p>\n","protected":false},"excerpt":{"rendered":"<p>DESPOTOVAC-25. Dani srpskoga duhovnog preobra\u017eenja u Despotovcu po\u010dinju u subotu 19. avgusta, a posetioci \u0107e u narednih deset dana mo\u0107i da pogledaju KUD Lola, Vlatko &hellip; <\/p>\n","protected":false},"author":4,"featured_media":9093,"comment_status":"open","ping_status":"open","sticky":false,"template":"","format":"standard","meta":{"footnotes":""},"categories":[1518,1524,2,15,12],"tags":[51,138],"_links":{"self":[{"href":"https:\/\/centralmedia.rs\/index.php\/wp-json\/wp\/v2\/posts\/9092"}],"collection":[{"href":"https:\/\/centralmedia.rs\/index.php\/wp-json\/wp\/v2\/posts"}],"about":[{"href":"https:\/\/centralmedia.rs\/index.php\/wp-json\/wp\/v2\/types\/post"}],"author":[{"embeddable":true,"href":"https:\/\/centralmedia.rs\/index.php\/wp-json\/wp\/v2\/users\/4"}],"replies":[{"embeddable":true,"href":"https:\/\/centralmedia.rs\/index.php\/wp-json\/wp\/v2\/comments?post=9092"}],"version-history":[{"count":1,"href":"https:\/\/centralmedia.rs\/index.php\/wp-json\/wp\/v2\/posts\/9092\/revisions"}],"predecessor-version":[{"id":9094,"href":"https:\/\/centralmedia.rs\/index.php\/wp-json\/wp\/v2\/posts\/9092\/revisions\/9094"}],"wp:featuredmedia":[{"embeddable":true,"href":"https:\/\/centralmedia.rs\/index.php\/wp-json\/wp\/v2\/media\/9093"}],"wp:attachment":[{"href":"https:\/\/centralmedia.rs\/index.php\/wp-json\/wp\/v2\/media?parent=9092"}],"wp:term":[{"taxonomy":"category","embeddable":true,"href":"https:\/\/centralmedia.rs\/index.php\/wp-json\/wp\/v2\/categories?post=9092"},{"taxonomy":"post_tag","embeddable":true,"href":"https:\/\/centralmedia.rs\/index.php\/wp-json\/wp\/v2\/tags?post=9092"}],"curies":[{"name":"wp","href":"https:\/\/api.w.org\/{rel}","templated":true}]}}