{"id":9095,"date":"2017-08-14T10:34:15","date_gmt":"2017-08-14T10:34:15","guid":{"rendered":"http:\/\/centralmedia.rs\/?p=9095"},"modified":"2017-08-14T10:34:15","modified_gmt":"2017-08-14T10:34:15","slug":"svilajnacka-gulasijada-okupila-preko-5-000-ljudi","status":"publish","type":"post","link":"https:\/\/centralmedia.rs\/index.php\/2017\/08\/14\/svilajnacka-gulasijada-okupila-preko-5-000-ljudi\/","title":{"rendered":"SVILAJNA\u010cKA GULA\u0160IJADA OKUPILA PREKO 5.000 LJUDI"},"content":{"rendered":"<p>SVILAJNAC-Prva svilajna\u010dka Gula\u0161ijada, prema procenama organizatora, okupila je preko 5.000 ljubitelja ovog kulinarskog specijaliteta, koji se odoma\u0107io u Resavskom kraju i priprema se prilikom svakog okupljanja ili doga\u0111aja.<\/p>\n<p>-Uspe\u0161no smo organizovali Gula\u0161ijadu i to je ocena svih u\u010denika i posetilaca. Svilajnac je spreman za ovakve doga\u0111aje i mislim da \u0107e ova manifestacija biti u turisti\u010dkom kalendaru od naredne godine. Ovo je doga\u0111aj koji su inicirali gra\u0111ani, jer se u svim selima organizuju gula\u0161ijade, \u0161to je nas ,,nateralo&#8221; da se pozabavimo organizacijom finalne gula\u0161ijade. O\u010dekujem da preraste region i dobije u nacionalni karakter, a \u0161to da ne i internacionalni, rekao je predsednik te op\u0161tine Predrag Milanovi\u0107.<\/p>\n<div id='gallery-1' class='gallery galleryid-9095 gallery-columns-5 gallery-size-thumbnail'><figure class='gallery-item'>\n\t\t\t<div class='gallery-icon landscape'>\n\t\t\t\t<a href='https:\/\/centralmedia.rs\/index.php\/2017\/08\/14\/svilajnacka-gulasijada-okupila-preko-5-000-ljudi\/gulasijada-2\/'><img loading=\"lazy\" decoding=\"async\" width=\"150\" height=\"150\" src=\"https:\/\/centralmedia.rs\/wp-content\/uploads\/2017\/08\/gulasijada-150x150.jpg\" class=\"attachment-thumbnail size-thumbnail\" alt=\"\" \/><\/a>\n\t\t\t<\/div><\/figure><figure class='gallery-item'>\n\t\t\t<div class='gallery-icon landscape'>\n\t\t\t\t<a href='https:\/\/centralmedia.rs\/index.php\/2017\/08\/14\/svilajnacka-gulasijada-okupila-preko-5-000-ljudi\/pobednici-sportskih-igara\/'><img loading=\"lazy\" decoding=\"async\" width=\"150\" height=\"150\" src=\"https:\/\/centralmedia.rs\/wp-content\/uploads\/2017\/08\/pobednici-sportskih-igara-150x150.jpg\" class=\"attachment-thumbnail size-thumbnail\" alt=\"\" \/><\/a>\n\t\t\t<\/div><\/figure><figure class='gallery-item'>\n\t\t\t<div class='gallery-icon landscape'>\n\t\t\t\t<a href='https:\/\/centralmedia.rs\/index.php\/2017\/08\/14\/svilajnacka-gulasijada-okupila-preko-5-000-ljudi\/predsednik-urucuje-pehar-pobedniku\/'><img loading=\"lazy\" decoding=\"async\" width=\"150\" height=\"150\" src=\"https:\/\/centralmedia.rs\/wp-content\/uploads\/2017\/08\/predsednik-urucuje-pehar-pobedniku-150x150.jpg\" class=\"attachment-thumbnail size-thumbnail\" alt=\"\" \/><\/a>\n\t\t\t<\/div><\/figure><figure class='gallery-item'>\n\t\t\t<div class='gallery-icon landscape'>\n\t\t\t\t<a href='https:\/\/centralmedia.rs\/index.php\/2017\/08\/14\/svilajnacka-gulasijada-okupila-preko-5-000-ljudi\/sportske-igre-1\/'><img loading=\"lazy\" decoding=\"async\" width=\"150\" height=\"150\" src=\"https:\/\/centralmedia.rs\/wp-content\/uploads\/2017\/08\/sportske-igre-1-150x150.jpg\" class=\"attachment-thumbnail size-thumbnail\" alt=\"\" \/><\/a>\n\t\t\t<\/div><\/figure><figure class='gallery-item'>\n\t\t\t<div class='gallery-icon landscape'>\n\t\t\t\t<a href='https:\/\/centralmedia.rs\/index.php\/2017\/08\/14\/svilajnacka-gulasijada-okupila-preko-5-000-ljudi\/sportske-igre\/'><img loading=\"lazy\" decoding=\"async\" width=\"150\" height=\"150\" src=\"https:\/\/centralmedia.rs\/wp-content\/uploads\/2017\/08\/sportske-igre-150x150.jpg\" class=\"attachment-thumbnail size-thumbnail\" alt=\"\" \/><\/a>\n\t\t\t<\/div><\/figure>\n\t\t<\/div>\n\n<p>Pobednik Gula\u0161ijade bila je petnaesto\u010dlana ekipa ,,Srkni, pa crkni&#8221; iz obli\u017enjeg Crkvenca.<\/p>\n<p>-Tajna za najbolji gula\u0161 je kvalitet mesa, za\u010dini i ne preterivati u svemu tome. Pobedio je gula\u0161 koji je pripremljen na narodni na\u010din. Na\u0161 kuvar je \u0161ampion Srbije u pripramanju gula\u0161a, pobe\u0111ujemo na svim takmi\u010denjima gde se pojavimo, rekao je kapiten ekipe ,,Srkni, pa crkni&#8221; Novica Ili\u0107.<\/p>\n<div id='gallery-2' class='gallery galleryid-9095 gallery-columns-5 gallery-size-thumbnail'><figure class='gallery-item'>\n\t\t\t<div class='gallery-icon landscape'>\n\t\t\t\t<a href='https:\/\/centralmedia.rs\/index.php\/2017\/08\/14\/svilajnacka-gulasijada-okupila-preko-5-000-ljudi\/gulasijada-1\/'><img loading=\"lazy\" decoding=\"async\" width=\"150\" height=\"150\" src=\"https:\/\/centralmedia.rs\/wp-content\/uploads\/2017\/08\/gulasijada-1-150x150.jpg\" class=\"attachment-thumbnail size-thumbnail\" alt=\"\" \/><\/a>\n\t\t\t<\/div><\/figure><figure class='gallery-item'>\n\t\t\t<div class='gallery-icon landscape'>\n\t\t\t\t<a href='https:\/\/centralmedia.rs\/index.php\/2017\/08\/14\/svilajnacka-gulasijada-okupila-preko-5-000-ljudi\/zahvalnica-predsedniku\/'><img loading=\"lazy\" decoding=\"async\" width=\"150\" height=\"150\" src=\"https:\/\/centralmedia.rs\/wp-content\/uploads\/2017\/08\/zahvalnica-predsedniku-150x150.jpg\" class=\"attachment-thumbnail size-thumbnail\" alt=\"\" \/><\/a>\n\t\t\t<\/div><\/figure><figure class='gallery-item'>\n\t\t\t<div class='gallery-icon landscape'>\n\t\t\t\t<a href='https:\/\/centralmedia.rs\/index.php\/2017\/08\/14\/svilajnacka-gulasijada-okupila-preko-5-000-ljudi\/kolo\/'><img loading=\"lazy\" decoding=\"async\" width=\"150\" height=\"150\" src=\"https:\/\/centralmedia.rs\/wp-content\/uploads\/2017\/08\/kolo-150x150.jpg\" class=\"attachment-thumbnail size-thumbnail\" alt=\"\" \/><\/a>\n\t\t\t<\/div><\/figure><figure class='gallery-item'>\n\t\t\t<div class='gallery-icon landscape'>\n\t\t\t\t<a href='https:\/\/centralmedia.rs\/index.php\/2017\/08\/14\/svilajnacka-gulasijada-okupila-preko-5-000-ljudi\/folklorasi\/'><img loading=\"lazy\" decoding=\"async\" width=\"150\" height=\"150\" src=\"https:\/\/centralmedia.rs\/wp-content\/uploads\/2017\/08\/folklorasi-150x150.jpg\" class=\"attachment-thumbnail size-thumbnail\" alt=\"\" \/><\/a>\n\t\t\t<\/div><\/figure><figure class='gallery-item'>\n\t\t\t<div class='gallery-icon landscape'>\n\t\t\t\t<a href='https:\/\/centralmedia.rs\/index.php\/2017\/08\/14\/svilajnacka-gulasijada-okupila-preko-5-000-ljudi\/dobre-komsije\/'><img loading=\"lazy\" decoding=\"async\" width=\"150\" height=\"150\" src=\"https:\/\/centralmedia.rs\/wp-content\/uploads\/2017\/08\/dobre-komsije-150x150.jpg\" class=\"attachment-thumbnail size-thumbnail\" alt=\"\" \/><\/a>\n\t\t\t<\/div><\/figure>\n\t\t<\/div>\n\n<p>Predsednik kulinarskog tro\u010dlanog \u017eirija bio je legendarni kuvar Stambol Ge\u0161tamov, a \u010dlanovi \u0161efovi kuhinja najboljih restorana Gordana Trajkovi\u0107 i Svetomir Mitrovi\u0107<\/p>\n<p>-Probali smo 42 gula\u0161a. Gula\u0161i su dobri, ispo\u0161tovali su osnove, a to je po kilo mesa i luka, dobra aleva paprika, malo slaninice, kima, per\u0161una i belog luka. \u017diri je bio ujedna\u010den, mala je razlika u vrhu. Zadovoljan sam kulinarskim ume\u0107em, lepo organizovana manifestacija, veliki broj posetilaca, rekao je Ge\u0161tamov.<\/p>\n<p>Zamenik predsednika SO Nenad Miladinovi\u0107 je naveo da su posetioci, pored Gula\u0161ijade, imali priliku da prisustvuju defileu Konji\u010dkog kluba Mara, vo\u017enji fijakerima po gradu, sportskim igrama, kocertu kulturno-umetni\u010dkih dru\u0161tava, Gordane Lazarevi\u0107 i truba\u010dima Bo\u017eidara Mladenovi\u0107a.<\/p>\n","protected":false},"excerpt":{"rendered":"<p>SVILAJNAC-Prva svilajna\u010dka Gula\u0161ijada, prema procenama organizatora, okupila je preko 5.000 ljubitelja ovog kulinarskog specijaliteta, koji se odoma\u0107io u Resavskom kraju i priprema se prilikom svakog &hellip; <\/p>\n","protected":false},"author":4,"featured_media":9096,"comment_status":"open","ping_status":"open","sticky":false,"template":"","format":"standard","meta":{"footnotes":""},"categories":[1518,1524,2,887,16,12],"tags":[2210,38],"_links":{"self":[{"href":"https:\/\/centralmedia.rs\/index.php\/wp-json\/wp\/v2\/posts\/9095"}],"collection":[{"href":"https:\/\/centralmedia.rs\/index.php\/wp-json\/wp\/v2\/posts"}],"about":[{"href":"https:\/\/centralmedia.rs\/index.php\/wp-json\/wp\/v2\/types\/post"}],"author":[{"embeddable":true,"href":"https:\/\/centralmedia.rs\/index.php\/wp-json\/wp\/v2\/users\/4"}],"replies":[{"embeddable":true,"href":"https:\/\/centralmedia.rs\/index.php\/wp-json\/wp\/v2\/comments?post=9095"}],"version-history":[{"count":1,"href":"https:\/\/centralmedia.rs\/index.php\/wp-json\/wp\/v2\/posts\/9095\/revisions"}],"predecessor-version":[{"id":9107,"href":"https:\/\/centralmedia.rs\/index.php\/wp-json\/wp\/v2\/posts\/9095\/revisions\/9107"}],"wp:featuredmedia":[{"embeddable":true,"href":"https:\/\/centralmedia.rs\/index.php\/wp-json\/wp\/v2\/media\/9096"}],"wp:attachment":[{"href":"https:\/\/centralmedia.rs\/index.php\/wp-json\/wp\/v2\/media?parent=9095"}],"wp:term":[{"taxonomy":"category","embeddable":true,"href":"https:\/\/centralmedia.rs\/index.php\/wp-json\/wp\/v2\/categories?post=9095"},{"taxonomy":"post_tag","embeddable":true,"href":"https:\/\/centralmedia.rs\/index.php\/wp-json\/wp\/v2\/tags?post=9095"}],"curies":[{"name":"wp","href":"https:\/\/api.w.org\/{rel}","templated":true}]}}