{"id":9108,"date":"2017-08-15T15:27:47","date_gmt":"2017-08-15T15:27:47","guid":{"rendered":"http:\/\/centralmedia.rs\/?p=9108"},"modified":"2017-08-15T15:35:45","modified_gmt":"2017-08-15T15:35:45","slug":"rasaljeni-uz-listu-srpska","status":"publish","type":"post","link":"https:\/\/centralmedia.rs\/index.php\/2017\/08\/15\/rasaljeni-uz-listu-srpska\/","title":{"rendered":"Raseljeni uz listu Srpska"},"content":{"rendered":"<p>Predsednik Koalicije raseljenih lica sa KiM Milo\u0161 Stojkovi\u0107 se sastao sa predsednikom liste Srpska Goranom Raki\u0107em povodom predstoje\u0107ih lokalnih izbora na KiM, prenosi KomentarPress.<\/p>\n<p>U kratkoj izjavi za komentarpress.net Stojkovi\u0107 je poru\u010dio da se raseljeni stavljaju na raspolaganje listi Srpska tokom kampanje i pozvao sve raseljene sa KiM da podr\u017ee Srpsku listu u svojim mestima gde imaju pravo glasa.<\/p>\n<div class=\"bannerBox fullWith center\"><\/div>\n<p>\u2013 Koalicija raseljenih lica sa KiM \u0107e na predstoje\u0107im lokalnim izborima na teritoriji Kosova i Metohije podr\u017eati listu Srpska, jedinu partiju Srba u pokrajini koja ima podr\u0161ku zvani\u010dnog Beograda. Stavi\u0107emo sve svoje resurse na raspolaganje Srpskoj listi. Raseljeni sa KiM u politi\u010dkoj borbi liste Srpska vide jedinu mogu\u0107nost za povratak \u2013 ka\u017ee Stojkovi\u0107 i dodaje da se integritet Srbije brani jedinstvom tamo gde je \u017eivot Srba najte\u017ei, a to je na Kosovu i Metohiji.<\/p>\n","protected":false},"excerpt":{"rendered":"<p>Predsednik Koalicije raseljenih lica sa KiM Milo\u0161 Stojkovi\u0107 se sastao sa predsednikom liste Srpska Goranom Raki\u0107em povodom predstoje\u0107ih lokalnih izbora na KiM, prenosi KomentarPress. U &hellip; <\/p>\n","protected":false},"author":4,"featured_media":9109,"comment_status":"open","ping_status":"open","sticky":false,"template":"","format":"standard","meta":{"footnotes":""},"categories":[2,13,12],"tags":[478,2215],"_links":{"self":[{"href":"https:\/\/centralmedia.rs\/index.php\/wp-json\/wp\/v2\/posts\/9108"}],"collection":[{"href":"https:\/\/centralmedia.rs\/index.php\/wp-json\/wp\/v2\/posts"}],"about":[{"href":"https:\/\/centralmedia.rs\/index.php\/wp-json\/wp\/v2\/types\/post"}],"author":[{"embeddable":true,"href":"https:\/\/centralmedia.rs\/index.php\/wp-json\/wp\/v2\/users\/4"}],"replies":[{"embeddable":true,"href":"https:\/\/centralmedia.rs\/index.php\/wp-json\/wp\/v2\/comments?post=9108"}],"version-history":[{"count":2,"href":"https:\/\/centralmedia.rs\/index.php\/wp-json\/wp\/v2\/posts\/9108\/revisions"}],"predecessor-version":[{"id":9111,"href":"https:\/\/centralmedia.rs\/index.php\/wp-json\/wp\/v2\/posts\/9108\/revisions\/9111"}],"wp:featuredmedia":[{"embeddable":true,"href":"https:\/\/centralmedia.rs\/index.php\/wp-json\/wp\/v2\/media\/9109"}],"wp:attachment":[{"href":"https:\/\/centralmedia.rs\/index.php\/wp-json\/wp\/v2\/media?parent=9108"}],"wp:term":[{"taxonomy":"category","embeddable":true,"href":"https:\/\/centralmedia.rs\/index.php\/wp-json\/wp\/v2\/categories?post=9108"},{"taxonomy":"post_tag","embeddable":true,"href":"https:\/\/centralmedia.rs\/index.php\/wp-json\/wp\/v2\/tags?post=9108"}],"curies":[{"name":"wp","href":"https:\/\/api.w.org\/{rel}","templated":true}]}}