{"id":9123,"date":"2017-08-16T14:16:42","date_gmt":"2017-08-16T14:16:42","guid":{"rendered":"http:\/\/centralmedia.rs\/?p=9123"},"modified":"2017-08-16T19:33:09","modified_gmt":"2017-08-16T19:33:09","slug":"veliki-pozar-u-jagodini-izgorela-kineska-fabrika-gumenih-papuca-kancerogeni-dim-nad-gradom","status":"publish","type":"post","link":"https:\/\/centralmedia.rs\/index.php\/2017\/08\/16\/veliki-pozar-u-jagodini-izgorela-kineska-fabrika-gumenih-papuca-kancerogeni-dim-nad-gradom\/","title":{"rendered":"VELIKI PO\u017dAR U JAGODINI &#8211; IZGORELA KINESKA FABRIKA GUMENIH PAPU\u010cA, KANCEROGENI DIM NAD GRADOM"},"content":{"rendered":"<p>JAGODINA-Kineska fabrika za proizvodnju gumenih papu\u010da&#8221;Lianhe&#8221; u stambenom delu u Jagodini, izgorela je u velikom po\u017earu, koji je izbio oko 13.45 u sredu. Vatrogasci su posle hitne intervencije za oko sat i po lokalizovali po\u017ear. Crni gusti dim, kancerogen i opasan, nadvio se nad Jagodinom, a najvi\u0161e je smetao gra\u0111anima u naseljima pored fabrike. \u00a0<a href=\"https:\/\/centralmedia.rs\/wp-content\/uploads\/2017\/08\/pozar-u-kineskoj-fabrici.jpg\"><img loading=\"lazy\" decoding=\"async\" class=\"aligncenter size-full wp-image-9125\" src=\"https:\/\/centralmedia.rs\/wp-content\/uploads\/2017\/08\/pozar-u-kineskoj-fabrici.jpg\" alt=\"\" width=\"1200\" height=\"536\" srcset=\"https:\/\/centralmedia.rs\/wp-content\/uploads\/2017\/08\/pozar-u-kineskoj-fabrici.jpg 1200w, https:\/\/centralmedia.rs\/wp-content\/uploads\/2017\/08\/pozar-u-kineskoj-fabrici-300x134.jpg 300w, https:\/\/centralmedia.rs\/wp-content\/uploads\/2017\/08\/pozar-u-kineskoj-fabrici-768x343.jpg 768w, https:\/\/centralmedia.rs\/wp-content\/uploads\/2017\/08\/pozar-u-kineskoj-fabrici-1024x457.jpg 1024w\" sizes=\"(max-width: 1200px) 100vw, 1200px\" \/><\/a><\/p>\n<p>-Ne\u0161to je jako puklo u dvori\u0161tu fabrike, za\u010duli su se alarmi, po\u010delo jaukanje i dovikivanje, a zatim gust crni dim koji je prekrio pola grada, pri\u010daju gra\u0111ani Jagodine koji \u017eive pored te fabrike. \u00a0\u00a0<a href=\"https:\/\/centralmedia.rs\/wp-content\/uploads\/2017\/08\/pozar-u-kineskoj-fabrici-1.jpg\"><img loading=\"lazy\" decoding=\"async\" class=\"aligncenter size-full wp-image-9126\" src=\"https:\/\/centralmedia.rs\/wp-content\/uploads\/2017\/08\/pozar-u-kineskoj-fabrici-1.jpg\" alt=\"\" width=\"900\" height=\"675\" srcset=\"https:\/\/centralmedia.rs\/wp-content\/uploads\/2017\/08\/pozar-u-kineskoj-fabrici-1.jpg 900w, https:\/\/centralmedia.rs\/wp-content\/uploads\/2017\/08\/pozar-u-kineskoj-fabrici-1-300x225.jpg 300w, https:\/\/centralmedia.rs\/wp-content\/uploads\/2017\/08\/pozar-u-kineskoj-fabrici-1-768x576.jpg 768w, https:\/\/centralmedia.rs\/wp-content\/uploads\/2017\/08\/pozar-u-kineskoj-fabrici-1-80x60.jpg 80w, https:\/\/centralmedia.rs\/wp-content\/uploads\/2017\/08\/pozar-u-kineskoj-fabrici-1-265x198.jpg 265w\" sizes=\"(max-width: 900px) 100vw, 900px\" \/><\/a><\/p>\n<p>Vatra je zahvatila kompletnu halu za proizvodnju gumenih papu\u010da, proizvodnji pogon, skladi\u0161te i sirovine. Crni dim je prekrio naselja Pivara i Sarina Me\u0111a. U krugu te fabrike na sre\u0107u nije bilo radnika, koji su na kolektivnom odmoru, ali prema prvim informacijama nema ni povre\u0111enih. Pored fabri\u010dkih hala nalazili su se parkirani kamioni-cisterne koje prevoze zapaljive materije, oni su izme\u0161teni.<a href=\"https:\/\/centralmedia.rs\/wp-content\/uploads\/2017\/08\/pozar-u-kineskoj-fabrici-6.jpg\"><img loading=\"lazy\" decoding=\"async\" class=\"aligncenter size-full wp-image-9127\" src=\"https:\/\/centralmedia.rs\/wp-content\/uploads\/2017\/08\/pozar-u-kineskoj-fabrici-6.jpg\" alt=\"\" width=\"900\" height=\"633\" srcset=\"https:\/\/centralmedia.rs\/wp-content\/uploads\/2017\/08\/pozar-u-kineskoj-fabrici-6.jpg 900w, https:\/\/centralmedia.rs\/wp-content\/uploads\/2017\/08\/pozar-u-kineskoj-fabrici-6-300x211.jpg 300w, https:\/\/centralmedia.rs\/wp-content\/uploads\/2017\/08\/pozar-u-kineskoj-fabrici-6-768x540.jpg 768w, https:\/\/centralmedia.rs\/wp-content\/uploads\/2017\/08\/pozar-u-kineskoj-fabrici-6-100x70.jpg 100w\" sizes=\"(max-width: 900px) 100vw, 900px\" \/><\/a><\/p>\n<p>-Gorela je sirovina i proizvodni pogon sa ma\u0161inama. Visoka temperatura i zadimljenost su pretili \u017eivotima vatrogasaca, ulazili smo unutar objekta, ali je bilo opasno po \u017eivot sa unutra\u0161nje strane da gasimo. Otvorili smo vilju\u0161karom prostoriju gde je izbio po\u017ear. Koristili smo aparate za kiseonik, jer je dim otrovan i jako kancerogen, ka\u017ee komandant vatrogasnog bataljona Sa\u0161a Igranjatovi\u0107.<a href=\"https:\/\/centralmedia.rs\/wp-content\/uploads\/2017\/08\/pozar-u-kineskoj-fabrici-4.jpg\"><img loading=\"lazy\" decoding=\"async\" class=\"aligncenter size-full wp-image-9128\" src=\"https:\/\/centralmedia.rs\/wp-content\/uploads\/2017\/08\/pozar-u-kineskoj-fabrici-4.jpg\" alt=\"\" width=\"900\" height=\"598\" srcset=\"https:\/\/centralmedia.rs\/wp-content\/uploads\/2017\/08\/pozar-u-kineskoj-fabrici-4.jpg 900w, https:\/\/centralmedia.rs\/wp-content\/uploads\/2017\/08\/pozar-u-kineskoj-fabrici-4-300x199.jpg 300w, https:\/\/centralmedia.rs\/wp-content\/uploads\/2017\/08\/pozar-u-kineskoj-fabrici-4-768x510.jpg 768w\" sizes=\"(max-width: 900px) 100vw, 900px\" \/><\/a><\/p>\n<p>Po\u017ear su gasila \u010detiri vozila sa osam vatrogasaca iz Jagodine, kao i vatrogasci iz Para\u0107ina i \u0106uprije.<\/p>\n<p>-Dim je opasan po ljude, jer je gorela sirovina za gumene papu\u010de, dakle plastika i guma. Dim lako mo\u017ee da izazove trovanje kod ljudi, ugu\u0161uju\u0107i je, tako da smo preporu\u010dili gra\u0111anima oko fabrike da zatvore prozore i ne izlaze na ulicu, pri\u010daju ekspeti za po\u017eare.<a href=\"https:\/\/centralmedia.rs\/wp-content\/uploads\/2017\/08\/pozar-u-kineskoj-fabrici-2.jpg\"><img loading=\"lazy\" decoding=\"async\" class=\"aligncenter size-full wp-image-9130\" src=\"https:\/\/centralmedia.rs\/wp-content\/uploads\/2017\/08\/pozar-u-kineskoj-fabrici-2.jpg\" alt=\"\" width=\"900\" height=\"659\" srcset=\"https:\/\/centralmedia.rs\/wp-content\/uploads\/2017\/08\/pozar-u-kineskoj-fabrici-2.jpg 900w, https:\/\/centralmedia.rs\/wp-content\/uploads\/2017\/08\/pozar-u-kineskoj-fabrici-2-300x220.jpg 300w, https:\/\/centralmedia.rs\/wp-content\/uploads\/2017\/08\/pozar-u-kineskoj-fabrici-2-768x562.jpg 768w, https:\/\/centralmedia.rs\/wp-content\/uploads\/2017\/08\/pozar-u-kineskoj-fabrici-2-80x60.jpg 80w\" sizes=\"(max-width: 900px) 100vw, 900px\" \/><\/a><\/p>\n<p>Predpostavlja se da je krivac za po\u017ear neispravna instalacija. Fabrika je otvorena u martu, ali nije najjasnije za\u0161to je tako potencijalno opasna fabrika dobila dozvolu da radi u naseljenom delu grada. U toj fabrici se tokom jedne smene proizvede od 1.200 do 1.800 pari gumenih papu\u010da. Radnici su pla\u0107eni 25.000 dinara mese\u010dno.<\/p>\n<p>&nbsp;<\/p>\n","protected":false},"excerpt":{"rendered":"<p>JAGODINA-Kineska fabrika za proizvodnju gumenih papu\u010da&#8221;Lianhe&#8221; u stambenom delu u Jagodini, izgorela je u velikom po\u017earu, koji je izbio oko 13.45 u sredu. Vatrogasci su &hellip; <\/p>\n","protected":false},"author":4,"featured_media":9124,"comment_status":"open","ping_status":"open","sticky":false,"template":"","format":"standard","meta":{"footnotes":""},"categories":[1524,20,2,1514],"tags":[58,2219,2218,323],"_links":{"self":[{"href":"https:\/\/centralmedia.rs\/index.php\/wp-json\/wp\/v2\/posts\/9123"}],"collection":[{"href":"https:\/\/centralmedia.rs\/index.php\/wp-json\/wp\/v2\/posts"}],"about":[{"href":"https:\/\/centralmedia.rs\/index.php\/wp-json\/wp\/v2\/types\/post"}],"author":[{"embeddable":true,"href":"https:\/\/centralmedia.rs\/index.php\/wp-json\/wp\/v2\/users\/4"}],"replies":[{"embeddable":true,"href":"https:\/\/centralmedia.rs\/index.php\/wp-json\/wp\/v2\/comments?post=9123"}],"version-history":[{"count":3,"href":"https:\/\/centralmedia.rs\/index.php\/wp-json\/wp\/v2\/posts\/9123\/revisions"}],"predecessor-version":[{"id":9132,"href":"https:\/\/centralmedia.rs\/index.php\/wp-json\/wp\/v2\/posts\/9123\/revisions\/9132"}],"wp:featuredmedia":[{"embeddable":true,"href":"https:\/\/centralmedia.rs\/index.php\/wp-json\/wp\/v2\/media\/9124"}],"wp:attachment":[{"href":"https:\/\/centralmedia.rs\/index.php\/wp-json\/wp\/v2\/media?parent=9123"}],"wp:term":[{"taxonomy":"category","embeddable":true,"href":"https:\/\/centralmedia.rs\/index.php\/wp-json\/wp\/v2\/categories?post=9123"},{"taxonomy":"post_tag","embeddable":true,"href":"https:\/\/centralmedia.rs\/index.php\/wp-json\/wp\/v2\/tags?post=9123"}],"curies":[{"name":"wp","href":"https:\/\/api.w.org\/{rel}","templated":true}]}}