{"id":9145,"date":"2017-08-17T12:00:27","date_gmt":"2017-08-17T12:00:27","guid":{"rendered":"http:\/\/centralmedia.rs\/?p=9145"},"modified":"2017-08-17T12:00:46","modified_gmt":"2017-08-17T12:00:46","slug":"u-kineskoj-fabrici-u-jagodini-gorele-opasne-materije-inspekcije-nenadlezne-nije-meren-kvalitet-vazduha","status":"publish","type":"post","link":"https:\/\/centralmedia.rs\/index.php\/2017\/08\/17\/u-kineskoj-fabrici-u-jagodini-gorele-opasne-materije-inspekcije-nenadlezne-nije-meren-kvalitet-vazduha\/","title":{"rendered":"U KINESKOJ FABRICI U JAGODINI GORELE OPASNE MATERIJE &#8211; INSPEKCIJE NENADLE\u017dNE, NIJE MEREN KVALITET VAZDUHA"},"content":{"rendered":"<p>JAGODINA-U po\u017earu u kome je u potpunosti izgorela kineska fabrika gumenih papu\u010da u jagodinskom naselju Pivara, izgorelo je nekoliko desetina tona opasnih materija, gume i plastike, \u010diji je produkt kancerogeni i opasni dim. Stanovnici gradskih mesnih zajednica su se gu\u0161ili u dimu i kancerogenim isparenjima tokom celog ju\u010dera\u0161njeg dana i no\u0107i, ali slu\u017ebu za ispitivanje vazduha Zavoda za javno zdravlje u \u0106upriji niko nije anga\u017eova da meri kvalitet vazduha. U ga\u0161enju po\u017eara u\u010destovalo je 10 vozila i 22 vatrogasca iz Jagodine, \u0106uprije, Para\u0107ina i Rekovca, \u0161to govori o veli\u010dini i ozbiljnosti po\u017eara.<a href=\"https:\/\/centralmedia.rs\/wp-content\/uploads\/2017\/08\/pozar.jpg\"><img loading=\"lazy\" decoding=\"async\" class=\"alignleft size-full wp-image-9147\" src=\"https:\/\/centralmedia.rs\/wp-content\/uploads\/2017\/08\/pozar.jpg\" alt=\"\" width=\"900\" height=\"653\" srcset=\"https:\/\/centralmedia.rs\/wp-content\/uploads\/2017\/08\/pozar.jpg 900w, https:\/\/centralmedia.rs\/wp-content\/uploads\/2017\/08\/pozar-300x218.jpg 300w, https:\/\/centralmedia.rs\/wp-content\/uploads\/2017\/08\/pozar-768x557.jpg 768w, https:\/\/centralmedia.rs\/wp-content\/uploads\/2017\/08\/pozar-324x235.jpg 324w\" sizes=\"(max-width: 900px) 100vw, 900px\" \/><\/a><\/p>\n<p>-Vatrogasna jedinica nije imala informaciju o postojanju tog objekta i da se tu proizvode gumene papu\u010de. Inspekcija je mo\u017eda znala. Za takve objekte imamo operativne karte ga\u0161enja, a za ovaj nismo imali jer ga nismo imali u na\u0161oj evidenciji objekata koji se bave takvom proizvodnjom. Ina\u010de, takve objekte obilazimo, upoznajemo se sa opasnim materijama, razra\u0111ujemo taktiku ga\u0161enja, ka\u017ee komandant Vatrogasnog bataljona Sa\u0161a Ignjatovi\u0107 i dodaje da smatra da je dim predstavljao opasnost po zdravlje ljudi, te da takva proizvodnja koristi materije koje su opasne prilikom sagorevanja.<\/p>\n<p>Hitna pomo\u0107 je nekoliko puta ukazivala pomo\u0107 vatrogascima koji su bili na ivici trovanja dimom i isparenjima, ali oni su posle ukazane pomo\u0107i hrabro nastavljali borbu sa po\u017earom.<\/p>\n<p>-Po\u017ear je doga\u0161en danas, dimio se i potpaljivao tokom no\u0107i, \u010dekali smo da se obave policijski uvi\u0111aj i ve\u0161ta\u010denje, koje nalo\u017eio tu\u017eilac. Po\u017ear je bio takvog obima i karaktera da nije mogao br\u017ee da se ugasi, sve smo poku\u0161ali, me\u0111utim, samo ga\u0161enje spolja i uru\u0161avanje hale je bilo bezbedno za vatrogasce. Goreli su magacin gotove robe, repromaterijal, pogon, bilo dosta lako zapaljvog materijala, koji se te\u017ee gasi, pri\u010da Ignjatovi\u0107.\u00a0<a href=\"https:\/\/centralmedia.rs\/wp-content\/uploads\/2017\/08\/pozar-1.jpg\"><img loading=\"lazy\" decoding=\"async\" class=\"alignleft size-full wp-image-9148\" src=\"https:\/\/centralmedia.rs\/wp-content\/uploads\/2017\/08\/pozar-1.jpg\" alt=\"\" width=\"671\" height=\"900\" srcset=\"https:\/\/centralmedia.rs\/wp-content\/uploads\/2017\/08\/pozar-1.jpg 671w, https:\/\/centralmedia.rs\/wp-content\/uploads\/2017\/08\/pozar-1-224x300.jpg 224w\" sizes=\"(max-width: 671px) 100vw, 671px\" \/><\/a><\/p>\n<p>Povodom po\u017eara, ekolo\u0161ke slu\u017ebe su se oglasile nenadle\u017enim, odnosno republi\u010dka inspektorka Ljiljana Marinkovi\u0107 je za taj doga\u0111aj saznala dan kasnije iz medija, dok su lokalni inspektori nenadle\u017eni u slu\u010daju paljenja opasnih materija. Gradski \u0160tab za vanredne situacije i lokalna vlast su po obi\u010daju od\u0107utali ceo doga\u0111aj,kao da se dogodio u drugoj dr\u017eavi. Ko je odobrio rad takve fabrike u naseljenom delu grada na nekoliko stotina metara od \u0161kola i vrti\u0107a, za sada je nepoznanica, kao i to da li fabrika ima potrebne dozvole za rad.<\/p>\n","protected":false},"excerpt":{"rendered":"<p>JAGODINA-U po\u017earu u kome je u potpunosti izgorela kineska fabrika gumenih papu\u010da u jagodinskom naselju Pivara, izgorelo je nekoliko desetina tona opasnih materija, gume i &hellip; <\/p>\n","protected":false},"author":4,"featured_media":9146,"comment_status":"open","ping_status":"open","sticky":false,"template":"","format":"standard","meta":{"footnotes":""},"categories":[1524,20,2,1514],"tags":[58,2218,323,2222],"_links":{"self":[{"href":"https:\/\/centralmedia.rs\/index.php\/wp-json\/wp\/v2\/posts\/9145"}],"collection":[{"href":"https:\/\/centralmedia.rs\/index.php\/wp-json\/wp\/v2\/posts"}],"about":[{"href":"https:\/\/centralmedia.rs\/index.php\/wp-json\/wp\/v2\/types\/post"}],"author":[{"embeddable":true,"href":"https:\/\/centralmedia.rs\/index.php\/wp-json\/wp\/v2\/users\/4"}],"replies":[{"embeddable":true,"href":"https:\/\/centralmedia.rs\/index.php\/wp-json\/wp\/v2\/comments?post=9145"}],"version-history":[{"count":1,"href":"https:\/\/centralmedia.rs\/index.php\/wp-json\/wp\/v2\/posts\/9145\/revisions"}],"predecessor-version":[{"id":9149,"href":"https:\/\/centralmedia.rs\/index.php\/wp-json\/wp\/v2\/posts\/9145\/revisions\/9149"}],"wp:featuredmedia":[{"embeddable":true,"href":"https:\/\/centralmedia.rs\/index.php\/wp-json\/wp\/v2\/media\/9146"}],"wp:attachment":[{"href":"https:\/\/centralmedia.rs\/index.php\/wp-json\/wp\/v2\/media?parent=9145"}],"wp:term":[{"taxonomy":"category","embeddable":true,"href":"https:\/\/centralmedia.rs\/index.php\/wp-json\/wp\/v2\/categories?post=9145"},{"taxonomy":"post_tag","embeddable":true,"href":"https:\/\/centralmedia.rs\/index.php\/wp-json\/wp\/v2\/tags?post=9145"}],"curies":[{"name":"wp","href":"https:\/\/api.w.org\/{rel}","templated":true}]}}