{"id":9151,"date":"2017-08-18T12:39:03","date_gmt":"2017-08-18T12:39:03","guid":{"rendered":"http:\/\/centralmedia.rs\/?p=9151"},"modified":"2017-08-18T12:50:33","modified_gmt":"2017-08-18T12:50:33","slug":"u-cupriji-paracinu-obelezna-prva-pobeda-nad-turskom-vojskom","status":"publish","type":"post","link":"https:\/\/centralmedia.rs\/index.php\/2017\/08\/18\/u-cupriji-paracinu-obelezna-prva-pobeda-nad-turskom-vojskom\/","title":{"rendered":"U \u0106UPRIJI I PARA\u0106INU &#8211; OBELE\u017dENA PRV\u0410 POBED\u0410 NAD TURSKOM VOJSKOM"},"content":{"rendered":"<p>\u0106UPRIJA-PARA\u0106IN- U \u0106upriji i Para\u0107inu obele\u017eena je 212. godi\u0161njica od Boja na Ivankovcu i legendarnog pogodka iz topa sa Kara\u0111or\u0111evog Brda kada je te\u0161ko ranjen Hafiz Pa\u0161a, to je srpskim ustanicima donelo prvu pobedu nad regularnom turskom vojskom u Prvom srpskom ustanku.<\/p>\n<figure id=\"attachment_9153\" aria-describedby=\"caption-attachment-9153\" style=\"width: 432px\" class=\"wp-caption alignleft\"><a href=\"https:\/\/centralmedia.rs\/wp-content\/uploads\/2017\/08\/ninoslav-eric-1.jpg\"><img loading=\"lazy\" decoding=\"async\" class=\"size-full wp-image-9153\" src=\"https:\/\/centralmedia.rs\/wp-content\/uploads\/2017\/08\/ninoslav-eric-1.jpg\" alt=\"\" width=\"432\" height=\"576\" srcset=\"https:\/\/centralmedia.rs\/wp-content\/uploads\/2017\/08\/ninoslav-eric-1.jpg 432w, https:\/\/centralmedia.rs\/wp-content\/uploads\/2017\/08\/ninoslav-eric-1-225x300.jpg 225w\" sizes=\"(max-width: 432px) 100vw, 432px\" \/><\/a><figcaption id=\"caption-attachment-9153\" class=\"wp-caption-text\">Ninoslav Eric<\/figcaption><\/figure>\n<p>-Danas odajemo po\u010dast\u00a0 i ve\u010ditu zahvalnost bezimenim srpskim ratnicima. I Milenkovim junacima, ovde na Ivankovcu, ali i svim drugima, sa desetine znanih i neznanih strati\u0161ta. Lu\u010d koja su onda upalili svetli i danas nad Srbijom. Pre 212. godina na ovom mestu, jednom od mnogih svetih mesta u Srbiji zapisivana je nova istorija srpskog naroda.Zapisivali su je sabljama protiv kubura, kuburama protiv topova anonimni srpski ratnici iz Pomoravlja, Resave, \u0160umadije, Posavine. Upisali su su isto ono \u0161to \u0107e naredne godine Kara\u0111or\u0111e na Mi\u0161aru, neku godinu kasnije\u00a0 Sin\u0111eli\u0107 na \u010cegru, a jo\u0161 vek kasnije vojvode Stepanovi\u0107 i Mi\u0161i\u0107 na Ceru i Kolubari. Isto je zapisano na svim ovim svetim mestima.Poruka svim osvaja\u010dima i agresorima odakle god dolazili. Ne mo\u017eete dalje jer odavde je sloboda, a od nje nema ni\u0161ta ve\u0107e i vrednije.To par\u010de zemlje \u0161to su na\u0161i preci nazvali Srbija i ostavili nam u nasle\u0111e vredi jedino sa slobodom u njoj. I nisu se povukli. Nisu ustuknuli ni Milenko Stojkovi\u0107,ni Kara\u0111or\u0111e,ni Stevan Sin\u0111eli\u0107,ni vojvode Stepa i Mi\u0161i\u0107. Nisu jer je iza njih bila Srbija i sloboda. Branili su jedno. Srbiju i slobodu, istakao je predsednik op\u0161tine \u0106uprija Ninoslav Eri\u0107.<\/p>\n<p><a href=\"https:\/\/centralmedia.rs\/wp-content\/uploads\/2016\/08\/ninoslav-eric-cuprija-g.j..jpg\"><img loading=\"lazy\" decoding=\"async\" class=\"alignleft size-medium wp-image-4306\" src=\"https:\/\/centralmedia.rs\/wp-content\/uploads\/2016\/08\/ninoslav-eric-cuprija-g.j.-300x225.jpg\" alt=\"\" width=\"300\" height=\"225\" srcset=\"https:\/\/centralmedia.rs\/wp-content\/uploads\/2016\/08\/ninoslav-eric-cuprija-g.j.-300x225.jpg 300w, https:\/\/centralmedia.rs\/wp-content\/uploads\/2016\/08\/ninoslav-eric-cuprija-g.j.-768x576.jpg 768w, https:\/\/centralmedia.rs\/wp-content\/uploads\/2016\/08\/ninoslav-eric-cuprija-g.j.-80x60.jpg 80w, https:\/\/centralmedia.rs\/wp-content\/uploads\/2016\/08\/ninoslav-eric-cuprija-g.j.-265x198.jpg 265w, https:\/\/centralmedia.rs\/wp-content\/uploads\/2016\/08\/ninoslav-eric-cuprija-g.j..jpg 900w\" sizes=\"(max-width: 300px) 100vw, 300px\" \/><\/a>On je dodao da je u razvoju srpske dr\u017eavnosti Boj na Ivankovcu ima presudan zna\u010daj, jer je bio prelomni momenat u shvatanju karaktera samog ustanka.<\/p>\n<p>-Posle Ivankovca je i turskom dvoru i velikim evropskim silama postalo jasno da je ustanak samo po\u010detak jednog nezaustavljivog procesa koji jedino vodi ka nezavisnosti Srbije. Zbog toga \u0107e Turska na ve\u010dito nemirni Beogradski pa\u0161aluk baciti svu raspolo\u017eivu vojnu silu privremeno ugu\u0161ti ustanak svesna i sama da je to samo privremeno.Novi ustanak \u0107e buknuti samo par godina kasnije, naglasio je on.<a href=\"https:\/\/centralmedia.rs\/wp-content\/uploads\/2016\/08\/karadjordjev-tresnjev-top-cuprija-g.j..jpg\"><img loading=\"lazy\" decoding=\"async\" class=\"alignleft size-medium wp-image-4308\" src=\"https:\/\/centralmedia.rs\/wp-content\/uploads\/2016\/08\/karadjordjev-tresnjev-top-cuprija-g.j.-300x225.jpg\" alt=\"\" width=\"300\" height=\"225\" srcset=\"https:\/\/centralmedia.rs\/wp-content\/uploads\/2016\/08\/karadjordjev-tresnjev-top-cuprija-g.j.-300x225.jpg 300w, https:\/\/centralmedia.rs\/wp-content\/uploads\/2016\/08\/karadjordjev-tresnjev-top-cuprija-g.j.-768x576.jpg 768w, https:\/\/centralmedia.rs\/wp-content\/uploads\/2016\/08\/karadjordjev-tresnjev-top-cuprija-g.j.-80x60.jpg 80w, https:\/\/centralmedia.rs\/wp-content\/uploads\/2016\/08\/karadjordjev-tresnjev-top-cuprija-g.j.-265x198.jpg 265w, https:\/\/centralmedia.rs\/wp-content\/uploads\/2016\/08\/karadjordjev-tresnjev-top-cuprija-g.j..jpg 900w\" sizes=\"(max-width: 300px) 100vw, 300px\" \/><\/a><\/p>\n<p>Obele\u017eavanje je po\u010delo opelom za ivankova\u010dke borce i polaganjem venaca uz odavanje dr\u017eavnih i vojnih po\u010dasti.<\/p>\n<p>-Srbija vodi ra\u010duna o svim spomenicima istorije srpskog naroda u zemlji i inostranstvu. Ovog meseca obele\u017eeno nekoliko doga\u0111aja iz na\u0161e istorije, a Boj na Ivankovcu udario je temelje srpske dr\u017eavnosti, rekao je<\/p>\n<p>dr\u017eavni sekretar u Ministarstvu za rad i socijalnu politiku Negovan Stankovi\u0107.<\/p>\n<p>Recital \u201ePrvi va\u017eni boj\u201c &#8211; Sime Milutinovi\u0107a Sarajlije izvela je Iva Jefti\u0107, dok je hor Horeum Margi izveo ,,Sedam sati udara&#8221; i ,,Ovo je Srbija&#8221;.<\/p>\n<div id='gallery-1' class='gallery galleryid-9151 gallery-columns-2 gallery-size-full'><figure class='gallery-item'>\n\t\t\t<div class='gallery-icon landscape'>\n\t\t\t\t<a href='https:\/\/centralmedia.rs\/index.php\/2017\/08\/18\/u-cupriji-paracinu-obelezna-prva-pobeda-nad-turskom-vojskom\/paracin-karadjordjevo-brdo-2\/'><img loading=\"lazy\" decoding=\"async\" width=\"960\" height=\"720\" src=\"https:\/\/centralmedia.rs\/wp-content\/uploads\/2017\/08\/paracin-karadjordjevo-brdo-2.jpg\" class=\"attachment-full size-full\" alt=\"\" srcset=\"https:\/\/centralmedia.rs\/wp-content\/uploads\/2017\/08\/paracin-karadjordjevo-brdo-2.jpg 960w, https:\/\/centralmedia.rs\/wp-content\/uploads\/2017\/08\/paracin-karadjordjevo-brdo-2-300x225.jpg 300w, https:\/\/centralmedia.rs\/wp-content\/uploads\/2017\/08\/paracin-karadjordjevo-brdo-2-768x576.jpg 768w, https:\/\/centralmedia.rs\/wp-content\/uploads\/2017\/08\/paracin-karadjordjevo-brdo-2-80x60.jpg 80w, https:\/\/centralmedia.rs\/wp-content\/uploads\/2017\/08\/paracin-karadjordjevo-brdo-2-265x198.jpg 265w\" sizes=\"(max-width: 960px) 100vw, 960px\" \/><\/a>\n\t\t\t<\/div><\/figure><figure class='gallery-item'>\n\t\t\t<div class='gallery-icon landscape'>\n\t\t\t\t<a href='https:\/\/centralmedia.rs\/index.php\/2017\/08\/18\/u-cupriji-paracinu-obelezna-prva-pobeda-nad-turskom-vojskom\/paracin-karadjordjevo-brdo\/'><img loading=\"lazy\" decoding=\"async\" width=\"960\" height=\"720\" src=\"https:\/\/centralmedia.rs\/wp-content\/uploads\/2017\/08\/paracin-karadjordjevo-brdo.jpg\" class=\"attachment-full size-full\" alt=\"\" srcset=\"https:\/\/centralmedia.rs\/wp-content\/uploads\/2017\/08\/paracin-karadjordjevo-brdo.jpg 960w, https:\/\/centralmedia.rs\/wp-content\/uploads\/2017\/08\/paracin-karadjordjevo-brdo-300x225.jpg 300w, https:\/\/centralmedia.rs\/wp-content\/uploads\/2017\/08\/paracin-karadjordjevo-brdo-768x576.jpg 768w, https:\/\/centralmedia.rs\/wp-content\/uploads\/2017\/08\/paracin-karadjordjevo-brdo-80x60.jpg 80w, https:\/\/centralmedia.rs\/wp-content\/uploads\/2017\/08\/paracin-karadjordjevo-brdo-265x198.jpg 265w\" sizes=\"(max-width: 960px) 100vw, 960px\" \/><\/a>\n\t\t\t<\/div><\/figure>\n\t\t<\/div>\n\n<p>Na Kara\u0111or\u0111evom brdu kod Para\u0107ina obele\u017eena je prva srpska pobeda, a na spomenik legendarnom Stevi Pisaru polo\u017eeni venci. Naime, on je pre 212 godina ispalio iz topa hitac koji je pogodio \u0161ator turskog vojskovo\u0111e Hafiz Pa\u0161e i te\u0161ko ga ranio. Turska vojska je zatim\u00a0 krenula u povla\u010denje i Hafiz Pa\u0161a je preminuo u Ni\u0161u.<\/p>\n<figure id=\"attachment_9156\" aria-describedby=\"caption-attachment-9156\" style=\"width: 720px\" class=\"wp-caption aligncenter\"><a href=\"https:\/\/centralmedia.rs\/wp-content\/uploads\/2017\/08\/paracin-karadjordjevo-brdo-3.jpg\"><img loading=\"lazy\" decoding=\"async\" class=\"size-full wp-image-9156\" src=\"https:\/\/centralmedia.rs\/wp-content\/uploads\/2017\/08\/paracin-karadjordjevo-brdo-3.jpg\" alt=\"\" width=\"720\" height=\"960\" srcset=\"https:\/\/centralmedia.rs\/wp-content\/uploads\/2017\/08\/paracin-karadjordjevo-brdo-3.jpg 720w, https:\/\/centralmedia.rs\/wp-content\/uploads\/2017\/08\/paracin-karadjordjevo-brdo-3-225x300.jpg 225w\" sizes=\"(max-width: 720px) 100vw, 720px\" \/><\/a><figcaption id=\"caption-attachment-9156\" class=\"wp-caption-text\">Karadjordjevo brdo<\/figcaption><\/figure>\n<p>Istorija bele\u017ei da su se talasi turskih konjanika \u010ditav dan razbijali o \u0161an\u010deve i palisade srpskih ustanika. Vi\u0161estruko nadmo\u0107nija, i u ljudstvu i oru\u017eju , vojska Hafiz Pa\u0161e je sutradan morala da se povu\u010de. Lu\u010d slobode upaljena u Ora\u0161cu, na Ivankovcu je dobila novi plamen.I svaka nova bitka je taj plamen poja\u010davala, a svetlost nad Srbijom bivala sve ve\u0107a.<\/p>\n<p>&nbsp;<\/p>\n","protected":false},"excerpt":{"rendered":"<p>\u0106UPRIJA-PARA\u0106IN- U \u0106upriji i Para\u0107inu obele\u017eena je 212. godi\u0161njica od Boja na Ivankovcu i legendarnog pogodka iz topa sa Kara\u0111or\u0111evog Brda kada je te\u0161ko ranjen &hellip; <\/p>\n","protected":false},"author":4,"featured_media":9152,"comment_status":"open","ping_status":"open","sticky":false,"template":"","format":"standard","meta":{"footnotes":""},"categories":[1515,1524,2,15,1516,887,12],"tags":[1142,2223],"_links":{"self":[{"href":"https:\/\/centralmedia.rs\/index.php\/wp-json\/wp\/v2\/posts\/9151"}],"collection":[{"href":"https:\/\/centralmedia.rs\/index.php\/wp-json\/wp\/v2\/posts"}],"about":[{"href":"https:\/\/centralmedia.rs\/index.php\/wp-json\/wp\/v2\/types\/post"}],"author":[{"embeddable":true,"href":"https:\/\/centralmedia.rs\/index.php\/wp-json\/wp\/v2\/users\/4"}],"replies":[{"embeddable":true,"href":"https:\/\/centralmedia.rs\/index.php\/wp-json\/wp\/v2\/comments?post=9151"}],"version-history":[{"count":3,"href":"https:\/\/centralmedia.rs\/index.php\/wp-json\/wp\/v2\/posts\/9151\/revisions"}],"predecessor-version":[{"id":9159,"href":"https:\/\/centralmedia.rs\/index.php\/wp-json\/wp\/v2\/posts\/9151\/revisions\/9159"}],"wp:featuredmedia":[{"embeddable":true,"href":"https:\/\/centralmedia.rs\/index.php\/wp-json\/wp\/v2\/media\/9152"}],"wp:attachment":[{"href":"https:\/\/centralmedia.rs\/index.php\/wp-json\/wp\/v2\/media?parent=9151"}],"wp:term":[{"taxonomy":"category","embeddable":true,"href":"https:\/\/centralmedia.rs\/index.php\/wp-json\/wp\/v2\/categories?post=9151"},{"taxonomy":"post_tag","embeddable":true,"href":"https:\/\/centralmedia.rs\/index.php\/wp-json\/wp\/v2\/tags?post=9151"}],"curies":[{"name":"wp","href":"https:\/\/api.w.org\/{rel}","templated":true}]}}