{"id":9171,"date":"2017-08-20T11:47:32","date_gmt":"2017-08-20T11:47:32","guid":{"rendered":"http:\/\/centralmedia.rs\/?p=9171"},"modified":"2017-08-20T11:47:32","modified_gmt":"2017-08-20T11:47:32","slug":"vinska-promenda-u-paracinu","status":"publish","type":"post","link":"https:\/\/centralmedia.rs\/index.php\/2017\/08\/20\/vinska-promenda-u-paracinu\/","title":{"rendered":"VINSKA PROMENDA U PARA\u0106INU"},"content":{"rendered":"<p>PARA\u0106IN-Povodom obele\u017eavanja dana vinskog vite\u0161kog reda &#8220;Steva Pisar&#8221; u Para\u0107inu \u00a0je odr\u017eana ,,Vinska promenada&#8221; u Donjem parku iz reku Crnicu. <a href=\"https:\/\/centralmedia.rs\/wp-content\/uploads\/2017\/08\/vinska-promenda.jpg\"><img loading=\"lazy\" decoding=\"async\" class=\"alignright size-medium wp-image-9173\" src=\"https:\/\/centralmedia.rs\/wp-content\/uploads\/2017\/08\/vinska-promenda-300x192.jpg\" alt=\"\" width=\"300\" height=\"192\" srcset=\"https:\/\/centralmedia.rs\/wp-content\/uploads\/2017\/08\/vinska-promenda-300x192.jpg 300w, https:\/\/centralmedia.rs\/wp-content\/uploads\/2017\/08\/vinska-promenda-768x491.jpg 768w, https:\/\/centralmedia.rs\/wp-content\/uploads\/2017\/08\/vinska-promenda.jpg 939w\" sizes=\"(max-width: 300px) 100vw, 300px\" \/><\/a>Posetioci su imali priliku da probaju najbolja vina pomoravskog vinogorja i probaju specijalitete ovog kraja. U\u010destovalisu vinarije &#8220;Vinis&#8221;- Dobra Voda, \u00a0,,Jedna \u010da\u0161a, jedna pri\u010da&#8221;- Ra\u017eanj, &#8220;Todorovi\u0107&#8221;- Lipovac, &#8220;Piano&#8221;- Jagodina, &#8220;Temet&#8221;- Jagodina, &#8220;Raji\u0107&#8221;- Glavica, &#8220;Sabos&#8221;- Aleksandrovac, Vinski podrum manastira Koporin, Individualni izlaga\u010di udru\u017eenja &#8220;Steva Pisar 1805&#8221;- Para\u0107in. Mle\u010dne proizvode, predstavije farma koza &#8220;Vi\u0161nja&#8221; iz Para\u0107ina.<\/p>\n<p>&nbsp;<\/p>\n","protected":false},"excerpt":{"rendered":"<p>PARA\u0106IN-Povodom obele\u017eavanja dana vinskog vite\u0161kog reda &#8220;Steva Pisar&#8221; u Para\u0107inu \u00a0je odr\u017eana ,,Vinska promenada&#8221; u Donjem parku iz reku Crnicu. Posetioci su imali priliku da &hellip; <\/p>\n","protected":false},"author":4,"featured_media":9172,"comment_status":"open","ping_status":"open","sticky":false,"template":"","format":"standard","meta":{"footnotes":""},"categories":[1524,2,1516,887,16,12],"tags":[156,2228],"_links":{"self":[{"href":"https:\/\/centralmedia.rs\/index.php\/wp-json\/wp\/v2\/posts\/9171"}],"collection":[{"href":"https:\/\/centralmedia.rs\/index.php\/wp-json\/wp\/v2\/posts"}],"about":[{"href":"https:\/\/centralmedia.rs\/index.php\/wp-json\/wp\/v2\/types\/post"}],"author":[{"embeddable":true,"href":"https:\/\/centralmedia.rs\/index.php\/wp-json\/wp\/v2\/users\/4"}],"replies":[{"embeddable":true,"href":"https:\/\/centralmedia.rs\/index.php\/wp-json\/wp\/v2\/comments?post=9171"}],"version-history":[{"count":1,"href":"https:\/\/centralmedia.rs\/index.php\/wp-json\/wp\/v2\/posts\/9171\/revisions"}],"predecessor-version":[{"id":9174,"href":"https:\/\/centralmedia.rs\/index.php\/wp-json\/wp\/v2\/posts\/9171\/revisions\/9174"}],"wp:featuredmedia":[{"embeddable":true,"href":"https:\/\/centralmedia.rs\/index.php\/wp-json\/wp\/v2\/media\/9172"}],"wp:attachment":[{"href":"https:\/\/centralmedia.rs\/index.php\/wp-json\/wp\/v2\/media?parent=9171"}],"wp:term":[{"taxonomy":"category","embeddable":true,"href":"https:\/\/centralmedia.rs\/index.php\/wp-json\/wp\/v2\/categories?post=9171"},{"taxonomy":"post_tag","embeddable":true,"href":"https:\/\/centralmedia.rs\/index.php\/wp-json\/wp\/v2\/tags?post=9171"}],"curies":[{"name":"wp","href":"https:\/\/api.w.org\/{rel}","templated":true}]}}