{"id":9223,"date":"2017-08-24T11:32:37","date_gmt":"2017-08-24T11:32:37","guid":{"rendered":"http:\/\/centralmedia.rs\/?p=9223"},"modified":"2017-08-24T11:37:59","modified_gmt":"2017-08-24T11:37:59","slug":"predsednik-vucic-otvara-viteski-turnir-just-3-u-manasiji-borbe-srpskih-turskih-vitezova-posle-dva-veka","status":"publish","type":"post","link":"https:\/\/centralmedia.rs\/index.php\/2017\/08\/24\/predsednik-vucic-otvara-viteski-turnir-just-3-u-manasiji-borbe-srpskih-turskih-vitezova-posle-dva-veka\/","title":{"rendered":"PREDSEDNIK VU\u010cI\u0106 OTVARA VITE\u0160KI TURNIR ,,JUST OUT 3&#8243; U MANASIJI-BORBE SRPSKIH I TURSKIH VITEZOVA POSLE DVA VEKA"},"content":{"rendered":"<p>DESPOTOVAC-Me\u0111unarodni Vite\u0161ki festival ,,Despot Stefan Lazarevi\u0107- Just out 3&#8243; podno zidina manastira Manasija kod Despotovca otvori\u0107e u petak predsednik Srbije Aleksandar Vu\u010di\u0107, najavili su organizatori. On \u0107e prvo obi\u0107i Vite\u0161ko selo, a zatim otvoriti festival, koji \u0107e trajati pod 25. do 27 avgusta. Himnu Bo\u017ee pravde izve\u0161\u0107e \u0160kola za muzi\u010dke talente iz \u0106uprije.<\/p>\n<figure id=\"attachment_9225\" aria-describedby=\"caption-attachment-9225\" style=\"width: 1620px\" class=\"wp-caption aligncenter\"><a href=\"https:\/\/centralmedia.rs\/wp-content\/uploads\/2017\/08\/skola-za-muzicke-talente.jpg\"><img loading=\"lazy\" decoding=\"async\" class=\"size-full wp-image-9225\" src=\"https:\/\/centralmedia.rs\/wp-content\/uploads\/2017\/08\/skola-za-muzicke-talente.jpg\" alt=\"\" width=\"1620\" height=\"784\" srcset=\"https:\/\/centralmedia.rs\/wp-content\/uploads\/2017\/08\/skola-za-muzicke-talente.jpg 1620w, https:\/\/centralmedia.rs\/wp-content\/uploads\/2017\/08\/skola-za-muzicke-talente-300x145.jpg 300w, https:\/\/centralmedia.rs\/wp-content\/uploads\/2017\/08\/skola-za-muzicke-talente-768x372.jpg 768w, https:\/\/centralmedia.rs\/wp-content\/uploads\/2017\/08\/skola-za-muzicke-talente-1024x496.jpg 1024w\" sizes=\"(max-width: 1620px) 100vw, 1620px\" \/><\/a><figcaption id=\"caption-attachment-9225\" class=\"wp-caption-text\">Himna Bo\u017ee pravde<\/figcaption><\/figure>\n<p>&#8211; Ove godine o\u010dekujemo do 100.000 posetilaca i 17 zemalja u\u010desnica. \u0160ve\u0111ani i Danci uz Turke bi\u0107e ovde prvi put. Belgijanci su razapeli \u0161atore. O\u010dekujemo pun autobus Francuza. Nastavljamo da rastemo u tom smislu i spektakl \u0107e biti jo\u0161 ve\u0107e nego ranijih godina. Teren u Vite\u0161kom selu je bolje ure\u0111en, tako \u0107e za publiku biti jo\u0161 ve\u0107a atrakcija, istakao je direktor festivala Vladimir Blagojevi\u0107.<\/p>\n<blockquote><p>VA\u017dNO OBAVE\u0160TENjE<\/p>\n<p>&#8211; KAMP &#8211;<\/p>\n<p>Za sve posetioce koji planiraju da borave u kampu,<\/p>\n<p>&#8211; Kamp se nalazi u sklopu festivala sa osnovnim uslovima -voda, toalet, struja, tu\u0161evi.<\/p>\n<p>&#8211; Cena 499din po osobi za 1 no\u0107. Za decu je besplatno.<\/p>\n<p>&#8211; Gosti sami donose \u0161atore.<\/p>\n<p>&#8211; Prijavljivanje je na licu mesta.<\/p>\n<p>Va\u017ena napomena: do festivala i kampa ne\u0107e mo\u0107i da se pri\u0111e kolima, ta\u010dnije saobra\u0107aj je zatvoren na deonici Despotovac &#8211; Manasija (nekih 2km). Stvari \u0107ete mo\u0107i da prenesete autobusom koji saobra\u0107a na toj relaciji za goste festivala, besplatno.<\/p>\n<p>&#8211; O\u010dekuje se veliki broj ljudi, molimo za strpljenje :).<\/p>\n<p>&#8211; U ve\u010dernjim satima je hladnije nego preko dana, nemoj da vas zavara Sunce, ponesite topliju garderobu za no\u0107.<\/p>\n<figure id=\"attachment_9226\" aria-describedby=\"caption-attachment-9226\" style=\"width: 1536px\" class=\"wp-caption aligncenter\"><a href=\"https:\/\/centralmedia.rs\/wp-content\/uploads\/2017\/08\/vitezovi-iz-turske.jpg\"><img loading=\"lazy\" decoding=\"async\" class=\"size-full wp-image-9226\" src=\"https:\/\/centralmedia.rs\/wp-content\/uploads\/2017\/08\/vitezovi-iz-turske.jpg\" alt=\"\" width=\"1536\" height=\"786\" srcset=\"https:\/\/centralmedia.rs\/wp-content\/uploads\/2017\/08\/vitezovi-iz-turske.jpg 1536w, https:\/\/centralmedia.rs\/wp-content\/uploads\/2017\/08\/vitezovi-iz-turske-300x154.jpg 300w, https:\/\/centralmedia.rs\/wp-content\/uploads\/2017\/08\/vitezovi-iz-turske-768x393.jpg 768w, https:\/\/centralmedia.rs\/wp-content\/uploads\/2017\/08\/vitezovi-iz-turske-1024x524.jpg 1024w\" sizes=\"(max-width: 1536px) 100vw, 1536px\" \/><\/a><figcaption id=\"caption-attachment-9226\" class=\"wp-caption-text\">Vitezovi iz Turske -foto Just out 3<\/figcaption><\/figure><\/blockquote>\n<p>Od centra Despotovca na pet lokacija su raspore\u0111ena parkirali\u0161ta i od te lokacije \u0107e 4 gradska autobusa da voze 2 kilometra do manastira. Autobusi \u0107e saobra\u0107ati na svakih nekoliko minuta. Organizatori su odvojili prostor za posetioce festivala koji \u017eele da kampuju u Vite\u0161kom selu i re\u010d je o prostoru za 150 do 200 \u0161atora. No\u0107enje u selu je 499 dinara po osobi, deca ne pla\u0107aju.<\/p>\n<p>-Nadamo se da \u0107e se Despotovac ovim festivalom izdvojiti od ostalih gradova i uvrstiti u vrh turisti\u010dke ponude Srbije prema svetskim i evropskim turistima. Imamo \u0161ta da ponudimo svim posetiocima, vitezovi pristi\u017eu, o\u010dekujemo posetioce sva tri dana. Op\u0161tina je ove godine zdu\u0161no podr\u017eala organizaciju festivala i bez dana odmora radili smo naprno na izgradnji Vite\u0161kog sela, kako svi posetioci bili zadovoljni, rekao je predsednik te op\u0161tine Nikola Nikoli\u0107.<\/p>\n<figure id=\"attachment_9227\" aria-describedby=\"caption-attachment-9227\" style=\"width: 1562px\" class=\"wp-caption aligncenter\"><a href=\"https:\/\/centralmedia.rs\/wp-content\/uploads\/2017\/08\/vitezovi-iz-bugarske.jpg\"><img loading=\"lazy\" decoding=\"async\" class=\"size-full wp-image-9227\" src=\"https:\/\/centralmedia.rs\/wp-content\/uploads\/2017\/08\/vitezovi-iz-bugarske.jpg\" alt=\"\" width=\"1562\" height=\"810\" srcset=\"https:\/\/centralmedia.rs\/wp-content\/uploads\/2017\/08\/vitezovi-iz-bugarske.jpg 1562w, https:\/\/centralmedia.rs\/wp-content\/uploads\/2017\/08\/vitezovi-iz-bugarske-300x156.jpg 300w, https:\/\/centralmedia.rs\/wp-content\/uploads\/2017\/08\/vitezovi-iz-bugarske-768x398.jpg 768w, https:\/\/centralmedia.rs\/wp-content\/uploads\/2017\/08\/vitezovi-iz-bugarske-1024x531.jpg 1024w\" sizes=\"(max-width: 1562px) 100vw, 1562px\" \/><\/a><figcaption id=\"caption-attachment-9227\" class=\"wp-caption-text\">Vitezovi iz Bugraske- foto Just out 3<\/figcaption><\/figure>\n<p>Centralni deo manifestacije bi\u0107e realizovan u novoizgra\u0111enom Vite\u0161kom selu, koje izgleda kao da je istupilo iz srednjeg veka. Tu \u0107e biti borbi, takmi\u010denja u streli\u010darstvu, radionice za decu i odrasle, srednjovekovni zanati i muzika, srednjovekovne igre i performansi. Tokom ve\u010deri, na velikoj sceni podno zidina Manasije u programu \u0107e u\u010destvovati umetnici, muzi\u010dari, glumci, kaskaderi i akrobate, uz neizostavne borbe vitezova iz razli\u010ditih zemalja.<\/p>\n<figure id=\"attachment_9228\" aria-describedby=\"caption-attachment-9228\" style=\"width: 1494px\" class=\"wp-caption aligncenter\"><a href=\"https:\/\/centralmedia.rs\/wp-content\/uploads\/2017\/08\/banovic-strahinja.jpg\"><img loading=\"lazy\" decoding=\"async\" class=\"size-full wp-image-9228\" src=\"https:\/\/centralmedia.rs\/wp-content\/uploads\/2017\/08\/banovic-strahinja.jpg\" alt=\"\" width=\"1494\" height=\"760\" srcset=\"https:\/\/centralmedia.rs\/wp-content\/uploads\/2017\/08\/banovic-strahinja.jpg 1494w, https:\/\/centralmedia.rs\/wp-content\/uploads\/2017\/08\/banovic-strahinja-300x153.jpg 300w, https:\/\/centralmedia.rs\/wp-content\/uploads\/2017\/08\/banovic-strahinja-768x391.jpg 768w, https:\/\/centralmedia.rs\/wp-content\/uploads\/2017\/08\/banovic-strahinja-1024x521.jpg 1024w\" sizes=\"(max-width: 1494px) 100vw, 1494px\" \/><\/a><figcaption id=\"caption-attachment-9228\" class=\"wp-caption-text\">Banovi\u0107 Strahinja- foto Just out 3<\/figcaption><\/figure>\n<p>U Despotovcu \u0107e boraviti vitezovi iz Francuske, Rusije, Ukrajine, Rumunije, Bugarske, Ma\u0111arske, Republike Srpske, Hrvatske, Crne Gore, Slovenije, \u010ce\u0161ke, Slova\u010dke, Turske, Austrije, Danske, \u0160vedske, Belgije, Jermenije i Irana.<\/p>\n<p>&nbsp;<\/p>\n<blockquote><p>PROGRAM ,,JUST OUT 3&#8243;<br \/>\n20.00 \u010dasova, Manasija<br \/>\nMe\u0111unarodni vite\u0161ki festival \u201eDespot Stefan Lazarevi\u0107\u201d \u2013 JUST OUT 2017<br \/>\nSve\u010dano otvaranje<br \/>\nMini-koncert Slobodana Trkulje<br \/>\nDefile vite\u0161kih trupa<br \/>\n21.30 \u010dasova, Manasija<br \/>\nMuzi\u010dko-igra\u010dki spektakl \u201eBanovi\u0107 Strahinja\u201d<br \/>\nKompozitor, dirigent i muzi\u010dki producent Ivan Ili\u0107<br \/>\nProdukcija i tehni\u010dka realizacija Ustanova kulture \u201eVuk Stefanovi\u0107 Karad\u017ei\u0107\u201d, Beograd<br \/>\nSubota, 26. avgust<br \/>\n11.00 \u010dasova, Manasija<br \/>\nMe\u0111unarodni vite\u0161ki turnir \u201eDespot Stefan Lazarevi\u0107\u201d \u2013 JUST OUT 2017<br \/>\nNedelja, 27. avgust<br \/>\n11.00 \u010dasova, Manasija<br \/>\nMe\u0111unarodni vite\u0161ki turnir \u201eDespot Stefan Lazarevi\u0107\u201d \u2013 JUST OUT 2017<\/p><\/blockquote>\n","protected":false},"excerpt":{"rendered":"<p>DESPOTOVAC-Me\u0111unarodni Vite\u0161ki festival ,,Despot Stefan Lazarevi\u0107- Just out 3&#8243; podno zidina manastira Manasija kod Despotovca otvori\u0107e u petak predsednik Srbije Aleksandar Vu\u010di\u0107, najavili su organizatori. &hellip; <\/p>\n","protected":false},"author":4,"featured_media":9224,"comment_status":"open","ping_status":"open","sticky":false,"template":"","format":"standard","meta":{"footnotes":""},"categories":[1518,14,1524,2,12],"tags":[2241,2240,54,1168],"_links":{"self":[{"href":"https:\/\/centralmedia.rs\/index.php\/wp-json\/wp\/v2\/posts\/9223"}],"collection":[{"href":"https:\/\/centralmedia.rs\/index.php\/wp-json\/wp\/v2\/posts"}],"about":[{"href":"https:\/\/centralmedia.rs\/index.php\/wp-json\/wp\/v2\/types\/post"}],"author":[{"embeddable":true,"href":"https:\/\/centralmedia.rs\/index.php\/wp-json\/wp\/v2\/users\/4"}],"replies":[{"embeddable":true,"href":"https:\/\/centralmedia.rs\/index.php\/wp-json\/wp\/v2\/comments?post=9223"}],"version-history":[{"count":3,"href":"https:\/\/centralmedia.rs\/index.php\/wp-json\/wp\/v2\/posts\/9223\/revisions"}],"predecessor-version":[{"id":9231,"href":"https:\/\/centralmedia.rs\/index.php\/wp-json\/wp\/v2\/posts\/9223\/revisions\/9231"}],"wp:featuredmedia":[{"embeddable":true,"href":"https:\/\/centralmedia.rs\/index.php\/wp-json\/wp\/v2\/media\/9224"}],"wp:attachment":[{"href":"https:\/\/centralmedia.rs\/index.php\/wp-json\/wp\/v2\/media?parent=9223"}],"wp:term":[{"taxonomy":"category","embeddable":true,"href":"https:\/\/centralmedia.rs\/index.php\/wp-json\/wp\/v2\/categories?post=9223"},{"taxonomy":"post_tag","embeddable":true,"href":"https:\/\/centralmedia.rs\/index.php\/wp-json\/wp\/v2\/tags?post=9223"}],"curies":[{"name":"wp","href":"https:\/\/api.w.org\/{rel}","templated":true}]}}