{"id":9250,"date":"2017-08-25T15:02:34","date_gmt":"2017-08-25T15:02:34","guid":{"rendered":"http:\/\/centralmedia.rs\/?p=9250"},"modified":"2017-08-25T15:02:34","modified_gmt":"2017-08-25T15:02:34","slug":"pomoc-siromasnoj-napustenoj-starici","status":"publish","type":"post","link":"https:\/\/centralmedia.rs\/index.php\/2017\/08\/25\/pomoc-siromasnoj-napustenoj-starici\/","title":{"rendered":"POMO\u0106 SIROMA\u0160NOJ I NAPU\u0160TENOJ STARICI"},"content":{"rendered":"<p>PARA\u0106IN-Na vapaj me\u0161tana Donje Mutnice kod Para\u0107ina \u00a0predstavnici odborni\u010dke grupe Pokreta za selo i grad &#8211; Ekolo\u0161ki pokret posetili su danas Desanku Sibinovi\u0107 i uru\u010dili joj neophodnu pomo\u0107 u hrani, vodi \u00a0i higijenskim sredstvima. Ona \u017eivi u veoma lo\u0161im uslovima, bez prihoda, prepu\u0161tena sama sebi. Psiholog Dragana Radisavljevi\u0107, predsednik Odbora za prevenciju bolesti zavisnosti izjavila da je jo\u0161 jednom pokazana solidarnost i briga za gra\u0111ane.<\/p>\n<div id='gallery-1' class='gallery galleryid-9250 gallery-columns-5 gallery-size-thumbnail'><figure class='gallery-item'>\n\t\t\t<div class='gallery-icon portrait'>\n\t\t\t\t<a href='https:\/\/centralmedia.rs\/index.php\/2017\/08\/25\/pomoc-siromasnoj-napustenoj-starici\/pomoc-1\/'><img loading=\"lazy\" decoding=\"async\" width=\"150\" height=\"150\" src=\"https:\/\/centralmedia.rs\/wp-content\/uploads\/2017\/08\/pomoc-1-150x150.jpg\" class=\"attachment-thumbnail size-thumbnail\" alt=\"\" \/><\/a>\n\t\t\t<\/div><\/figure><figure class='gallery-item'>\n\t\t\t<div class='gallery-icon portrait'>\n\t\t\t\t<a href='https:\/\/centralmedia.rs\/index.php\/2017\/08\/25\/pomoc-siromasnoj-napustenoj-starici\/pomoc-2\/'><img loading=\"lazy\" decoding=\"async\" width=\"150\" height=\"150\" src=\"https:\/\/centralmedia.rs\/wp-content\/uploads\/2017\/08\/pomoc-2-150x150.jpg\" class=\"attachment-thumbnail size-thumbnail\" alt=\"\" \/><\/a>\n\t\t\t<\/div><\/figure><figure class='gallery-item'>\n\t\t\t<div class='gallery-icon landscape'>\n\t\t\t\t<a href='https:\/\/centralmedia.rs\/index.php\/2017\/08\/25\/pomoc-siromasnoj-napustenoj-starici\/pomoc-3\/'><img loading=\"lazy\" decoding=\"async\" width=\"150\" height=\"150\" src=\"https:\/\/centralmedia.rs\/wp-content\/uploads\/2017\/08\/pomoc-3-150x150.jpg\" class=\"attachment-thumbnail size-thumbnail\" alt=\"\" \/><\/a>\n\t\t\t<\/div><\/figure><figure class='gallery-item'>\n\t\t\t<div class='gallery-icon landscape'>\n\t\t\t\t<a href='https:\/\/centralmedia.rs\/index.php\/2017\/08\/25\/pomoc-siromasnoj-napustenoj-starici\/pomoc-6\/'><img loading=\"lazy\" decoding=\"async\" width=\"150\" height=\"150\" src=\"https:\/\/centralmedia.rs\/wp-content\/uploads\/2017\/08\/pomoc-6-150x150.jpg\" class=\"attachment-thumbnail size-thumbnail\" alt=\"\" \/><\/a>\n\t\t\t<\/div><\/figure><figure class='gallery-item'>\n\t\t\t<div class='gallery-icon landscape'>\n\t\t\t\t<a href='https:\/\/centralmedia.rs\/index.php\/2017\/08\/25\/pomoc-siromasnoj-napustenoj-starici\/pomoc\/'><img loading=\"lazy\" decoding=\"async\" width=\"150\" height=\"150\" src=\"https:\/\/centralmedia.rs\/wp-content\/uploads\/2017\/08\/pomoc-150x150.jpg\" class=\"attachment-thumbnail size-thumbnail\" alt=\"\" \/><\/a>\n\t\t\t<\/div><\/figure>\n\t\t<\/div>\n\n<p>-Iako su materijalni uslovi lo\u0161i, mi smo pokazali dru\u0161tvenu odgovornost \u0161to je mnogo vi\u0161e od materijalne pomo\u0107i. Stavili smo do znanja starici da neko misli i brine o njoj, \u0161to je sa psiholo\u0161kog aspekta mnogo va\u017enije jer je ljudska potreba za pripadno\u0161\u0107u i prihvatanjem jedna od osnovnih na\u010dela za na\u0161 opstanak, kazala je ona.<\/p>\n<div id='gallery-2' class='gallery galleryid-9250 gallery-columns-2 gallery-size-full'><figure class='gallery-item'>\n\t\t\t<div class='gallery-icon landscape'>\n\t\t\t\t<a href='https:\/\/centralmedia.rs\/index.php\/2017\/08\/25\/pomoc-siromasnoj-napustenoj-starici\/pomoc-4\/'><img loading=\"lazy\" decoding=\"async\" width=\"960\" height=\"639\" src=\"https:\/\/centralmedia.rs\/wp-content\/uploads\/2017\/08\/pomoc-4.jpg\" class=\"attachment-full size-full\" alt=\"\" srcset=\"https:\/\/centralmedia.rs\/wp-content\/uploads\/2017\/08\/pomoc-4.jpg 960w, https:\/\/centralmedia.rs\/wp-content\/uploads\/2017\/08\/pomoc-4-300x200.jpg 300w, https:\/\/centralmedia.rs\/wp-content\/uploads\/2017\/08\/pomoc-4-768x511.jpg 768w\" sizes=\"(max-width: 960px) 100vw, 960px\" \/><\/a>\n\t\t\t<\/div><\/figure><figure class='gallery-item'>\n\t\t\t<div class='gallery-icon landscape'>\n\t\t\t\t<a href='https:\/\/centralmedia.rs\/index.php\/2017\/08\/25\/pomoc-siromasnoj-napustenoj-starici\/pomoc-7\/'><img loading=\"lazy\" decoding=\"async\" width=\"960\" height=\"639\" src=\"https:\/\/centralmedia.rs\/wp-content\/uploads\/2017\/08\/pomoc-7.jpg\" class=\"attachment-full size-full\" alt=\"\" srcset=\"https:\/\/centralmedia.rs\/wp-content\/uploads\/2017\/08\/pomoc-7.jpg 960w, https:\/\/centralmedia.rs\/wp-content\/uploads\/2017\/08\/pomoc-7-300x200.jpg 300w, https:\/\/centralmedia.rs\/wp-content\/uploads\/2017\/08\/pomoc-7-768x511.jpg 768w\" sizes=\"(max-width: 960px) 100vw, 960px\" \/><\/a>\n\t\t\t<\/div><\/figure>\n\t\t<\/div>\n\n<p>Odbornici su apelovali na gra\u0111ane da za lica koja su u stanju socijalne potrebe da se jave Lokalnoj samoupravi, Call centru, Centru za socijalni rad, OG Pokret za selo i grad &#8211; Ekolo\u0161ki pokret,kao i predstavnicima drugih odborni\u010dkih grupa i \u010dlanovima saveta mesnih zajednica.<\/p>\n","protected":false},"excerpt":{"rendered":"<p>PARA\u0106IN-Na vapaj me\u0161tana Donje Mutnice kod Para\u0107ina \u00a0predstavnici odborni\u010dke grupe Pokreta za selo i grad &#8211; Ekolo\u0161ki pokret posetili su danas Desanku Sibinovi\u0107 i uru\u010dili &hellip; <\/p>\n","protected":false},"author":4,"featured_media":9251,"comment_status":"open","ping_status":"open","sticky":false,"template":"","format":"standard","meta":{"footnotes":""},"categories":[14,1524,2,1516,887,12],"tags":[2244,156,1559],"_links":{"self":[{"href":"https:\/\/centralmedia.rs\/index.php\/wp-json\/wp\/v2\/posts\/9250"}],"collection":[{"href":"https:\/\/centralmedia.rs\/index.php\/wp-json\/wp\/v2\/posts"}],"about":[{"href":"https:\/\/centralmedia.rs\/index.php\/wp-json\/wp\/v2\/types\/post"}],"author":[{"embeddable":true,"href":"https:\/\/centralmedia.rs\/index.php\/wp-json\/wp\/v2\/users\/4"}],"replies":[{"embeddable":true,"href":"https:\/\/centralmedia.rs\/index.php\/wp-json\/wp\/v2\/comments?post=9250"}],"version-history":[{"count":1,"href":"https:\/\/centralmedia.rs\/index.php\/wp-json\/wp\/v2\/posts\/9250\/revisions"}],"predecessor-version":[{"id":9259,"href":"https:\/\/centralmedia.rs\/index.php\/wp-json\/wp\/v2\/posts\/9250\/revisions\/9259"}],"wp:featuredmedia":[{"embeddable":true,"href":"https:\/\/centralmedia.rs\/index.php\/wp-json\/wp\/v2\/media\/9251"}],"wp:attachment":[{"href":"https:\/\/centralmedia.rs\/index.php\/wp-json\/wp\/v2\/media?parent=9250"}],"wp:term":[{"taxonomy":"category","embeddable":true,"href":"https:\/\/centralmedia.rs\/index.php\/wp-json\/wp\/v2\/categories?post=9250"},{"taxonomy":"post_tag","embeddable":true,"href":"https:\/\/centralmedia.rs\/index.php\/wp-json\/wp\/v2\/tags?post=9250"}],"curies":[{"name":"wp","href":"https:\/\/api.w.org\/{rel}","templated":true}]}}