{"id":9279,"date":"2017-08-26T22:19:14","date_gmt":"2017-08-26T22:19:14","guid":{"rendered":"http:\/\/centralmedia.rs\/?p=9279"},"modified":"2017-08-26T22:19:14","modified_gmt":"2017-08-26T22:19:14","slug":"jkp-ravno-2014-bez-dugova-cuprija-u-novembru-dobija-parking-servis","status":"publish","type":"post","link":"https:\/\/centralmedia.rs\/index.php\/2017\/08\/26\/jkp-ravno-2014-bez-dugova-cuprija-u-novembru-dobija-parking-servis\/","title":{"rendered":"JKP RAVNO 2014 BEZ DUGOVA &#8211; \u0106UPRIJA U NOVEMBRU DOBIJA PARKING SERVIS"},"content":{"rendered":"<p>\u0106UPRIJA-Direktor \u0107uprijskog JKP Ravno 2014 Dejan Risti\u0107 izjavio je da \u0107e 1. novembra po\u010deti sa radom Parkin servis u tom gradu.<\/p>\n<p>-Gra\u0111ani \u0107e biti pripremljeni obave\u0161tenjima, a posle dve, tri nedelje krenu\u0107emo sa naplatom. Ne radi o nametu za gra\u0111ane, ve\u0107 je re\u010d o ure\u0111enju stacionarnog saobra\u0107aja, koji je sada nedefinisan i haoti\u010dan. Parkiranje po trotoarima, zelenim povr\u0161inama, zonama raskrsnica. Namera je da se obele\u017ee parking mesta, ograni\u010di parkiranje u nekim zonama, aktiviraju postoje\u0107a parkirali\u0161ta. Imamo konstantno parkiranje u prekr\u0161aju. Nova slu\u017eba uve\u0161\u0107e red u stacionarni saobra\u0107aj i zna\u0107e se ko \u0161ta radi od parking servisa, komunalne inspekcije i policije. To se pre svega radi zbog bezbednosti dece i gra\u0111ana, isti\u010de direktor Risti\u0107.<\/p>\n<p>Stanje sekundarne vodovodne mre\u017ee je lo\u0161e i u planu je zamena dela cevi. Pre tri godine obaveze preduze\u0107a bile su 75 miliona dinara, a danas su dugovi namereni.<\/p>\n<p>-JKP Ravno je do\u0161lo do pozitivne nule. Me\u0111utim, nivo opreme nije zavidan, jer su ma\u0161ine stare i po nekoliko decenija. Namera nam je nabavka nove mehanizacije do kraja godine. Novi traktor za \u010di\u0161\u0107enje snega i odr\u017eavanja zelenih povr\u0161ina, zatim kombinovana ma\u0161ina i kamion. \u017delja je i nabavka terenskog vozila, isti\u010de on.<\/p>\n<p>JKP Ravno radi i na edukaciji kadrova.<\/p>\n","protected":false},"excerpt":{"rendered":"<p>\u0106UPRIJA-Direktor \u0107uprijskog JKP Ravno 2014 Dejan Risti\u0107 izjavio je da \u0107e 1. novembra po\u010deti sa radom Parkin servis u tom gradu. -Gra\u0111ani \u0107e biti pripremljeni &hellip; <\/p>\n","protected":false},"author":4,"featured_media":9280,"comment_status":"open","ping_status":"open","sticky":false,"template":"","format":"standard","meta":{"footnotes":""},"categories":[1515,14,1524,2,887,12],"tags":[673,2247,2248],"_links":{"self":[{"href":"https:\/\/centralmedia.rs\/index.php\/wp-json\/wp\/v2\/posts\/9279"}],"collection":[{"href":"https:\/\/centralmedia.rs\/index.php\/wp-json\/wp\/v2\/posts"}],"about":[{"href":"https:\/\/centralmedia.rs\/index.php\/wp-json\/wp\/v2\/types\/post"}],"author":[{"embeddable":true,"href":"https:\/\/centralmedia.rs\/index.php\/wp-json\/wp\/v2\/users\/4"}],"replies":[{"embeddable":true,"href":"https:\/\/centralmedia.rs\/index.php\/wp-json\/wp\/v2\/comments?post=9279"}],"version-history":[{"count":1,"href":"https:\/\/centralmedia.rs\/index.php\/wp-json\/wp\/v2\/posts\/9279\/revisions"}],"predecessor-version":[{"id":9281,"href":"https:\/\/centralmedia.rs\/index.php\/wp-json\/wp\/v2\/posts\/9279\/revisions\/9281"}],"wp:featuredmedia":[{"embeddable":true,"href":"https:\/\/centralmedia.rs\/index.php\/wp-json\/wp\/v2\/media\/9280"}],"wp:attachment":[{"href":"https:\/\/centralmedia.rs\/index.php\/wp-json\/wp\/v2\/media?parent=9279"}],"wp:term":[{"taxonomy":"category","embeddable":true,"href":"https:\/\/centralmedia.rs\/index.php\/wp-json\/wp\/v2\/categories?post=9279"},{"taxonomy":"post_tag","embeddable":true,"href":"https:\/\/centralmedia.rs\/index.php\/wp-json\/wp\/v2\/tags?post=9279"}],"curies":[{"name":"wp","href":"https:\/\/api.w.org\/{rel}","templated":true}]}}