{"id":9282,"date":"2017-08-26T22:26:54","date_gmt":"2017-08-26T22:26:54","guid":{"rendered":"http:\/\/centralmedia.rs\/?p=9282"},"modified":"2017-08-26T22:26:54","modified_gmt":"2017-08-26T22:26:54","slug":"pusta-garaza-u-centru-jagodine-automobili-parkirani-u-pesackoj-zoni-skolskom-dvoristu","status":"publish","type":"post","link":"https:\/\/centralmedia.rs\/index.php\/2017\/08\/26\/pusta-garaza-u-centru-jagodine-automobili-parkirani-u-pesackoj-zoni-skolskom-dvoristu\/","title":{"rendered":"PUSTA GARA\u017dA U CENTRU JAGODINE &#8211; AUTOMOBILI PARKIRANI U PE\u0160A\u010cKOJ ZONI I \u0160KOLSKOM DVORI\u0160TU"},"content":{"rendered":"<p>JAGODINA-Nadrealna slika Jagodine, gara\u017ea na dva nivoa pusta i prazna, a nekoliko desetina metra dalje pe\u0161a\u010dka zona i dvori\u0161te Gimnazije pretvoreni u parkig prostor. Za\u0161to komunalna inspekcija dozvoljava ovakvo kabadahijsko maltretiranje gra\u0111ana i dece u \u0161kolskom dvori\u0161tu?<\/p>\n<div id='gallery-1' class='gallery galleryid-9282 gallery-columns-5 gallery-size-thumbnail'><figure class='gallery-item'>\n\t\t\t<div class='gallery-icon landscape'>\n\t\t\t\t<a href='https:\/\/centralmedia.rs\/index.php\/2017\/08\/26\/pusta-garaza-u-centru-jagodine-automobili-parkirani-u-pesackoj-zoni-skolskom-dvoristu\/parkiranje-2\/'><img loading=\"lazy\" decoding=\"async\" width=\"150\" height=\"150\" src=\"https:\/\/centralmedia.rs\/wp-content\/uploads\/2017\/08\/parkiranje-2-150x150.jpg\" class=\"attachment-thumbnail size-thumbnail\" alt=\"\" \/><\/a>\n\t\t\t<\/div><\/figure><figure class='gallery-item'>\n\t\t\t<div class='gallery-icon landscape'>\n\t\t\t\t<a href='https:\/\/centralmedia.rs\/index.php\/2017\/08\/26\/pusta-garaza-u-centru-jagodine-automobili-parkirani-u-pesackoj-zoni-skolskom-dvoristu\/parkiranje-3\/'><img loading=\"lazy\" decoding=\"async\" width=\"150\" height=\"150\" src=\"https:\/\/centralmedia.rs\/wp-content\/uploads\/2017\/08\/parkiranje-3-150x150.jpg\" class=\"attachment-thumbnail size-thumbnail\" alt=\"\" \/><\/a>\n\t\t\t<\/div><\/figure><figure class='gallery-item'>\n\t\t\t<div class='gallery-icon landscape'>\n\t\t\t\t<a href='https:\/\/centralmedia.rs\/index.php\/2017\/08\/26\/pusta-garaza-u-centru-jagodine-automobili-parkirani-u-pesackoj-zoni-skolskom-dvoristu\/parkiranje-4\/'><img loading=\"lazy\" decoding=\"async\" width=\"150\" height=\"150\" src=\"https:\/\/centralmedia.rs\/wp-content\/uploads\/2017\/08\/parkiranje-4-150x150.jpg\" class=\"attachment-thumbnail size-thumbnail\" alt=\"\" \/><\/a>\n\t\t\t<\/div><\/figure><figure class='gallery-item'>\n\t\t\t<div class='gallery-icon landscape'>\n\t\t\t\t<a href='https:\/\/centralmedia.rs\/index.php\/2017\/08\/26\/pusta-garaza-u-centru-jagodine-automobili-parkirani-u-pesackoj-zoni-skolskom-dvoristu\/parkiranje\/'><img loading=\"lazy\" decoding=\"async\" width=\"150\" height=\"150\" src=\"https:\/\/centralmedia.rs\/wp-content\/uploads\/2017\/08\/parkiranje-150x150.jpg\" class=\"attachment-thumbnail size-thumbnail\" alt=\"\" \/><\/a>\n\t\t\t<\/div><\/figure><figure class='gallery-item'>\n\t\t\t<div class='gallery-icon landscape'>\n\t\t\t\t<a href='https:\/\/centralmedia.rs\/index.php\/2017\/08\/26\/pusta-garaza-u-centru-jagodine-automobili-parkirani-u-pesackoj-zoni-skolskom-dvoristu\/parkiranje-1\/'><img loading=\"lazy\" decoding=\"async\" width=\"150\" height=\"150\" src=\"https:\/\/centralmedia.rs\/wp-content\/uploads\/2017\/08\/parkiranje-1-150x150.jpg\" class=\"attachment-thumbnail size-thumbnail\" alt=\"\" aria-describedby=\"gallery-1-9283\" \/><\/a>\n\t\t\t<\/div>\n\t\t\t\t<figcaption class='wp-caption-text gallery-caption' id='gallery-1-9283'>\n\t\t\t\tDvori\u0161te Gimnazije u Jagodini\n\t\t\t\t<\/figcaption><\/figure>\n\t\t<\/div>\n\n<p>Za\u0161to gra\u0111ani pla\u0107aju gradske poreze, ekolo\u0161ke i komunalne takse, ako komunalni \u00a0inspektori ,,\u017emure&#8221; nad ovakvo masovnom pojavom? Da li je re\u010d o korupciji, za\u0161to direktor \u0161kole dozvoljava parkiranje automobila u dvori\u0161tu i to ne prijavljuje, za\u0161to ne raguje policija zbog naru\u0161avanja i povrede \u0161kolskog dvori\u0161ta, kao i javnog reda i mira u pe\u0161a\u010dkoj zoni? Za\u0161to ne reguju Ministarsvo prosvete i \u0160kolska uprava? Postoji mogu\u0107nost da automobili povrede pe\u0161ake i decu u dvori\u0161tu. Na kraju za\u0161to je izgra\u0111ena gara\u017ea u centru grada, ako se za parkiranje koristi \u0161kolsko dvori\u0161te i pe\u0161a\u010dka zona? \u0160ta se dogodilo sa ovim gradom, za\u0161to su njegovim stanovnici izlo\u017eeni maltretiranju kabadahija? Neko \u0107e u kona\u010dnici, ako ne pre ono bar na slede\u0107im izborima, morati da da gra\u0111anima Jagodine odgovore na ta pitanja.<\/p>\n","protected":false},"excerpt":{"rendered":"<p>JAGODINA-Nadrealna slika Jagodine, gara\u017ea na dva nivoa pusta i prazna, a nekoliko desetina metra dalje pe\u0161a\u010dka zona i dvori\u0161te Gimnazije pretvoreni u parkig prostor. Za\u0161to &hellip; <\/p>\n","protected":false},"author":4,"featured_media":9283,"comment_status":"open","ping_status":"open","sticky":false,"template":"","format":"standard","meta":{"footnotes":""},"categories":[14,1524,2,1514,12],"tags":[58,2250,2249],"_links":{"self":[{"href":"https:\/\/centralmedia.rs\/index.php\/wp-json\/wp\/v2\/posts\/9282"}],"collection":[{"href":"https:\/\/centralmedia.rs\/index.php\/wp-json\/wp\/v2\/posts"}],"about":[{"href":"https:\/\/centralmedia.rs\/index.php\/wp-json\/wp\/v2\/types\/post"}],"author":[{"embeddable":true,"href":"https:\/\/centralmedia.rs\/index.php\/wp-json\/wp\/v2\/users\/4"}],"replies":[{"embeddable":true,"href":"https:\/\/centralmedia.rs\/index.php\/wp-json\/wp\/v2\/comments?post=9282"}],"version-history":[{"count":1,"href":"https:\/\/centralmedia.rs\/index.php\/wp-json\/wp\/v2\/posts\/9282\/revisions"}],"predecessor-version":[{"id":9288,"href":"https:\/\/centralmedia.rs\/index.php\/wp-json\/wp\/v2\/posts\/9282\/revisions\/9288"}],"wp:featuredmedia":[{"embeddable":true,"href":"https:\/\/centralmedia.rs\/index.php\/wp-json\/wp\/v2\/media\/9283"}],"wp:attachment":[{"href":"https:\/\/centralmedia.rs\/index.php\/wp-json\/wp\/v2\/media?parent=9282"}],"wp:term":[{"taxonomy":"category","embeddable":true,"href":"https:\/\/centralmedia.rs\/index.php\/wp-json\/wp\/v2\/categories?post=9282"},{"taxonomy":"post_tag","embeddable":true,"href":"https:\/\/centralmedia.rs\/index.php\/wp-json\/wp\/v2\/tags?post=9282"}],"curies":[{"name":"wp","href":"https:\/\/api.w.org\/{rel}","templated":true}]}}