{"id":9292,"date":"2017-08-27T13:15:19","date_gmt":"2017-08-27T13:15:19","guid":{"rendered":"http:\/\/centralmedia.rs\/?p=9292"},"modified":"2017-08-27T13:15:19","modified_gmt":"2017-08-27T13:15:19","slug":"viteski-festival-just-u-vrhu-u-evropi-za-tri-dana-blizu-100-hiljada-posetilaca","status":"publish","type":"post","link":"https:\/\/centralmedia.rs\/index.php\/2017\/08\/27\/viteski-festival-just-u-vrhu-u-evropi-za-tri-dana-blizu-100-hiljada-posetilaca\/","title":{"rendered":"VITE\u0160KI FESTIVAL JUST OUT U VRHU U EVROPI &#8211; ZA TRI DANA BLIZU 100 HILJADA POSETILACA"},"content":{"rendered":"<p>Foto: Sini\u0161a Ljubisavljevi\u0107<\/p>\n<p>DESPOTOVAC-Me\u0111unarodni Vite\u0161ki festival Despot Stefan Lazarevi\u0107-Just out 2017. za tri dana posetilo blizu 100 hiljada zaljubljenika u srednjevekovne igre, odore i obi\u010daje, te je po tome u samo vrhu sli\u010dnih manifestacija u Evropi i svetu, izjavio je direktor te manifestacije Vladimir Blagojevi\u0107. Za dve godine festival, koji se odr\u017eava u manastiru Manasija kod Despotovca, bele\u017ei pet puta vi\u0161e posetilaca.<a href=\"https:\/\/centralmedia.rs\/wp-content\/uploads\/2017\/08\/vistesko-selo.jpg\"><img loading=\"lazy\" decoding=\"async\" class=\"aligncenter size-full wp-image-9294\" src=\"https:\/\/centralmedia.rs\/wp-content\/uploads\/2017\/08\/vistesko-selo.jpg\" alt=\"\" width=\"900\" height=\"586\" srcset=\"https:\/\/centralmedia.rs\/wp-content\/uploads\/2017\/08\/vistesko-selo.jpg 900w, https:\/\/centralmedia.rs\/wp-content\/uploads\/2017\/08\/vistesko-selo-300x195.jpg 300w, https:\/\/centralmedia.rs\/wp-content\/uploads\/2017\/08\/vistesko-selo-768x500.jpg 768w\" sizes=\"(max-width: 900px) 100vw, 900px\" \/><\/a><\/p>\n<p>-Ovogodi\u0161nji festival je zna\u010dajno nadma\u0161io predhodni u smislu broja posetilaca, jer je u tri dana bilo blizu 100 hiljada posetilaca, \u0161to je duplo vi\u0161e nego pro\u0161le godine, a \u010dak pet puta vi\u0161e nego na premijernom. Iza nas su dve spektakularne ve\u010deri, defile od 430 u\u010desnika, ve\u010de otvaranja pratilo je oko 15 hiljada ljudi na padini podno manastira Manasija. Verujem da \u0107e slede\u0107e godine ovo biti svetska prvorazrena manifestacija u smislu spektakla, koja \u0107e biti prire\u0111ena za 600 godina od zavr\u0161etka izgradnje manastira Manasija, rekao je Blagojevi\u0107.<a href=\"https:\/\/centralmedia.rs\/wp-content\/uploads\/2017\/08\/viteskinja.jpg\"><img loading=\"lazy\" decoding=\"async\" class=\"aligncenter size-full wp-image-9295\" src=\"https:\/\/centralmedia.rs\/wp-content\/uploads\/2017\/08\/viteskinja.jpg\" alt=\"\" width=\"900\" height=\"596\" srcset=\"https:\/\/centralmedia.rs\/wp-content\/uploads\/2017\/08\/viteskinja.jpg 900w, https:\/\/centralmedia.rs\/wp-content\/uploads\/2017\/08\/viteskinja-300x199.jpg 300w, https:\/\/centralmedia.rs\/wp-content\/uploads\/2017\/08\/viteskinja-768x509.jpg 768w\" sizes=\"(max-width: 900px) 100vw, 900px\" \/><\/a><\/p>\n<p>Vite\u0161ki festival je najbr\u017ee rastu\u0107a manifestacija u Evropi. U defileu je u\u010destovalo 18 zemalja.<\/p>\n<p>-Re\u010d je o porodi\u010dnom festivalu. Nismo mogli ni da predpostavimo da \u0107e se tako razvijati festival. Posetioci su odu\u0161evljeni konceptom, tu su \u010ditave porodice. Ovakav festival ne postoji u regionu, jer privla\u010di sve generacije i to je glavni razlog za rast i dupliranje broja poseta. \u017delja nam je da Desptovac i Manasija budu duhovni centar Evrope iz koga \u0107e se napajati vrednostima koje nam je ostavio u amanet Despot Stefan, ka\u017ee predsednik te op\u0161tine Nikola Nikoli\u0107.<a href=\"https:\/\/centralmedia.rs\/wp-content\/uploads\/2017\/08\/vitez.jpg\"><img loading=\"lazy\" decoding=\"async\" class=\"aligncenter size-full wp-image-9296\" src=\"https:\/\/centralmedia.rs\/wp-content\/uploads\/2017\/08\/vitez.jpg\" alt=\"\" width=\"900\" height=\"596\" srcset=\"https:\/\/centralmedia.rs\/wp-content\/uploads\/2017\/08\/vitez.jpg 900w, https:\/\/centralmedia.rs\/wp-content\/uploads\/2017\/08\/vitez-300x199.jpg 300w, https:\/\/centralmedia.rs\/wp-content\/uploads\/2017\/08\/vitez-768x509.jpg 768w\" sizes=\"(max-width: 900px) 100vw, 900px\" \/><\/a><\/p>\n<p>Turski vitezovi su, pored vikinga iz \u0160vedske i Danske, bili najve\u0107a atrakcija festivala. Oni su odu\u0161evljeni boravkom, gostoprimstvom, iznena\u0111eni su \u00a0lepim provodom, te su odmah potvrdili dolazak slede\u0107e godine u ve\u0107em broju i sa vi\u0161e srednjevekovnih oru\u017eja i oru\u0111a, kao i sa instrumentima.<\/p>\n<p>-Posle vi\u0161e od \u0161est vekova, u sino\u0107nom borbama turski i srpski vitezovi imale su duele, ali sve je u ferplej i sporskom duhu prezentovano publici, dodao je Blagojevi\u0107.<a href=\"https:\/\/centralmedia.rs\/wp-content\/uploads\/2017\/08\/mara-preko-resave.jpg\"><img loading=\"lazy\" decoding=\"async\" class=\"aligncenter size-full wp-image-9297\" src=\"https:\/\/centralmedia.rs\/wp-content\/uploads\/2017\/08\/mara-preko-resave.jpg\" alt=\"\" width=\"900\" height=\"599\" srcset=\"https:\/\/centralmedia.rs\/wp-content\/uploads\/2017\/08\/mara-preko-resave.jpg 900w, https:\/\/centralmedia.rs\/wp-content\/uploads\/2017\/08\/mara-preko-resave-300x200.jpg 300w, https:\/\/centralmedia.rs\/wp-content\/uploads\/2017\/08\/mara-preko-resave-768x511.jpg 768w\" sizes=\"(max-width: 900px) 100vw, 900px\" \/><\/a><\/p>\n<p>Za slede\u0107u godinu organizatori su najavili da \u0107e poku\u0161ati da dovedu japanske samuraje, koji \u0107e predstaviti publici samurajsku ve\u0161tinu i nind\u017eitcu tehniku. Na prvom festivalu nastupili su monasi manastira \u0160aolin iz Kine.<\/p>\n","protected":false},"excerpt":{"rendered":"<p>Foto: Sini\u0161a Ljubisavljevi\u0107 DESPOTOVAC-Me\u0111unarodni Vite\u0161ki festival Despot Stefan Lazarevi\u0107-Just out 2017. za tri dana posetilo blizu 100 hiljada zaljubljenika u srednjevekovne igre, odore i obi\u010daje, &hellip; <\/p>\n","protected":false},"author":4,"featured_media":9293,"comment_status":"open","ping_status":"open","sticky":false,"template":"","format":"standard","meta":{"footnotes":""},"categories":[1518,14,1524,2,12],"tags":[55,2252,1141,1168],"_links":{"self":[{"href":"https:\/\/centralmedia.rs\/index.php\/wp-json\/wp\/v2\/posts\/9292"}],"collection":[{"href":"https:\/\/centralmedia.rs\/index.php\/wp-json\/wp\/v2\/posts"}],"about":[{"href":"https:\/\/centralmedia.rs\/index.php\/wp-json\/wp\/v2\/types\/post"}],"author":[{"embeddable":true,"href":"https:\/\/centralmedia.rs\/index.php\/wp-json\/wp\/v2\/users\/4"}],"replies":[{"embeddable":true,"href":"https:\/\/centralmedia.rs\/index.php\/wp-json\/wp\/v2\/comments?post=9292"}],"version-history":[{"count":1,"href":"https:\/\/centralmedia.rs\/index.php\/wp-json\/wp\/v2\/posts\/9292\/revisions"}],"predecessor-version":[{"id":9298,"href":"https:\/\/centralmedia.rs\/index.php\/wp-json\/wp\/v2\/posts\/9292\/revisions\/9298"}],"wp:featuredmedia":[{"embeddable":true,"href":"https:\/\/centralmedia.rs\/index.php\/wp-json\/wp\/v2\/media\/9293"}],"wp:attachment":[{"href":"https:\/\/centralmedia.rs\/index.php\/wp-json\/wp\/v2\/media?parent=9292"}],"wp:term":[{"taxonomy":"category","embeddable":true,"href":"https:\/\/centralmedia.rs\/index.php\/wp-json\/wp\/v2\/categories?post=9292"},{"taxonomy":"post_tag","embeddable":true,"href":"https:\/\/centralmedia.rs\/index.php\/wp-json\/wp\/v2\/tags?post=9292"}],"curies":[{"name":"wp","href":"https:\/\/api.w.org\/{rel}","templated":true}]}}