{"id":9312,"date":"2017-08-29T16:26:19","date_gmt":"2017-08-29T16:26:19","guid":{"rendered":"http:\/\/centralmedia.rs\/?p=9312"},"modified":"2017-08-29T16:26:19","modified_gmt":"2017-08-29T16:26:19","slug":"medjunarodni-naucni-simpozijum-filozofija-medija-u-koncarevu","status":"publish","type":"post","link":"https:\/\/centralmedia.rs\/index.php\/2017\/08\/29\/medjunarodni-naucni-simpozijum-filozofija-medija-u-koncarevu\/","title":{"rendered":"ME\u0110UNARODNI NAU\u010cNI SIMPOZIJUM &#8211; FILOZOFIJA MEDIJA U KON\u010cAREVU"},"content":{"rendered":"<p>JAGODINA-Na Fakultetu pedago\u0161kih nauka u Jagodini i u Hotelu Alfa u Kon\u010darevu, od 6. do 8. septembra, bi\u0107e odr\u017ean me\u0111unarodni nau\u010dni simpozijum &#8221;Filozofija medija &#8211; Mediji i alternativa&#8221;.<a href=\"https:\/\/centralmedia.rs\/wp-content\/uploads\/2017\/08\/najava-1.jpg\"><img loading=\"lazy\" decoding=\"async\" class=\"alignright size-medium wp-image-9314\" src=\"https:\/\/centralmedia.rs\/wp-content\/uploads\/2017\/08\/najava-1-300x217.jpg\" alt=\"\" width=\"300\" height=\"217\" srcset=\"https:\/\/centralmedia.rs\/wp-content\/uploads\/2017\/08\/najava-1-300x217.jpg 300w, https:\/\/centralmedia.rs\/wp-content\/uploads\/2017\/08\/najava-1-768x554.jpg 768w, https:\/\/centralmedia.rs\/wp-content\/uploads\/2017\/08\/najava-1-324x235.jpg 324w, https:\/\/centralmedia.rs\/wp-content\/uploads\/2017\/08\/najava-1.jpg 960w\" sizes=\"(max-width: 300px) 100vw, 300px\" \/><\/a><\/p>\n<p>-Ovaj interdisciplinarni nau\u010dni skup koji \u0107e okupiti eminentne nau\u010dnike iz regiona u oblasti filozofije medija, komunikologije, medijske pedagogije, teorije umetnosti i medija, sociologije i kulturologije, te veliki broj medijskih profesionalaca i stru\u010dnjaka za komunikaciju, ka\u017ee profesor dr Marko \u0110or\u0111evi\u0107.<\/p>\n<p>Simpozijum partnerski organizuju Esteti\u010dko dru\u0161tvo Srbije, Fakultet pedago\u0161kih nauka u Jagodini, NVO &#8221;Mladi Gra\u0161ak&#8221; za umetnost, kulturu i dru\u0161tvena pitanja iz Beograda, Srpsko filozofsko dru\u0161tvo, Fakultet dramskih umetnosti Univerziteta u Beogradu, Istra\u017eiva\u010dki-medijski centar iz Podgorice, NVO Balkanolo\u0161ki istra\u017eiva\u010dki centar iz Banjaluke.<\/p>\n<p>U okviru prate\u0107eg programa me\u0111unarodnog nau\u010dnog skupa &#8221;Filozofija medija &#8211; Mediji i alternativa&#8221;, u sredu 6. septembra u 20 \u010dasova bi\u0107e otvorena izlo\u017eba fotografija An\u0111elke Savovi\u0107 &#8221;Rokenrol &#8211; Univerzalni jezik komunikacije&#8221;.<\/p>\n<p>&nbsp;<\/p>\n<p>Detaljnije:\u00a0<a href=\"https:\/\/l.facebook.com\/l.php?u=http%3A%2F%2Fpefja.kg.ac.rs%2Fvesti_2017_2.html%23koncarevo&amp;h=ATPmS20CR7PlgIbkohK22_PFKVp1rlbORu4w6v54dm8QEjeEU1IpzzzHYKdNwrM2RUVGySYroKSoGpStsMmWfejN6srCBemsDOAtBS8sOHLTJMubLYlMSro3DOXmdaMxwW9q8RQmr76d8WkGDTbJ-oiDBYzZBwAei-VuDBQCziWGv3dI-5RZf68X_axsmI8Bfj8ns-PwJZjoqPNTJ37MMIjtM3C1xugj6Um5bWGyByCjb7dkrJ-r3QcUnKtG9CK_kyyDrBIjScfyzvVmufh-d882\" data-ft=\"{&quot;tn&quot;:&quot;-U&quot;}\" data-lynx-mode=\"async\">http:\/\/pefja.kg.ac.rs\/vesti_2017_2.html#koncarevo<\/a><\/p>\n<p>&nbsp;<\/p>\n","protected":false},"excerpt":{"rendered":"<p>JAGODINA-Na Fakultetu pedago\u0161kih nauka u Jagodini i u Hotelu Alfa u Kon\u010darevu, od 6. do 8. septembra, bi\u0107e odr\u017ean me\u0111unarodni nau\u010dni simpozijum &#8221;Filozofija medija &#8211; &hellip; <\/p>\n","protected":false},"author":4,"featured_media":9313,"comment_status":"open","ping_status":"open","sticky":false,"template":"","format":"standard","meta":{"footnotes":""},"categories":[14,1524,2,1514,12],"tags":[2257,58,440],"_links":{"self":[{"href":"https:\/\/centralmedia.rs\/index.php\/wp-json\/wp\/v2\/posts\/9312"}],"collection":[{"href":"https:\/\/centralmedia.rs\/index.php\/wp-json\/wp\/v2\/posts"}],"about":[{"href":"https:\/\/centralmedia.rs\/index.php\/wp-json\/wp\/v2\/types\/post"}],"author":[{"embeddable":true,"href":"https:\/\/centralmedia.rs\/index.php\/wp-json\/wp\/v2\/users\/4"}],"replies":[{"embeddable":true,"href":"https:\/\/centralmedia.rs\/index.php\/wp-json\/wp\/v2\/comments?post=9312"}],"version-history":[{"count":1,"href":"https:\/\/centralmedia.rs\/index.php\/wp-json\/wp\/v2\/posts\/9312\/revisions"}],"predecessor-version":[{"id":9315,"href":"https:\/\/centralmedia.rs\/index.php\/wp-json\/wp\/v2\/posts\/9312\/revisions\/9315"}],"wp:featuredmedia":[{"embeddable":true,"href":"https:\/\/centralmedia.rs\/index.php\/wp-json\/wp\/v2\/media\/9313"}],"wp:attachment":[{"href":"https:\/\/centralmedia.rs\/index.php\/wp-json\/wp\/v2\/media?parent=9312"}],"wp:term":[{"taxonomy":"category","embeddable":true,"href":"https:\/\/centralmedia.rs\/index.php\/wp-json\/wp\/v2\/categories?post=9312"},{"taxonomy":"post_tag","embeddable":true,"href":"https:\/\/centralmedia.rs\/index.php\/wp-json\/wp\/v2\/tags?post=9312"}],"curies":[{"name":"wp","href":"https:\/\/api.w.org\/{rel}","templated":true}]}}