{"id":9323,"date":"2017-08-30T11:33:30","date_gmt":"2017-08-30T11:33:30","guid":{"rendered":"http:\/\/centralmedia.rs\/?p=9323"},"modified":"2017-08-30T11:33:52","modified_gmt":"2017-08-30T11:33:52","slug":"ubijen-u-bivsoj-kafani","status":"publish","type":"post","link":"https:\/\/centralmedia.rs\/index.php\/2017\/08\/30\/ubijen-u-bivsoj-kafani\/","title":{"rendered":"UBIJEN U BIV\u0160OJ KAFANI U RIBARU KOD JAGODINE"},"content":{"rendered":"<p>JAGODINA-J.D. (45) iz Ribara kod Jagodine ubijen je jutros u biv\u0161em ugostiteljskom objektu u tom selu, potvr\u0111eno je iz Vi\u0161eg tu\u017eila\u0161tva. On je ubijen sa dva hica u glavu i telo. U toku je intezivna potraga za ubicom, nisu poznati motivi za ovo najte\u017ee krivi\u010dno delo.<a href=\"https:\/\/centralmedia.rs\/wp-content\/uploads\/2017\/08\/bivsa-kafana.jpg\"><img loading=\"lazy\" decoding=\"async\" class=\"alignright size-medium wp-image-9325\" src=\"https:\/\/centralmedia.rs\/wp-content\/uploads\/2017\/08\/bivsa-kafana-300x225.jpg\" alt=\"\" width=\"300\" height=\"225\" srcset=\"https:\/\/centralmedia.rs\/wp-content\/uploads\/2017\/08\/bivsa-kafana-300x225.jpg 300w, https:\/\/centralmedia.rs\/wp-content\/uploads\/2017\/08\/bivsa-kafana-768x576.jpg 768w, https:\/\/centralmedia.rs\/wp-content\/uploads\/2017\/08\/bivsa-kafana-80x60.jpg 80w, https:\/\/centralmedia.rs\/wp-content\/uploads\/2017\/08\/bivsa-kafana-265x198.jpg 265w, https:\/\/centralmedia.rs\/wp-content\/uploads\/2017\/08\/bivsa-kafana.jpg 960w\" sizes=\"(max-width: 300px) 100vw, 300px\" \/><\/a><\/p>\n<p>-De\u017eurna slu\u017eba policije jutros u 7.40 primila je prijavu o ubistvu od strane J.N. iz Ribara da je u tamo\u0161njoj kafani, koja ne radi, prona\u0111en le\u0161, koji je identifikovan kao J.D. (45) iz tog sela. Na telu su vidljive dve ustrelne rane, u predelu glave i stomaka. Pa se u tom slu\u010daju najverovatnije radi o ubistvu, saop\u0161teno je iz tog tu\u017eila\u0161tva<\/p>\n<p>Obavljen je uvi\u0111aj, fiksirani su tragovi, motivi i u\u010dinilac nisu poznati.<\/p>\n<p>-\u010culi smo dva ili tri pucnja iz pravca kafane posle 7 sati, upla\u0161ili smo i povukli u ku\u0107u. Ubrzo je do\u0161la policija. Ne znamo \u0161ta se dogodilo u kafani, koja ne radi du\u017ee vreme. Ubijeni je \u010desto, gotovo svakodnevno, dolazio u taj objekat, to smo znali po d\u017eipu koji je bio parkiran, pri\u010daju stanovnici Ribara.<\/p>\n","protected":false},"excerpt":{"rendered":"<p>JAGODINA-J.D. (45) iz Ribara kod Jagodine ubijen je jutros u biv\u0161em ugostiteljskom objektu u tom selu, potvr\u0111eno je iz Vi\u0161eg tu\u017eila\u0161tva. On je ubijen sa &hellip; <\/p>\n","protected":false},"author":4,"featured_media":9324,"comment_status":"open","ping_status":"open","sticky":false,"template":"","format":"standard","meta":{"footnotes":""},"categories":[1524,20,2,1514],"tags":[58,840,1359],"_links":{"self":[{"href":"https:\/\/centralmedia.rs\/index.php\/wp-json\/wp\/v2\/posts\/9323"}],"collection":[{"href":"https:\/\/centralmedia.rs\/index.php\/wp-json\/wp\/v2\/posts"}],"about":[{"href":"https:\/\/centralmedia.rs\/index.php\/wp-json\/wp\/v2\/types\/post"}],"author":[{"embeddable":true,"href":"https:\/\/centralmedia.rs\/index.php\/wp-json\/wp\/v2\/users\/4"}],"replies":[{"embeddable":true,"href":"https:\/\/centralmedia.rs\/index.php\/wp-json\/wp\/v2\/comments?post=9323"}],"version-history":[{"count":2,"href":"https:\/\/centralmedia.rs\/index.php\/wp-json\/wp\/v2\/posts\/9323\/revisions"}],"predecessor-version":[{"id":9327,"href":"https:\/\/centralmedia.rs\/index.php\/wp-json\/wp\/v2\/posts\/9323\/revisions\/9327"}],"wp:featuredmedia":[{"embeddable":true,"href":"https:\/\/centralmedia.rs\/index.php\/wp-json\/wp\/v2\/media\/9324"}],"wp:attachment":[{"href":"https:\/\/centralmedia.rs\/index.php\/wp-json\/wp\/v2\/media?parent=9323"}],"wp:term":[{"taxonomy":"category","embeddable":true,"href":"https:\/\/centralmedia.rs\/index.php\/wp-json\/wp\/v2\/categories?post=9323"},{"taxonomy":"post_tag","embeddable":true,"href":"https:\/\/centralmedia.rs\/index.php\/wp-json\/wp\/v2\/tags?post=9323"}],"curies":[{"name":"wp","href":"https:\/\/api.w.org\/{rel}","templated":true}]}}