{"id":9346,"date":"2017-08-31T14:36:09","date_gmt":"2017-08-31T14:36:09","guid":{"rendered":"http:\/\/centralmedia.rs\/?p=9346"},"modified":"2017-08-31T14:38:48","modified_gmt":"2017-08-31T14:38:48","slug":"ubistvo-u-ribaru-kod-jagodine-policija-tuzilastvo-tragaju-za-ubicom","status":"publish","type":"post","link":"https:\/\/centralmedia.rs\/index.php\/2017\/08\/31\/ubistvo-u-ribaru-kod-jagodine-policija-tuzilastvo-tragaju-za-ubicom\/","title":{"rendered":"UBISTVO U RIBARU KOD JAGODINE &#8211; POLICIJA I TU\u017dILA\u0160TVO TRAGAJU ZA UBICOM"},"content":{"rendered":"<p>JAGODINA-Policija i tu\u017eila\u0161tvo intenzivno trgaju za izvr\u0161iocem ubistva Dejana Jovanovi\u0107a &#8211; Kabasa (45) iz Ko\u010dinog Sela kod Jagodine. Njegovo ubistvo,u biv\u0161em ugostiteljskom objektu, prijavili su me\u0161tani Ribara u sredu ujutru. Pretpostavlja se da je Jovanovi\u0107 sedeo u stolici kada je pucano na njega, imao je dve ustrelne rane na glavi i stomaku.<\/p>\n<p>-Protekle dve, tri godine bolovao je i te\u0161ko se kretao, imao je veliku kila\u017eu i retko je izlazio iz ku\u0107e, uglavnom su ga vozili. Niko ne mo\u017ee da pretpostavi za\u0161to je ubijen, ka\u017eu me\u0161tani Ko\u010dinog Sela.<\/p>\n<p>Kako nezvni\u010dno saznajemo Jovanovi\u0107 je imao kriminalnu pro\u0161lost, osu\u0111ivan je za lak\u0161a krivi\u010dna dela, ali je i radio poslove na ,,ivici&#8221; zakona. Bio je poznat po istetoviranoj ru\u017ei na glavi.<\/p>\n<p>-Dr\u017eao no\u0107ne klubove, me\u0161tani sela su se pobunili kada je dovodio striptizete i igra\u010dice, te je zatovorio lokal. Imao je automehani\u010darsku radnju, vozio je dobre automobile i d\u017eipove. Posle akcije ,,Sablja&#8221; nestao je na nekoliko godina, zatim se pojavio kao da se ni\u0161ta nije dogodilo. Hvalio se kontaktima sa poznatim ljudima sa ove i one strane zakona, pri\u010daju me\u0161tani.<\/p>\n<p>Jovanovi\u0107 ima troje dece i me\u0161tani ka\u017eu da je bio dobar otac i doma\u0107in, uvek spreman da pomogne. Supruga se bavila poljoprivredom i \u010duvala decu. On je bio tih, sporo je pri\u010dao, proteklih godina bio je bolestan.<\/p>\n<p>&nbsp;<\/p>\n","protected":false},"excerpt":{"rendered":"<p>JAGODINA-Policija i tu\u017eila\u0161tvo intenzivno trgaju za izvr\u0161iocem ubistva Dejana Jovanovi\u0107a &#8211; Kabasa (45) iz Ko\u010dinog Sela kod Jagodine. Njegovo ubistvo,u biv\u0161em ugostiteljskom objektu, prijavili su &hellip; <\/p>\n","protected":false},"author":4,"featured_media":9349,"comment_status":"open","ping_status":"open","sticky":false,"template":"","format":"standard","meta":{"footnotes":""},"categories":[1524,20,2,1514],"tags":[58,2266,1359],"_links":{"self":[{"href":"https:\/\/centralmedia.rs\/index.php\/wp-json\/wp\/v2\/posts\/9346"}],"collection":[{"href":"https:\/\/centralmedia.rs\/index.php\/wp-json\/wp\/v2\/posts"}],"about":[{"href":"https:\/\/centralmedia.rs\/index.php\/wp-json\/wp\/v2\/types\/post"}],"author":[{"embeddable":true,"href":"https:\/\/centralmedia.rs\/index.php\/wp-json\/wp\/v2\/users\/4"}],"replies":[{"embeddable":true,"href":"https:\/\/centralmedia.rs\/index.php\/wp-json\/wp\/v2\/comments?post=9346"}],"version-history":[{"count":3,"href":"https:\/\/centralmedia.rs\/index.php\/wp-json\/wp\/v2\/posts\/9346\/revisions"}],"predecessor-version":[{"id":9351,"href":"https:\/\/centralmedia.rs\/index.php\/wp-json\/wp\/v2\/posts\/9346\/revisions\/9351"}],"wp:featuredmedia":[{"embeddable":true,"href":"https:\/\/centralmedia.rs\/index.php\/wp-json\/wp\/v2\/media\/9349"}],"wp:attachment":[{"href":"https:\/\/centralmedia.rs\/index.php\/wp-json\/wp\/v2\/media?parent=9346"}],"wp:term":[{"taxonomy":"category","embeddable":true,"href":"https:\/\/centralmedia.rs\/index.php\/wp-json\/wp\/v2\/categories?post=9346"},{"taxonomy":"post_tag","embeddable":true,"href":"https:\/\/centralmedia.rs\/index.php\/wp-json\/wp\/v2\/tags?post=9346"}],"curies":[{"name":"wp","href":"https:\/\/api.w.org\/{rel}","templated":true}]}}