{"id":9373,"date":"2017-09-02T20:18:46","date_gmt":"2017-09-02T20:18:46","guid":{"rendered":"http:\/\/centralmedia.rs\/?p=9373"},"modified":"2017-09-02T20:19:07","modified_gmt":"2017-09-02T20:19:07","slug":"dani-paprike-u-drenovcu-kod-paracina-najduza-paprika-30-santimetra","status":"publish","type":"post","link":"https:\/\/centralmedia.rs\/index.php\/2017\/09\/02\/dani-paprike-u-drenovcu-kod-paracina-najduza-paprika-30-santimetra\/","title":{"rendered":"DANI PAPRIKE U DRENOVCU KOD PARA\u0106INA &#8211; NAJDU\u017dA PAPRIKA 30 SANTIMETRA"},"content":{"rendered":"<p>PARA\u0106IN- Na tradicionalnoj manifestaciji 7. &#8220;Dani paprike&#8221; u Drenovcu kod Para\u0107ina najdu\u017euju papriku, dugu 30 santimetra, proizveo je Dejan Simi\u0107,a najbolji ajvar je skuvala ekipa ,,Paprikarke&#8221;, najbolji zasad paprika ima Miroslav Stevanovi\u0107, najbolji sortiment Bojan Mili\u0107, podbednici su iz Drenovca, dok je najure\u0111enija parcela Miroslava Doj\u010dinovi\u0107a iz Tre\u0161njevice.<\/p>\n<div id='gallery-1' class='gallery galleryid-9373 gallery-columns-5 gallery-size-thumbnail'><figure class='gallery-item'>\n\t\t\t<div class='gallery-icon landscape'>\n\t\t\t\t<a href='https:\/\/centralmedia.rs\/index.php\/2017\/09\/02\/dani-paprike-u-drenovcu-kod-paracina-najduza-paprika-30-santimetra\/dani-paprike-3-foto-facebook-mz-drenovac\/'><img loading=\"lazy\" decoding=\"async\" width=\"150\" height=\"150\" src=\"https:\/\/centralmedia.rs\/wp-content\/uploads\/2017\/09\/dani-paprike-3-foto-facebook-mz-drenovac-150x150.jpg\" class=\"attachment-thumbnail size-thumbnail\" alt=\"\" \/><\/a>\n\t\t\t<\/div><\/figure><figure class='gallery-item'>\n\t\t\t<div class='gallery-icon landscape'>\n\t\t\t\t<a href='https:\/\/centralmedia.rs\/index.php\/2017\/09\/02\/dani-paprike-u-drenovcu-kod-paracina-najduza-paprika-30-santimetra\/dani-paprike-4-foto-facebook-mz-drenovac\/'><img loading=\"lazy\" decoding=\"async\" width=\"150\" height=\"150\" src=\"https:\/\/centralmedia.rs\/wp-content\/uploads\/2017\/09\/dani-paprike-4-foto-facebook-mz-drenovac-150x150.jpg\" class=\"attachment-thumbnail size-thumbnail\" alt=\"\" \/><\/a>\n\t\t\t<\/div><\/figure><figure class='gallery-item'>\n\t\t\t<div class='gallery-icon landscape'>\n\t\t\t\t<a href='https:\/\/centralmedia.rs\/index.php\/2017\/09\/02\/dani-paprike-u-drenovcu-kod-paracina-najduza-paprika-30-santimetra\/dani-paprike-2-foto-facebook-mz-drenovac\/'><img loading=\"lazy\" decoding=\"async\" width=\"150\" height=\"150\" src=\"https:\/\/centralmedia.rs\/wp-content\/uploads\/2017\/09\/dani-paprike-2-foto-facebook-mz-drenovac-150x150.jpg\" class=\"attachment-thumbnail size-thumbnail\" alt=\"\" \/><\/a>\n\t\t\t<\/div><\/figure><figure class='gallery-item'>\n\t\t\t<div class='gallery-icon landscape'>\n\t\t\t\t<a href='https:\/\/centralmedia.rs\/index.php\/2017\/09\/02\/dani-paprike-u-drenovcu-kod-paracina-najduza-paprika-30-santimetra\/dani-paprike-5-foto-facebook-mz-drenovac\/'><img loading=\"lazy\" decoding=\"async\" width=\"150\" height=\"150\" src=\"https:\/\/centralmedia.rs\/wp-content\/uploads\/2017\/09\/dani-paprike-5-foto-facebook-mz-drenovac-150x150.jpg\" class=\"attachment-thumbnail size-thumbnail\" alt=\"\" \/><\/a>\n\t\t\t<\/div><\/figure><figure class='gallery-item'>\n\t\t\t<div class='gallery-icon landscape'>\n\t\t\t\t<a href='https:\/\/centralmedia.rs\/index.php\/2017\/09\/02\/dani-paprike-u-drenovcu-kod-paracina-najduza-paprika-30-santimetra\/dani-paprike-6-foto-facebook-mz-drenovac\/'><img loading=\"lazy\" decoding=\"async\" width=\"150\" height=\"150\" src=\"https:\/\/centralmedia.rs\/wp-content\/uploads\/2017\/09\/dani-paprike-6-foto-facebook-mz-drenovac-150x150.jpg\" class=\"attachment-thumbnail size-thumbnail\" alt=\"\" \/><\/a>\n\t\t\t<\/div><\/figure>\n\t\t<\/div>\n\n<p>-Ovo je peti put da dobijam nagradu na ,,paprikijadi&#8221;. Papriku prodajem u Mladenovcu i to je tradicija. Imamo svoje mesto na pijci i tezgu, ka\u017ee Miroslav Stevanovi\u0107.<\/p>\n<p>Trodnedna manifestacija zavr\u0161ava se u nedelju, a veliki broj poljoprivrednih proizvo\u0111a\u010da iz op\u0161tina i gradova u Srbiji i regiona predstavio je svoje proizvode. Posetioce su zabavljali grupa &#8220;Novi Promili&#8221;, te u folklronom delu programa drenova\u010dki &#8220;Spasovdanski vez&#8221; i gosti &#8211; \u010dlanovi KUD iz Jela\u0161nice i Etno udru\u017eenja &#8220;Zavi\u010daj&#8221; iz Zlakuse.<\/p>\n","protected":false},"excerpt":{"rendered":"<p>PARA\u0106IN- Na tradicionalnoj manifestaciji 7. &#8220;Dani paprike&#8221; u Drenovcu kod Para\u0107ina najdu\u017euju papriku, dugu 30 santimetra, proizveo je Dejan Simi\u0107,a najbolji ajvar je skuvala ekipa &hellip; <\/p>\n","protected":false},"author":4,"featured_media":9374,"comment_status":"open","ping_status":"open","sticky":false,"template":"","format":"standard","meta":{"footnotes":""},"categories":[14,1524,2,1516,887,12],"tags":[2269,988,156],"_links":{"self":[{"href":"https:\/\/centralmedia.rs\/index.php\/wp-json\/wp\/v2\/posts\/9373"}],"collection":[{"href":"https:\/\/centralmedia.rs\/index.php\/wp-json\/wp\/v2\/posts"}],"about":[{"href":"https:\/\/centralmedia.rs\/index.php\/wp-json\/wp\/v2\/types\/post"}],"author":[{"embeddable":true,"href":"https:\/\/centralmedia.rs\/index.php\/wp-json\/wp\/v2\/users\/4"}],"replies":[{"embeddable":true,"href":"https:\/\/centralmedia.rs\/index.php\/wp-json\/wp\/v2\/comments?post=9373"}],"version-history":[{"count":2,"href":"https:\/\/centralmedia.rs\/index.php\/wp-json\/wp\/v2\/posts\/9373\/revisions"}],"predecessor-version":[{"id":9381,"href":"https:\/\/centralmedia.rs\/index.php\/wp-json\/wp\/v2\/posts\/9373\/revisions\/9381"}],"wp:featuredmedia":[{"embeddable":true,"href":"https:\/\/centralmedia.rs\/index.php\/wp-json\/wp\/v2\/media\/9374"}],"wp:attachment":[{"href":"https:\/\/centralmedia.rs\/index.php\/wp-json\/wp\/v2\/media?parent=9373"}],"wp:term":[{"taxonomy":"category","embeddable":true,"href":"https:\/\/centralmedia.rs\/index.php\/wp-json\/wp\/v2\/categories?post=9373"},{"taxonomy":"post_tag","embeddable":true,"href":"https:\/\/centralmedia.rs\/index.php\/wp-json\/wp\/v2\/tags?post=9373"}],"curies":[{"name":"wp","href":"https:\/\/api.w.org\/{rel}","templated":true}]}}