{"id":9393,"date":"2017-09-04T09:14:10","date_gmt":"2017-09-04T09:14:10","guid":{"rendered":"http:\/\/centralmedia.rs\/?p=9393"},"modified":"2017-09-04T09:14:46","modified_gmt":"2017-09-04T09:14:46","slug":"9393-2","status":"publish","type":"post","link":"https:\/\/centralmedia.rs\/index.php\/2017\/09\/04\/9393-2\/","title":{"rendered":"KRSTOVDANSKE SVE\u010cANOSTI U PARA\u0106INU &#8211; VASIL, VLATKO, DE\u010cIJI I ETNO FESTIVALI"},"content":{"rendered":"<p>PARA\u0106IN -&#8220;Krstovdanske sve\u010danosti&#8221; u Para\u0107inu tokom septembra obele\u017ei\u0107e koncerti Vasila Had\u017eimanova i Vlatka Stefanovskog, kao i De\u010diji karneval i Etno fest. Sve\u010danosti povodom dana te op\u0161tine odr\u017eavaju se u organizaciji turisti\u010dke organizacije, a po\u010dinju u petak 8. septembra koncertom bendova Vasila Had\u017eimanova i &#8220;Ti, Fafa i ja&#8221; iz Kragujevca. D\u017eez ve\u010de je u sali Pozori\u0161ta, ulaz slobodan.<a href=\"https:\/\/centralmedia.rs\/wp-content\/uploads\/2017\/09\/najava.jpg\"><img loading=\"lazy\" decoding=\"async\" class=\"alignright size-medium wp-image-9395\" src=\"https:\/\/centralmedia.rs\/wp-content\/uploads\/2017\/09\/najava-213x300.jpg\" alt=\"\" width=\"213\" height=\"300\" srcset=\"https:\/\/centralmedia.rs\/wp-content\/uploads\/2017\/09\/najava-213x300.jpg 213w, https:\/\/centralmedia.rs\/wp-content\/uploads\/2017\/09\/najava.jpg 682w\" sizes=\"(max-width: 213px) 100vw, 213px\" \/><\/a><\/p>\n<p>Direktor TOP Aljo\u0161a Gligorijevi\u0107, isti\u010de da 16. septembra sledi &#8220;Etno fest&#8221; sa brojnim izlaga\u010dima koji \u0107e na \u0161tandovima u centru grada posetiocima ponuditi razli\u010dite predmete doma\u0107e radinosti, zanatske proizvode, kvalitetan med&#8230;<\/p>\n<p>&#8211; &#8220;De\u010dji karneval&#8221;, na kome se o\u010dekuje defiel vi\u0161e od 600 mali\u0161ana iz Srbije, predvi\u0111en je 23. septembra u centru Para\u0107ina, a istog dana je \u00a0ve\u010dernji koncert Vlatka Stefanovskog, dodaje Gligorijevi\u0107.<\/p>\n<blockquote><p>Para\u0107in slavi 27. septembar, u znak se\u0107anja na datum kada je Poveljom kneza Lazara vojvodi Crepu na upravljanje predat tada\u0161nji Parakin grad. Po starom kalendaru, to je bilo 14. septembra 1375.<a href=\"https:\/\/centralmedia.rs\/wp-content\/uploads\/2017\/09\/etno-fest.jpg\"><img loading=\"lazy\" decoding=\"async\" class=\"alignright size-thumbnail wp-image-9396\" src=\"https:\/\/centralmedia.rs\/wp-content\/uploads\/2017\/09\/etno-fest-150x150.jpg\" alt=\"\" width=\"150\" height=\"150\" srcset=\"https:\/\/centralmedia.rs\/wp-content\/uploads\/2017\/09\/etno-fest-150x150.jpg 150w, https:\/\/centralmedia.rs\/wp-content\/uploads\/2017\/09\/etno-fest-300x300.jpg 300w, https:\/\/centralmedia.rs\/wp-content\/uploads\/2017\/09\/etno-fest.jpg 400w\" sizes=\"(max-width: 150px) 100vw, 150px\" \/><\/a><\/p><\/blockquote>\n<p>Para\u0107inci sa posebnom pa\u017enjom prate zavr\u0161etak radova i po\u010detak rada bioskopa u novoj zgradi Kulturnog centra. Prve projekcije najevljene su za polovinu septembra.<\/p>\n<p>&nbsp;<\/p>\n<p>&nbsp;<\/p>\n","protected":false},"excerpt":{"rendered":"<p>PARA\u0106IN -&#8220;Krstovdanske sve\u010danosti&#8221; u Para\u0107inu tokom septembra obele\u017ei\u0107e koncerti Vasila Had\u017eimanova i Vlatka Stefanovskog, kao i De\u010diji karneval i Etno fest. Sve\u010danosti povodom dana te &hellip; <\/p>\n","protected":false},"author":4,"featured_media":9394,"comment_status":"open","ping_status":"open","sticky":false,"template":"","format":"standard","meta":{"footnotes":""},"categories":[1524,2,15,1516,887,12],"tags":[1213,156,2271,2272],"_links":{"self":[{"href":"https:\/\/centralmedia.rs\/index.php\/wp-json\/wp\/v2\/posts\/9393"}],"collection":[{"href":"https:\/\/centralmedia.rs\/index.php\/wp-json\/wp\/v2\/posts"}],"about":[{"href":"https:\/\/centralmedia.rs\/index.php\/wp-json\/wp\/v2\/types\/post"}],"author":[{"embeddable":true,"href":"https:\/\/centralmedia.rs\/index.php\/wp-json\/wp\/v2\/users\/4"}],"replies":[{"embeddable":true,"href":"https:\/\/centralmedia.rs\/index.php\/wp-json\/wp\/v2\/comments?post=9393"}],"version-history":[{"count":2,"href":"https:\/\/centralmedia.rs\/index.php\/wp-json\/wp\/v2\/posts\/9393\/revisions"}],"predecessor-version":[{"id":9398,"href":"https:\/\/centralmedia.rs\/index.php\/wp-json\/wp\/v2\/posts\/9393\/revisions\/9398"}],"wp:featuredmedia":[{"embeddable":true,"href":"https:\/\/centralmedia.rs\/index.php\/wp-json\/wp\/v2\/media\/9394"}],"wp:attachment":[{"href":"https:\/\/centralmedia.rs\/index.php\/wp-json\/wp\/v2\/media?parent=9393"}],"wp:term":[{"taxonomy":"category","embeddable":true,"href":"https:\/\/centralmedia.rs\/index.php\/wp-json\/wp\/v2\/categories?post=9393"},{"taxonomy":"post_tag","embeddable":true,"href":"https:\/\/centralmedia.rs\/index.php\/wp-json\/wp\/v2\/tags?post=9393"}],"curies":[{"name":"wp","href":"https:\/\/api.w.org\/{rel}","templated":true}]}}