{"id":9399,"date":"2017-09-04T13:51:17","date_gmt":"2017-09-04T13:51:17","guid":{"rendered":"http:\/\/centralmedia.rs\/?p=9399"},"modified":"2017-09-04T13:51:17","modified_gmt":"2017-09-04T13:51:17","slug":"na-cuprijskom-bazenu-slavija-20-hiljada-posetilaca","status":"publish","type":"post","link":"https:\/\/centralmedia.rs\/index.php\/2017\/09\/04\/na-cuprijskom-bazenu-slavija-20-hiljada-posetilaca\/","title":{"rendered":"NA \u0106UPRIJSKOM BAZENU SLAVIJA 20 HILJADA POSETILACA"},"content":{"rendered":"<p>\u0106UPRIJA-U Olimpijskom i de\u010dijem bazenu Slavija u \u0106upriji ovogo leta kupalo se preko 20 hiljada posetilaca, a \u0161to je jo\u0161 zna\u010dajnije 120 dece nau\u010dilo je pliva u jedinoj besplatnoj \u0161koli u ovom delu Srbije, potvrdio je direktor SC Ada Ivan Aleksi\u0107.<\/p>\n<div id='gallery-1' class='gallery galleryid-9399 gallery-columns-5 gallery-size-thumbnail'><figure class='gallery-item'>\n\t\t\t<div class='gallery-icon landscape'>\n\t\t\t\t<a href='https:\/\/centralmedia.rs\/index.php\/2017\/09\/04\/na-cuprijskom-bazenu-slavija-20-hiljada-posetilaca\/bazen-1-2\/'><img loading=\"lazy\" decoding=\"async\" width=\"150\" height=\"150\" src=\"https:\/\/centralmedia.rs\/wp-content\/uploads\/2017\/09\/bazen-1-150x150.jpg\" class=\"attachment-thumbnail size-thumbnail\" alt=\"\" \/><\/a>\n\t\t\t<\/div><\/figure><figure class='gallery-item'>\n\t\t\t<div class='gallery-icon landscape'>\n\t\t\t\t<a href='https:\/\/centralmedia.rs\/index.php\/2017\/09\/04\/na-cuprijskom-bazenu-slavija-20-hiljada-posetilaca\/bazen-slavija-uvece\/'><img loading=\"lazy\" decoding=\"async\" width=\"150\" height=\"150\" src=\"https:\/\/centralmedia.rs\/wp-content\/uploads\/2017\/09\/bazen-slavija-uvece-150x150.jpg\" class=\"attachment-thumbnail size-thumbnail\" alt=\"\" \/><\/a>\n\t\t\t<\/div><\/figure><figure class='gallery-item'>\n\t\t\t<div class='gallery-icon landscape'>\n\t\t\t\t<a href='https:\/\/centralmedia.rs\/index.php\/2017\/09\/04\/na-cuprijskom-bazenu-slavija-20-hiljada-posetilaca\/bazen-slavija\/'><img loading=\"lazy\" decoding=\"async\" width=\"150\" height=\"150\" src=\"https:\/\/centralmedia.rs\/wp-content\/uploads\/2017\/09\/bazen-slavija-150x150.jpg\" class=\"attachment-thumbnail size-thumbnail\" alt=\"\" \/><\/a>\n\t\t\t<\/div><\/figure><figure class='gallery-item'>\n\t\t\t<div class='gallery-icon landscape'>\n\t\t\t\t<a href='https:\/\/centralmedia.rs\/index.php\/2017\/09\/04\/na-cuprijskom-bazenu-slavija-20-hiljada-posetilaca\/bazen-2\/'><img loading=\"lazy\" decoding=\"async\" width=\"150\" height=\"150\" src=\"https:\/\/centralmedia.rs\/wp-content\/uploads\/2017\/09\/bazen-150x150.jpg\" class=\"attachment-thumbnail size-thumbnail\" alt=\"\" \/><\/a>\n\t\t\t<\/div><\/figure><figure class='gallery-item'>\n\t\t\t<div class='gallery-icon landscape'>\n\t\t\t\t<a href='https:\/\/centralmedia.rs\/index.php\/2017\/09\/04\/na-cuprijskom-bazenu-slavija-20-hiljada-posetilaca\/skola-plivanja\/'><img loading=\"lazy\" decoding=\"async\" width=\"150\" height=\"150\" src=\"https:\/\/centralmedia.rs\/wp-content\/uploads\/2017\/09\/skola-plivanja-150x150.jpg\" class=\"attachment-thumbnail size-thumbnail\" alt=\"\" \/><\/a>\n\t\t\t<\/div><\/figure>\n\t\t<\/div>\n\n<p>-Ovo leto je bilo za nas rekordno po poseti kupa\u010da, \u010dak duplo vi\u0161e nego pro\u0161le godine. Prema na\u0161im procenama imali oko 70 odsto posetilaca iz okolnih gradova Jagodine, Para\u0107ina i Despotovca, \u0161to je tako\u0111e za nas veliki uspeh jer postajemo destinacija koja privla\u010di cele porodice, isti\u010de Aleksi\u0107 i ocenjuje sa jakom 4 upravo zavr\u0161enu sezonu kupanja.<\/p>\n<p>Ono \u0161to posebno izdvaja bazene Slavija je \u010disto\u0107a vode i kupali\u0161ta uop\u0161te. Cene boravka na bazenu su najni\u017ee u ovom delu Srbije i prilago\u0111ene svim gra\u0111anima.<\/p>\n<p>-Potrudili smo se da voda bude vrhunskog kvaliteta, najbolja u Srbiji, \u0161to su potvrdile sve analize zdravstvenih ustanova, koje je redovno uzorkuju. Deca do 10 godina ne pla\u0107aju ulaz, vukovci tako\u0111e, do besplatnih karata posetioci su mogli da do\u0111u mese\u010dnom lokalnom listu, kao i invalidi, organizacije, slu\u017ebe, navodi Aleksi\u0107.<\/p>\n<p>Pored dnevnih aktivnosti, bazeni su bili aktivni i u ve\u010dernjim satima, a za kraj sezone u utorak \u0107e biti organizovana studentska \u017euraka od 21.30.<\/p>\n","protected":false},"excerpt":{"rendered":"<p>\u0106UPRIJA-U Olimpijskom i de\u010dijem bazenu Slavija u \u0106upriji ovogo leta kupalo se preko 20 hiljada posetilaca, a \u0161to je jo\u0161 zna\u010dajnije 120 dece nau\u010dilo je &hellip; <\/p>\n","protected":false},"author":4,"featured_media":9400,"comment_status":"open","ping_status":"open","sticky":false,"template":"","format":"standard","meta":{"footnotes":""},"categories":[1515,1524,2,887,16,12],"tags":[953,44,2273],"_links":{"self":[{"href":"https:\/\/centralmedia.rs\/index.php\/wp-json\/wp\/v2\/posts\/9399"}],"collection":[{"href":"https:\/\/centralmedia.rs\/index.php\/wp-json\/wp\/v2\/posts"}],"about":[{"href":"https:\/\/centralmedia.rs\/index.php\/wp-json\/wp\/v2\/types\/post"}],"author":[{"embeddable":true,"href":"https:\/\/centralmedia.rs\/index.php\/wp-json\/wp\/v2\/users\/4"}],"replies":[{"embeddable":true,"href":"https:\/\/centralmedia.rs\/index.php\/wp-json\/wp\/v2\/comments?post=9399"}],"version-history":[{"count":1,"href":"https:\/\/centralmedia.rs\/index.php\/wp-json\/wp\/v2\/posts\/9399\/revisions"}],"predecessor-version":[{"id":9406,"href":"https:\/\/centralmedia.rs\/index.php\/wp-json\/wp\/v2\/posts\/9399\/revisions\/9406"}],"wp:featuredmedia":[{"embeddable":true,"href":"https:\/\/centralmedia.rs\/index.php\/wp-json\/wp\/v2\/media\/9400"}],"wp:attachment":[{"href":"https:\/\/centralmedia.rs\/index.php\/wp-json\/wp\/v2\/media?parent=9399"}],"wp:term":[{"taxonomy":"category","embeddable":true,"href":"https:\/\/centralmedia.rs\/index.php\/wp-json\/wp\/v2\/categories?post=9399"},{"taxonomy":"post_tag","embeddable":true,"href":"https:\/\/centralmedia.rs\/index.php\/wp-json\/wp\/v2\/tags?post=9399"}],"curies":[{"name":"wp","href":"https:\/\/api.w.org\/{rel}","templated":true}]}}