{"id":9407,"date":"2017-09-04T14:01:36","date_gmt":"2017-09-04T14:01:36","guid":{"rendered":"http:\/\/centralmedia.rs\/?p=9407"},"modified":"2017-09-04T14:02:51","modified_gmt":"2017-09-04T14:02:51","slug":"levacka-vinarija-miletic-naslednica-nastavila-put-cukundede","status":"publish","type":"post","link":"https:\/\/centralmedia.rs\/index.php\/2017\/09\/04\/levacka-vinarija-miletic-naslednica-nastavila-put-cukundede\/","title":{"rendered":"LEVA\u010cKA VINARIJA MILETI\u0106 &#8211; NASLEDNICA NASTAVILA PUT \u010cUKUNDEDE"},"content":{"rendered":"<p>REKOVAC-Znamenito selo Opari\u0107 kod Rekovca, koje je u svetu \u010duveno po rodona\u010delniku srpskog naivnog slikarstva Janku Bra\u0161i\u0107u, odnedavno je ponovo u \u017ei\u017eu javnosti vratila vinarija ,,Mileti\u0107&#8221;. \u00a0Tri \u0107erke u porodici Mileti\u0107a Zorica, Milica i Marija, nisu bile garancija opstanka vinogradarske tradicije, ali najmla\u0111a Marija nastavlja put koji je trasirao \u010dukundeda i unapre\u0111uje proizvodnju vina. Ona vodi glavnu re\u010d u vinogradu i proizvodnji vina sa svojim suprugom dr Goranom Simi\u0107em koji je lekar u ovda\u0161njem Domu zdravlja. Imaju troje dece, koje \u0107e nastaviti njihovim stopama.<\/p>\n<figure id=\"attachment_9409\" aria-describedby=\"caption-attachment-9409\" style=\"width: 834px\" class=\"wp-caption aligncenter\"><a href=\"https:\/\/centralmedia.rs\/wp-content\/uploads\/2017\/09\/marija-miletic-simic-i-suprug-goran-simic.jpg\"><img loading=\"lazy\" decoding=\"async\" class=\"size-full wp-image-9409\" src=\"https:\/\/centralmedia.rs\/wp-content\/uploads\/2017\/09\/marija-miletic-simic-i-suprug-goran-simic.jpg\" alt=\"\" width=\"834\" height=\"600\" srcset=\"https:\/\/centralmedia.rs\/wp-content\/uploads\/2017\/09\/marija-miletic-simic-i-suprug-goran-simic.jpg 834w, https:\/\/centralmedia.rs\/wp-content\/uploads\/2017\/09\/marija-miletic-simic-i-suprug-goran-simic-300x216.jpg 300w, https:\/\/centralmedia.rs\/wp-content\/uploads\/2017\/09\/marija-miletic-simic-i-suprug-goran-simic-768x553.jpg 768w\" sizes=\"(max-width: 834px) 100vw, 834px\" \/><\/a><figcaption id=\"caption-attachment-9409\" class=\"wp-caption-text\">Marija sa surugom dr Goranom Simi\u0107em<\/figcaption><\/figure>\n<p>-Na\u0161a porodica ima dugu tradiciju bavljenja vinarstvom koja se\u017ee do 18 veka. \u010cukundeda je zavr\u0161io Poljoprivrednu \u0161kolu i tada je po\u010dela ozbiljnija proizvodnja gro\u017e\u0111a i vina. Porodi\u010dna pri\u010da me povukala da nastavim proizvodnju vina, zato sam zavr\u0161ila Poljoprivredni fakultet-smer prehrambene tehnologije i diplomirala na tehnologiji vina. Imala sam jasan cilj da \u017eelim da se vratim u Opari\u0107 i nastavim tradiciju. Poma\u017eu mi roditelji i suprug, pri\u010da Marija.<\/p>\n<div id='gallery-1' class='gallery galleryid-9407 gallery-columns-2 gallery-size-full'><figure class='gallery-item'>\n\t\t\t<div class='gallery-icon landscape'>\n\t\t\t\t<a href='https:\/\/centralmedia.rs\/index.php\/2017\/09\/04\/levacka-vinarija-miletic-naslednica-nastavila-put-cukundede\/vinarija-miletic-1\/'><img loading=\"lazy\" decoding=\"async\" width=\"900\" height=\"675\" src=\"https:\/\/centralmedia.rs\/wp-content\/uploads\/2017\/09\/vinarija-miletic-1.jpg\" class=\"attachment-full size-full\" alt=\"\" srcset=\"https:\/\/centralmedia.rs\/wp-content\/uploads\/2017\/09\/vinarija-miletic-1.jpg 900w, https:\/\/centralmedia.rs\/wp-content\/uploads\/2017\/09\/vinarija-miletic-1-300x225.jpg 300w, https:\/\/centralmedia.rs\/wp-content\/uploads\/2017\/09\/vinarija-miletic-1-768x576.jpg 768w, https:\/\/centralmedia.rs\/wp-content\/uploads\/2017\/09\/vinarija-miletic-1-80x60.jpg 80w, https:\/\/centralmedia.rs\/wp-content\/uploads\/2017\/09\/vinarija-miletic-1-265x198.jpg 265w\" sizes=\"(max-width: 900px) 100vw, 900px\" \/><\/a>\n\t\t\t<\/div><\/figure><figure class='gallery-item'>\n\t\t\t<div class='gallery-icon landscape'>\n\t\t\t\t<a href='https:\/\/centralmedia.rs\/index.php\/2017\/09\/04\/levacka-vinarija-miletic-naslednica-nastavila-put-cukundede\/marija-miletic-simic-2\/'><img loading=\"lazy\" decoding=\"async\" width=\"900\" height=\"675\" src=\"https:\/\/centralmedia.rs\/wp-content\/uploads\/2017\/09\/marija-miletic-simic-1.jpg\" class=\"attachment-full size-full\" alt=\"\" srcset=\"https:\/\/centralmedia.rs\/wp-content\/uploads\/2017\/09\/marija-miletic-simic-1.jpg 900w, https:\/\/centralmedia.rs\/wp-content\/uploads\/2017\/09\/marija-miletic-simic-1-300x225.jpg 300w, https:\/\/centralmedia.rs\/wp-content\/uploads\/2017\/09\/marija-miletic-simic-1-768x576.jpg 768w, https:\/\/centralmedia.rs\/wp-content\/uploads\/2017\/09\/marija-miletic-simic-1-80x60.jpg 80w, https:\/\/centralmedia.rs\/wp-content\/uploads\/2017\/09\/marija-miletic-simic-1-265x198.jpg 265w\" sizes=\"(max-width: 900px) 100vw, 900px\" \/><\/a>\n\t\t\t<\/div><\/figure>\n\t\t<\/div>\n\n<p>Mileti\u0107-Simi\u0107i su pre desetak godina po\u010deli da razvijaju porodi\u010dni brend i proizvodnju vina, ranije su ve\u0107inu gro\u017e\u0111a prodavali industrijskim vinarijama.<\/p>\n<p>-Te\u0161ko je bilo na po\u010detku kada ka\u017eete vinarija ,,Mileti\u0107&#8221; a niko nije \u010duo za nas, sada je sve druga\u010dije. Ljudi nas prepoznaju po dobrom vinu, sve je lak\u0161e, ali potrebno je vreme. Na\u0161 uspeh je i u tome \u0161to uspevamo da \u017eivimo od bavljenja vinarstvom. Velika su ulaganja, sve \u0161to se zaradi ponovo se ula\u017ee. Ovo je posao za vi\u0161e generacija, tako mu pristupamo, obja\u0161njava Marija.<a href=\"https:\/\/centralmedia.rs\/wp-content\/uploads\/2017\/09\/vinarija-miletic.jpg\"><img loading=\"lazy\" decoding=\"async\" class=\"aligncenter size-full wp-image-9412\" src=\"https:\/\/centralmedia.rs\/wp-content\/uploads\/2017\/09\/vinarija-miletic.jpg\" alt=\"\" width=\"675\" height=\"900\" srcset=\"https:\/\/centralmedia.rs\/wp-content\/uploads\/2017\/09\/vinarija-miletic.jpg 675w, https:\/\/centralmedia.rs\/wp-content\/uploads\/2017\/09\/vinarija-miletic-225x300.jpg 225w\" sizes=\"(max-width: 675px) 100vw, 675px\" \/><\/a><\/p>\n<p>Vinarija ,,Mileti\u0107&#8221; se nalaze na Vinskoj ruti kroz \u0160umadiju i Pomoravlje, pored vina, turistima \u0107e ponuditi i specifi\u010dne prehrambene proizvode Leva\u010dkog kraja.<\/p>\n<p>-U vinogradu zavr\u0161avamo ku\u0107icu za vinske turiste, kao i degustacionu salu, tu \u0107emo ponuditi, pored na\u0161ih vina, i sve ukuse Lev\u010da. Idemo korak po korak, bez kredita, iz sopstvenih sredstava i stabilnije. Vinarstvo ima ve\u0107u dimenziju i mo\u017ee kroz turizam da promovi\u0161e \u010ditav kraj, isti\u010de Marija.<a href=\"https:\/\/centralmedia.rs\/wp-content\/uploads\/2017\/09\/vinarija-miletic-2.jpg\"><img loading=\"lazy\" decoding=\"async\" class=\"aligncenter size-full wp-image-9414\" src=\"https:\/\/centralmedia.rs\/wp-content\/uploads\/2017\/09\/vinarija-miletic-2.jpg\" alt=\"\" width=\"973\" height=\"600\" srcset=\"https:\/\/centralmedia.rs\/wp-content\/uploads\/2017\/09\/vinarija-miletic-2.jpg 973w, https:\/\/centralmedia.rs\/wp-content\/uploads\/2017\/09\/vinarija-miletic-2-300x185.jpg 300w, https:\/\/centralmedia.rs\/wp-content\/uploads\/2017\/09\/vinarija-miletic-2-768x474.jpg 768w, https:\/\/centralmedia.rs\/wp-content\/uploads\/2017\/09\/vinarija-miletic-2-356x220.jpg 356w\" sizes=\"(max-width: 973px) 100vw, 973px\" \/><\/a><\/p>\n<p>Leva\u010d i Opari\u0107 imaju veliko kulturno bogatstvo u svetskim razmerama naivno slikarstvo i duhovne spomenike manastire Kaleni\u0107 i Preradovac, zatim uspe\u0161ne p\u010delare, vredne doma\u0107ine, \u0161to bi svakako upotpunilo vinsku ponudu u vidu sedam ve\u0107 uspe\u0161nih vinarija.<\/p>\n<p>-Vinova loza ima dubok korenov sistem, tako da se su\u0161na godina neodra\u017eava na rod. Promena klime ide u korist vinove loze i kvaliteta gro\u017e\u0111a. Godina \u0107e u tom smislu biti dobra, navodi Marija.<a href=\"https:\/\/centralmedia.rs\/wp-content\/uploads\/2017\/09\/miletic.jpg\"><img loading=\"lazy\" decoding=\"async\" class=\"aligncenter size-full wp-image-9413\" src=\"https:\/\/centralmedia.rs\/wp-content\/uploads\/2017\/09\/miletic.jpg\" alt=\"\" width=\"999\" height=\"600\" srcset=\"https:\/\/centralmedia.rs\/wp-content\/uploads\/2017\/09\/miletic.jpg 999w, https:\/\/centralmedia.rs\/wp-content\/uploads\/2017\/09\/miletic-300x180.jpg 300w, https:\/\/centralmedia.rs\/wp-content\/uploads\/2017\/09\/miletic-768x461.jpg 768w\" sizes=\"(max-width: 999px) 100vw, 999px\" \/><\/a><\/p>\n<p>Mileti\u0107-Simi\u0107i proizvode \u010detiri etikete Impresija i to sovinjon blank, roze, barikirani merlo i kaberne sovinjon. Ali prate i zahteve tr\u017ei\u0161te, te su posadili su tamjaniku. Njihov vinograd je povr\u0161ine 12 hektara i ima 60 hiljada \u010dokota.<\/p>\n","protected":false},"excerpt":{"rendered":"<p>REKOVAC-Znamenito selo Opari\u0107 kod Rekovca, koje je u svetu \u010duveno po rodona\u010delniku srpskog naivnog slikarstva Janku Bra\u0161i\u0107u, odnedavno je ponovo u \u017ei\u017eu javnosti vratila vinarija &hellip; <\/p>\n","protected":false},"author":4,"featured_media":9408,"comment_status":"open","ping_status":"open","sticky":false,"template":"","format":"standard","meta":{"footnotes":""},"categories":[14,1524,2,887,1519,12],"tags":[2276,2275,441,2274],"_links":{"self":[{"href":"https:\/\/centralmedia.rs\/index.php\/wp-json\/wp\/v2\/posts\/9407"}],"collection":[{"href":"https:\/\/centralmedia.rs\/index.php\/wp-json\/wp\/v2\/posts"}],"about":[{"href":"https:\/\/centralmedia.rs\/index.php\/wp-json\/wp\/v2\/types\/post"}],"author":[{"embeddable":true,"href":"https:\/\/centralmedia.rs\/index.php\/wp-json\/wp\/v2\/users\/4"}],"replies":[{"embeddable":true,"href":"https:\/\/centralmedia.rs\/index.php\/wp-json\/wp\/v2\/comments?post=9407"}],"version-history":[{"count":2,"href":"https:\/\/centralmedia.rs\/index.php\/wp-json\/wp\/v2\/posts\/9407\/revisions"}],"predecessor-version":[{"id":9416,"href":"https:\/\/centralmedia.rs\/index.php\/wp-json\/wp\/v2\/posts\/9407\/revisions\/9416"}],"wp:featuredmedia":[{"embeddable":true,"href":"https:\/\/centralmedia.rs\/index.php\/wp-json\/wp\/v2\/media\/9408"}],"wp:attachment":[{"href":"https:\/\/centralmedia.rs\/index.php\/wp-json\/wp\/v2\/media?parent=9407"}],"wp:term":[{"taxonomy":"category","embeddable":true,"href":"https:\/\/centralmedia.rs\/index.php\/wp-json\/wp\/v2\/categories?post=9407"},{"taxonomy":"post_tag","embeddable":true,"href":"https:\/\/centralmedia.rs\/index.php\/wp-json\/wp\/v2\/tags?post=9407"}],"curies":[{"name":"wp","href":"https:\/\/api.w.org\/{rel}","templated":true}]}}