{"id":9438,"date":"2017-09-06T11:43:38","date_gmt":"2017-09-06T11:43:38","guid":{"rendered":"http:\/\/centralmedia.rs\/?p=9438"},"modified":"2017-09-06T11:50:32","modified_gmt":"2017-09-06T11:50:32","slug":"medjunarodni-simpozijum-filozofija-medija-sa-otoka-cres-u-selo-koncarevo","status":"publish","type":"post","link":"https:\/\/centralmedia.rs\/index.php\/2017\/09\/06\/medjunarodni-simpozijum-filozofija-medija-sa-otoka-cres-u-selo-koncarevo\/","title":{"rendered":"ME\u0110UNARODNI SIMPOZIJUM ,,FILOZOFIJA MEDIJA&#8221; &#8211; SA OTOKA CRES U SELO KON\u010cAREVO"},"content":{"rendered":"<p>JAGODINA-Posle sedam godina Me\u0111unarodni nau\u010dni simpozijum &#8221;Filozofija medija&#8221; je promenio mesto odr\u017eavanja i sa otoka Cres u Hrvatskoj preseljen je u selo Kon\u010darevo kod Jagodine. Dekanka Fakulteta pedago\u0161kih nauka prof dr Violeta Jovanovi\u0107 danas je na tom fakultetu otvorila simpozijum koji se odr\u017eava od 6. do 8. septembra.<\/p>\n<p>-Ogromna nam je \u010dast i zadovoljstvo da na fakultetu, koji ima tradiciju od 120 godina, mo\u017eemo da ugostimo kolege i stru\u010dnajke iz oblasti kojom se primarno ne bavimo, ali koja pro\u017eima na\u0161e svakodnevne \u017eivote\u00a0 i mnoge pojedina\u010dne nau\u010dne i stru\u010dne oblasti, kazala je prof dr Violeta Jovanovi\u0107.<\/p>\n<figure id=\"attachment_9440\" aria-describedby=\"caption-attachment-9440\" style=\"width: 300px\" class=\"wp-caption alignright\"><a href=\"https:\/\/centralmedia.rs\/wp-content\/uploads\/2017\/09\/dijana-vuksanovic.jpg\"><img loading=\"lazy\" decoding=\"async\" class=\"size-medium wp-image-9440\" src=\"https:\/\/centralmedia.rs\/wp-content\/uploads\/2017\/09\/dijana-vuksanovic-300x225.jpg\" alt=\"\" width=\"300\" height=\"225\" srcset=\"https:\/\/centralmedia.rs\/wp-content\/uploads\/2017\/09\/dijana-vuksanovic-300x225.jpg 300w, https:\/\/centralmedia.rs\/wp-content\/uploads\/2017\/09\/dijana-vuksanovic-768x576.jpg 768w, https:\/\/centralmedia.rs\/wp-content\/uploads\/2017\/09\/dijana-vuksanovic-80x60.jpg 80w, https:\/\/centralmedia.rs\/wp-content\/uploads\/2017\/09\/dijana-vuksanovic-265x198.jpg 265w, https:\/\/centralmedia.rs\/wp-content\/uploads\/2017\/09\/dijana-vuksanovic.jpg 900w\" sizes=\"(max-width: 300px) 100vw, 300px\" \/><\/a><figcaption id=\"caption-attachment-9440\" class=\"wp-caption-text\">Divna Vuksanovi\u0107<\/figcaption><\/figure>\n<p>\u0160est organizacija iz Crne Gore, Srbije i Republike Srpske rade na \u00a0projektu ,,Filozofija medija&#8221;, a ovogodi\u0161nja tema je ,,Mediji i alternativa&#8221;.<\/p>\n<p>-Posle niza godina odr\u017eavanja simpozijuma na otoku Cres i negovanja na\u0161eg \u010deda zvanog ,,Filozofija medija&#8221; menjamo lokaciju. Novu smo nazvali ,,lokacijom na kraju sveta&#8221;, a taj ,,kraj sveta&#8221; je u stvari epicentar sveta u ovom trenutku. \u0160est ozbiljnih partnera rade na projektu koji trebao da bude nalik Platonovoj ,,gozbi&#8221;. Na\u0161 koncept podrazumeva da kroz dijalog razmenjujemo mi\u0161ljenja, filozofiramo na aktuelne teme povodom medija, koji je jedan od dominantnih ambijenata \u017eivljenja, kazala je predsednica Programskog saveta prof dr Divna Vuksanovi\u0107.<\/p>\n<p>U naredna tri dana tridesetak nau\u010dnika i stru\u010dnjaka odr\u017ea\u0107e predavanja na temu ,,Mediji i alternativa&#8221;.<a href=\"https:\/\/centralmedia.rs\/wp-content\/uploads\/2017\/09\/filozofija-medija.jpg\"><img loading=\"lazy\" decoding=\"async\" class=\"alignright size-medium wp-image-9441\" src=\"https:\/\/centralmedia.rs\/wp-content\/uploads\/2017\/09\/filozofija-medija-300x225.jpg\" alt=\"\" width=\"300\" height=\"225\" srcset=\"https:\/\/centralmedia.rs\/wp-content\/uploads\/2017\/09\/filozofija-medija-300x225.jpg 300w, https:\/\/centralmedia.rs\/wp-content\/uploads\/2017\/09\/filozofija-medija-768x576.jpg 768w, https:\/\/centralmedia.rs\/wp-content\/uploads\/2017\/09\/filozofija-medija-80x60.jpg 80w, https:\/\/centralmedia.rs\/wp-content\/uploads\/2017\/09\/filozofija-medija-265x198.jpg 265w, https:\/\/centralmedia.rs\/wp-content\/uploads\/2017\/09\/filozofija-medija.jpg 900w\" sizes=\"(max-width: 300px) 100vw, 300px\" \/><\/a><\/p>\n<p>-Re\u010d je o vode\u0107im nau\u010dnicima iz oblasti filozofije medija i komunikologije iz\u00a0 Slovenije, Makedonije, Hrvtske, BIH, Srbije i Crne Gore. Posle sedam godina odr\u017eavanja na otoku Cres u Hrvatskoj, doneli smo odluku da se simpoziju preseli u selo Kon\u010darevo kod Jagodine. To je zanimiljiv podatak, ali logi\u010dna saradnja sa na\u0161im partnerima, rekao je jedan od organizatora simpozijuma prof dr Marko \u0110or\u0111evi\u0107.<\/p>\n<p>Simpozijum \u00a0partnerski organizuju Esteti\u010dko dru\u0161tvo Srbije, Fakultet pedago\u0161kih nauka u Jagodini, NVO &#8221;Mladi Gra\u0161ak&#8221; za umetnost, kulturu i dru\u0161tvena pitanja iz Beograda, Srpsko filozofsko dru\u0161tvo, Fakultet dramskih umetnosti Univerziteta u Beogradu, Istra\u017eiva\u010dki-medijski centar iz Podgorice, NVO Balkanolo\u0161ki istra\u017eiva\u010dki centar iz Banjaluke.<\/p>\n<p>&nbsp;<\/p>\n","protected":false},"excerpt":{"rendered":"<p>JAGODINA-Posle sedam godina Me\u0111unarodni nau\u010dni simpozijum &#8221;Filozofija medija&#8221; je promenio mesto odr\u017eavanja i sa otoka Cres u Hrvatskoj preseljen je u selo Kon\u010darevo kod Jagodine. &hellip; <\/p>\n","protected":false},"author":4,"featured_media":9439,"comment_status":"open","ping_status":"open","sticky":false,"template":"","format":"standard","meta":{"footnotes":""},"categories":[1524,2,1514,15,12],"tags":[2282,2281,58,440,137],"_links":{"self":[{"href":"https:\/\/centralmedia.rs\/index.php\/wp-json\/wp\/v2\/posts\/9438"}],"collection":[{"href":"https:\/\/centralmedia.rs\/index.php\/wp-json\/wp\/v2\/posts"}],"about":[{"href":"https:\/\/centralmedia.rs\/index.php\/wp-json\/wp\/v2\/types\/post"}],"author":[{"embeddable":true,"href":"https:\/\/centralmedia.rs\/index.php\/wp-json\/wp\/v2\/users\/4"}],"replies":[{"embeddable":true,"href":"https:\/\/centralmedia.rs\/index.php\/wp-json\/wp\/v2\/comments?post=9438"}],"version-history":[{"count":3,"href":"https:\/\/centralmedia.rs\/index.php\/wp-json\/wp\/v2\/posts\/9438\/revisions"}],"predecessor-version":[{"id":9444,"href":"https:\/\/centralmedia.rs\/index.php\/wp-json\/wp\/v2\/posts\/9438\/revisions\/9444"}],"wp:featuredmedia":[{"embeddable":true,"href":"https:\/\/centralmedia.rs\/index.php\/wp-json\/wp\/v2\/media\/9439"}],"wp:attachment":[{"href":"https:\/\/centralmedia.rs\/index.php\/wp-json\/wp\/v2\/media?parent=9438"}],"wp:term":[{"taxonomy":"category","embeddable":true,"href":"https:\/\/centralmedia.rs\/index.php\/wp-json\/wp\/v2\/categories?post=9438"},{"taxonomy":"post_tag","embeddable":true,"href":"https:\/\/centralmedia.rs\/index.php\/wp-json\/wp\/v2\/tags?post=9438"}],"curies":[{"name":"wp","href":"https:\/\/api.w.org\/{rel}","templated":true}]}}