{"id":9449,"date":"2017-09-07T12:56:25","date_gmt":"2017-09-07T12:56:25","guid":{"rendered":"http:\/\/centralmedia.rs\/?p=9449"},"modified":"2017-09-07T12:56:25","modified_gmt":"2017-09-07T12:56:25","slug":"poceli-36-maticevi-dani-u-cupriji-nadrealista-od-pocetka-kraja","status":"publish","type":"post","link":"https:\/\/centralmedia.rs\/index.php\/2017\/09\/07\/poceli-36-maticevi-dani-u-cupriji-nadrealista-od-pocetka-kraja\/","title":{"rendered":"PO\u010cELI 36. MATI\u0106EVI DANI U \u0106UPRIJI &#8211; ,,NADREALISTA OD PO\u010cETKA DO KRAJA&#8221;"},"content":{"rendered":"<p>\u0106UPRIJA-Du\u0161an Mati\u0107 (1898-1980) je nadrealista od po\u010detka do kraja, bilo je raznih ideolo\u0161ki prevrtanja oko njega, koji je celokupno svoje delo je sproveo u\u00a0 kontekstu te poetike, rekao je knji\u017eevni kriti\u010dar prof Predrag Ja\u0107ovi\u0107a na otvaranju knji\u017eevne manifestacije 36. &#8220;Mati\u0107evi dani&#8221; u \u0106upriji. Manifestacija, \u00a0posve\u0107ena\u00a0velikanu srpske knji\u017eevnosti, nadrealisti, esejisti, akademiku i diplomati, po\u010dela je izlo\u017ebom 70 crte\u017ea &#8220;Poema u\u00a0boji&#8221; Du\u0161ana Mati\u0107a, koje je ustupio njegov ro\u0111ak iz Pariza. ,,Mati\u0107evi dani&#8221; odr\u017eavaju u ovom gradu od 6. do 13. septembra.<\/p>\n<figure id=\"attachment_9451\" aria-describedby=\"caption-attachment-9451\" style=\"width: 300px\" class=\"wp-caption alignright\"><a href=\"https:\/\/centralmedia.rs\/wp-content\/uploads\/2017\/09\/prof-predrag-jacovic.jpg\"><img loading=\"lazy\" decoding=\"async\" class=\"size-medium wp-image-9451\" src=\"https:\/\/centralmedia.rs\/wp-content\/uploads\/2017\/09\/prof-predrag-jacovic-300x210.jpg\" alt=\"\" width=\"300\" height=\"210\" srcset=\"https:\/\/centralmedia.rs\/wp-content\/uploads\/2017\/09\/prof-predrag-jacovic-300x210.jpg 300w, https:\/\/centralmedia.rs\/wp-content\/uploads\/2017\/09\/prof-predrag-jacovic-768x538.jpg 768w, https:\/\/centralmedia.rs\/wp-content\/uploads\/2017\/09\/prof-predrag-jacovic-100x70.jpg 100w, https:\/\/centralmedia.rs\/wp-content\/uploads\/2017\/09\/prof-predrag-jacovic.jpg 900w\" sizes=\"(max-width: 300px) 100vw, 300px\" \/><\/a><figcaption id=\"caption-attachment-9451\" class=\"wp-caption-text\">Predrag Ja\u0107ovi\u0107<\/figcaption><\/figure>\n<p>-Za\u0161to je Du\u0161an Mati\u0107 veliki pesnik? On od nadrealizma, kao knji\u017eevno-umetni\u010dkog pravca, nije pravio ideologiju, za razliku od Marka Risti\u0107a ili Velibora Gligori\u0107a. Ni jedan kni\u017eevnik ili pesnik nije se oglasio prvo kritikom, prva njegova knjiga, prave\u0107i svoj ,,kroki&#8221; kroz istoriju Francuske knji\u017eevnosti. U nadrealizmu njegovog vremena de\u0161avala su se \u010dudesa i ideologizam, socijalizam,komunizam prema kome imamo istorijski otklon, ali sve vreme, dok se de\u0161ava isklju\u010divost, Mati\u0107i stoji je po strani. U sredi\u0161tu je toga \u0161to govori i zauzima jedan prosto neverovatno objektivan stav, neverovatan za umetnika. Od po\u010dekta u tome u\u010destvuje i, kao ni jedan nadrealista, on do kraja u tome ostaje. To je klju\u010dna ta\u010dka za 21. vek, koja potvr\u0111uje njegov zna\u010daj, i o \u010demu se imamo u\u010diti, ka\u017ee prof Ja\u0107ovi\u0107.<\/p>\n<p>Centralni deo manifestacije je 13. septembra, kada \u0107e u Narodnoj biblioteci, koja se nalazi u rodnoj ku\u0107i Mati\u0107a i nosi njegovo ime, odr\u017eati okrugli sto &#8211; nau\u010dni skup na temu &#8220;Uvek prisutni Mati\u0107&#8221;, a\u00a0u\u010destvuju knji\u017eevnici i knji\u017eevni kriti\u010dari iz Beograda Radomir Andri\u0107 i Petar \u017debljan, iz Jagodine Bajo D\u017eakovi\u0107 i Borislav Radosavljevi\u0107, iz Kru\u0161evca Ljubi\u0161a Djidji\u0107 i prof. dr Veliboir Lazarevi\u0107&#8230;<\/p>\n<p>Toga dana bi\u0107e uru\u010den i &#8220;Mati\u0107ev \u0161al&#8221; nagrada mladom pesniku Srbije, do 27 godina, za najbolju zbirku pesama objavljenu izmedju dve manifestacije, stoji u saop\u0161tenju, koga je potpisala v.d direktora\u00a0biblioteka Olivera Djordjevi\u0107.<\/p>\n<p>Nagrada se sastoji od unikatnog ru\u010dno pletenog \u0161ala, povelje i nov\u010danog iznosa.<\/p>\n<p>-Kroz manifestacju ,,MAti\u0107evi dani&#8221; op\u0161tina \u0106uprija poku\u0161avamo, u ovim \u010dunim vremenima, da ostavimo trag, da pre svega po\u0161tujemo tradiciju, Mati\u0107a kao \u010doveka i\u00a0 velikog umetnika. Nadam se da \u0106uprija iznedriti neke nove Mati\u0107e, novog pisca, knji\u017eevnika i akademika, rekao je otavarju\u0107i ,,Mati\u0107eve dane&#8221; \u010dlan Op\u0161tinskog ve\u0107a Vladimir Vasiljevi\u0107.<\/p>\n<p>Ve\u010deras je na programu pozori\u0161na predstava Pozori\u0161ta na Terazijama &#8220;Dobro do\u0161li u kabare&#8221;, uloge tuma\u010de Rade Marjanovi\u0107 i Tanja Bo\u0161kovi\u0107 a\u00a0muzi\u010dar na klavijaturama je Uro\u0161 Rankovi\u0107.<\/p>\n<p>U petak, 8. septembra, na programu je otvaranje izlo\u017ebe umetni\u010dkih dela nastalih po motivima iz stvarala\u0161tva Du\u0161ana Mati\u0107a prispelih na konkurs &#8220;Mati\u0107u u \u010dast&#8221;. Izlo\u017eba \u0107e biti otvorena u 18 sati u\u00a0Muzeju &#8220;Horeum Margi Ravno&#8221; u \u0106upriji.<\/p>\n<p>Narednog dana, 9. septembra u Muzi\u010dkoj \u0161koli &#8220;Du\u0161an Skovran&#8221; bi\u0107e odr\u017ean Koncert &#8220;Belgrade\u00a0dixieland or\u0107estra&#8221; a gost na koncertu \u0107e biti guda\u010dki kvartet Sskole za muzi\u010dke talente u Chupriji.<\/p>\n<p>U ponedeljak, u Narodnoj biblioteci u 17 sati bi\u0107e odr\u017eano poetsko ve\u010de &#8220;Ve\u010dni plamen&#8221;, a u\u010destvuju pesnici Jagodine, \u0106uprije, Para\u0107ina i drugih gradova a sat kasnije bi\u0107e prestavljena knjiga &#8220;Mati\u0107eva\u00a0ogledala&#8221;. Re\u010d je o zborniku radova i eseja sa okruglog stola 35. &#8220;Mati\u0107evih dana.<\/p>\n<p>O knjizi \u0107e govoriti prof. dr Predrag Ja\u0161ovi\u0107 i knji\u017eevnik \u017divorad Djordjevi\u0107.<\/p>\n<p>U utorak, 12.septembra u Muzi\u010dkoj \u0161koli &#8220;Du\u0161an Skovran&#8221; u 11 sati, bi\u0107e izvedena predstava za decu &#8220;Ma \u0161ta mi re\u010de&#8221; Ljubivoja R\u0161umovi\u0107a.<\/p>\n<p>&#8220;Mati\u0107evi dani&#8221; se odr\u017eavaju pod pokroviteljstvom Ministarstva kulture i informisanja i Skup\u0161tine\u00a0op\u0161tine \u0106uprija.<\/p>\n<p>&nbsp;<\/p>\n","protected":false},"excerpt":{"rendered":"<p>\u0106UPRIJA-Du\u0161an Mati\u0107 (1898-1980) je nadrealista od po\u010detka do kraja, bilo je raznih ideolo\u0161ki prevrtanja oko njega, koji je celokupno svoje delo je sproveo u\u00a0 kontekstu &hellip; <\/p>\n","protected":false},"author":4,"featured_media":9450,"comment_status":"open","ping_status":"open","sticky":false,"template":"","format":"standard","meta":{"footnotes":""},"categories":[1515,1524,2,15,887,12],"tags":[44,1202],"_links":{"self":[{"href":"https:\/\/centralmedia.rs\/index.php\/wp-json\/wp\/v2\/posts\/9449"}],"collection":[{"href":"https:\/\/centralmedia.rs\/index.php\/wp-json\/wp\/v2\/posts"}],"about":[{"href":"https:\/\/centralmedia.rs\/index.php\/wp-json\/wp\/v2\/types\/post"}],"author":[{"embeddable":true,"href":"https:\/\/centralmedia.rs\/index.php\/wp-json\/wp\/v2\/users\/4"}],"replies":[{"embeddable":true,"href":"https:\/\/centralmedia.rs\/index.php\/wp-json\/wp\/v2\/comments?post=9449"}],"version-history":[{"count":1,"href":"https:\/\/centralmedia.rs\/index.php\/wp-json\/wp\/v2\/posts\/9449\/revisions"}],"predecessor-version":[{"id":9452,"href":"https:\/\/centralmedia.rs\/index.php\/wp-json\/wp\/v2\/posts\/9449\/revisions\/9452"}],"wp:featuredmedia":[{"embeddable":true,"href":"https:\/\/centralmedia.rs\/index.php\/wp-json\/wp\/v2\/media\/9450"}],"wp:attachment":[{"href":"https:\/\/centralmedia.rs\/index.php\/wp-json\/wp\/v2\/media?parent=9449"}],"wp:term":[{"taxonomy":"category","embeddable":true,"href":"https:\/\/centralmedia.rs\/index.php\/wp-json\/wp\/v2\/categories?post=9449"},{"taxonomy":"post_tag","embeddable":true,"href":"https:\/\/centralmedia.rs\/index.php\/wp-json\/wp\/v2\/tags?post=9449"}],"curies":[{"name":"wp","href":"https:\/\/api.w.org\/{rel}","templated":true}]}}