{"id":9453,"date":"2017-09-08T12:47:57","date_gmt":"2017-09-08T12:47:57","guid":{"rendered":"http:\/\/centralmedia.rs\/?p=9453"},"modified":"2017-09-08T12:47:57","modified_gmt":"2017-09-08T12:47:57","slug":"maticev-sal-rastku-loncaru","status":"publish","type":"post","link":"https:\/\/centralmedia.rs\/index.php\/2017\/09\/08\/maticev-sal-rastku-loncaru\/","title":{"rendered":"\u201eMATI\u0106EV \u0160AL\u201c RASTKU LON\u010cARU"},"content":{"rendered":"<p>\u0106UPRIJA- Rastko Lon\u010dara iz Ka\u0107a dobitnik knji\u017eevne nagrade \u201eMati\u0107ev \u0161al\u201c za 2017. godinu, saop\u0161tio je danas \u017eiri. Njegova zbirka pesama pod nazivom \u201eNervi od volframa\u201c, po oceni \u017eirija, \u00a0najbolja je prvoobjavljena knjiga pesama autora do 27 godina. Sve\u010dana dodela nagrade bi\u0107e obavljena poslednjeg dana manifestacije, u sredu, 13. septembra u prostorijama biblioteke u 13 sati.<\/p>\n<p>-Elem, nakon &#8220;Stra\u017eilovske&#8221; nagrade, &#8220;Nervi od volframa&#8221; su dobili i &#8220;Mati\u0107ev \u0161al&#8221;, dodeljivan od strane Narodne biblioteke &#8220;Du\u0161an Mati\u0107&#8221; za najbolji pesni\u010dki prvenac u 2017. godini, pohvalio se na dru\u0161tvenim mre\u017eama Lon\u010dar posle informacije o dodeli nagrade.<br \/>\nKnjiga je objavljena u izdanju Brankovog kola iz Sremskih Karlovaca \u2013 Novog Sada. Stru\u010dni \u017eiri za dodelu nagrade zasedao je u sastavu:<br \/>\npredsednik Radomir Andri\u0107, knji\u017eevnik iz Beograda i predsednik Udru\u017eenja knji\u017eevnika Srbije i \u010dlanovi Petar \u017debeljan, knji\u017eevnik i novinar iz Beograda i Ljiljana \u0110or\u0111evi\u0107, v.d. direktora Biblioteke \u2013 \u010dlan \u017eirija. \u00a0Pre dodele nagrade bi\u0107e odr\u017ean okrugli sto na temu \u201eUvek prisutni Mati\u0107\u201c uz u\u010de\u0161\u0107e velikog broja knji\u017eevnika i intelektualaca iz cele Srbije.<\/p>\n<p>Ve\u010deras je otvaranje izlo\u017ebe umetni\u010dkih dela nastalih po motivima iz stvarala\u0161tva Du\u0161ana Mati\u0107a prispelih na konkurs &#8220;Mati\u0107u u \u010dast&#8221;. Izlo\u017eba \u0107e biti otvorena u 18 sati u\u00a0Muzeju &#8220;Horeum Margi Ravno&#8221; u \u0106upriji.<\/p>\n<p>U subotu u Muzi\u010dkoj \u0161koli &#8220;Du\u0161an Skovran&#8221; bi\u0107e odr\u017ean Koncert &#8220;Belgrade\u00a0dixieland or\u0107estra&#8221; a gost na koncertu \u0107e biti guda\u010dki kvartet \u0160kole za muzi\u010dke talente u Chupriji.<\/p>\n<p>U ponedeljak, u Narodnoj biblioteci u 17 sati bi\u0107e odr\u017eano poetsko ve\u010de &#8220;Ve\u010dni plamen&#8221;, a u\u010destvuju pesnici Jagodine, \u0106uprije, Para\u0107ina i drugih gradova a sat kasnije bi\u0107e prestavljena knjiga &#8220;Mati\u0107eva\u00a0ogledala&#8221;. Re\u010d je o zborniku radova i eseja sa okruglog stola 35. &#8220;Mati\u0107evih dana&#8221;.<\/p>\n<p>O knjizi \u0107e govoriti prof. dr Predrag Ja\u0161ovi\u0107 i knji\u017eevnik \u017divorad Djordjevi\u0107.<\/p>\n<p>U utorak, 12.septembra u Muzi\u010dkoj \u0161koli &#8220;Du\u0161an Skovran&#8221; u 11 sati, bi\u0107e izvedena predstava za decu &#8220;Ma \u0161ta mi re\u010de&#8221; Ljubivoja R\u0161umovi\u0107a.<\/p>\n<p>&#8220;Mati\u0107evi dani&#8221; se odr\u017eavaju pod pokroviteljstvom Ministarstva kulture i informisanja i Skup\u0161tine\u00a0op\u0161tine \u0106uprija.<\/p>\n<p>&nbsp;<\/p>\n<p>&nbsp;<\/p>\n","protected":false},"excerpt":{"rendered":"<p>\u0106UPRIJA- Rastko Lon\u010dara iz Ka\u0107a dobitnik knji\u017eevne nagrade \u201eMati\u0107ev \u0161al\u201c za 2017. godinu, saop\u0161tio je danas \u017eiri. Njegova zbirka pesama pod nazivom \u201eNervi od volframa\u201c, &hellip; <\/p>\n","protected":false},"author":4,"featured_media":9454,"comment_status":"open","ping_status":"open","sticky":false,"template":"","format":"standard","meta":{"footnotes":""},"categories":[1515,1524,2,15,887,12],"tags":[44,1223,2284],"_links":{"self":[{"href":"https:\/\/centralmedia.rs\/index.php\/wp-json\/wp\/v2\/posts\/9453"}],"collection":[{"href":"https:\/\/centralmedia.rs\/index.php\/wp-json\/wp\/v2\/posts"}],"about":[{"href":"https:\/\/centralmedia.rs\/index.php\/wp-json\/wp\/v2\/types\/post"}],"author":[{"embeddable":true,"href":"https:\/\/centralmedia.rs\/index.php\/wp-json\/wp\/v2\/users\/4"}],"replies":[{"embeddable":true,"href":"https:\/\/centralmedia.rs\/index.php\/wp-json\/wp\/v2\/comments?post=9453"}],"version-history":[{"count":1,"href":"https:\/\/centralmedia.rs\/index.php\/wp-json\/wp\/v2\/posts\/9453\/revisions"}],"predecessor-version":[{"id":9455,"href":"https:\/\/centralmedia.rs\/index.php\/wp-json\/wp\/v2\/posts\/9453\/revisions\/9455"}],"wp:featuredmedia":[{"embeddable":true,"href":"https:\/\/centralmedia.rs\/index.php\/wp-json\/wp\/v2\/media\/9454"}],"wp:attachment":[{"href":"https:\/\/centralmedia.rs\/index.php\/wp-json\/wp\/v2\/media?parent=9453"}],"wp:term":[{"taxonomy":"category","embeddable":true,"href":"https:\/\/centralmedia.rs\/index.php\/wp-json\/wp\/v2\/categories?post=9453"},{"taxonomy":"post_tag","embeddable":true,"href":"https:\/\/centralmedia.rs\/index.php\/wp-json\/wp\/v2\/tags?post=9453"}],"curies":[{"name":"wp","href":"https:\/\/api.w.org\/{rel}","templated":true}]}}